{"id":9227,"date":"2025-11-05T16:16:10","date_gmt":"2025-11-05T15:16:10","guid":{"rendered":"https:\/\/serveiseducatius.xtec.cat\/priorat\/?p=9227"},"modified":"2025-11-05T16:16:10","modified_gmt":"2025-11-05T15:16:10","slug":"premis-baldiri-25-26","status":"publish","type":"post","link":"https:\/\/serveiseducatius.xtec.cat\/priorat\/portada\/premis-baldiri-25-26\/","title":{"rendered":"Premis Baldiri 25-26"},"content":{"rendered":"<p><img loading=\"lazy\" decoding=\"async\" class=\"alignnone  wp-image-9228\" src=\"https:\/\/serveiseducatius.xtec.cat\/priorat\/wp-content\/uploads\/usu1129\/2025\/11\/BaldiriGeneric32ver2-1024x683.png\" alt=\"\" width=\"279\" height=\"186\" srcset=\"https:\/\/serveiseducatius.xtec.cat\/priorat\/wp-content\/uploads\/usu1129\/2025\/11\/BaldiriGeneric32ver2-1024x683.png 1024w, https:\/\/serveiseducatius.xtec.cat\/priorat\/wp-content\/uploads\/usu1129\/2025\/11\/BaldiriGeneric32ver2-300x200.png 300w, https:\/\/serveiseducatius.xtec.cat\/priorat\/wp-content\/uploads\/usu1129\/2025\/11\/BaldiriGeneric32ver2-768x512.png 768w, https:\/\/serveiseducatius.xtec.cat\/priorat\/wp-content\/uploads\/usu1129\/2025\/11\/BaldiriGeneric32ver2.png 1080w\" sizes=\"auto, (max-width: 279px) 100vw, 279px\" \/><\/p>\n<p>Benvolguts\/des,<\/p>\n<p>Des de la Fundaci\u00f3 Carulla, us volem informar que recentment hem llan\u00e7at la convocat\u00f2ria dels\u00a0<strong><u><a href=\"https:\/\/fundaciocarulla.cat\/premis-baldiri-reixac\/\" data-saferedirecturl=\"https:\/\/www.google.com\/url?q=https:\/\/fundaciocarulla.cat\/premis-baldiri-reixac\/&amp;source=gmail&amp;ust=1762440961886000&amp;usg=AOvVaw2NGwxvGvfugfRtzS-3pwVy\">Premis Baldiri 25-26<\/a><\/u><\/strong>\u00a0i us volem demanar\u00a0<strong>suport<\/strong>\u00a0per la seva\u00a0<strong>difusi\u00f3<\/strong>\u00a0entre els centres educatius del vostre entorn.<\/p>\n<p>Els Premis Baldiri van n\u00e9ixer fa 48 anys com una iniciativa d\u2019impuls i est\u00edmul a\u00a0<strong>l&#8217;escola i a la llengua catalana<\/strong>\u00a0i, ara, busca recon\u00e8ixer i impulsar projectes de centres educatius que, mitjan\u00e7ant llenguatges art\u00edstics, fomentin l&#8217;\u00fas de la llengua catalana i la soluci\u00f3 de diferents reptes.<\/p>\n<p>En aquest sentit, volem arribar a\u00a0<strong>tot el territori de parla catalana<\/strong>\u00a0i animar als centres que es presentin, tant si ja tenen projectes desenvolupats com si nom\u00e9s tenen una idea i la volen fer realitat.<\/p>\n<p>Els premis compten amb tres categories:<\/p>\n<ol>\n<li><strong>Baldiri Arts i Llengua<\/strong>: 8 premis de 3.500 \u20ac + sessions d&#8217;acompanyament<\/li>\n<li><strong>Baldiri Experi\u00e8ncies<\/strong>: 20 premis de 600 \u20ac en material escolar (Abacus)<\/li>\n<li><strong>Baldiri Escola Transformadora<\/strong>: Un premi de 4.500 \u20ac + formar part del jurat d\u2019Els Baldiri 2026-2027. Se seleccionar\u00e0 d&#8217;entre les escoles guanyadores de les altres categories.<\/li>\n<\/ol>\n<p>Si podeu, doncs, fer arribar aquesta informaci\u00f3 als centres educatius del vostre entorn, fant\u00e0stic. Per facilitar-ho, us enviem:<\/p>\n<ul>\n<li>Imatges<\/li>\n<li>Nota de premsa<\/li>\n<li><strong>Text per al mailing o p\u00e0gina web, a continuaci\u00f3:<\/strong><\/li>\n<\/ul>\n<p>Per a escoles i mestres compromesos, valents i creatius\u2026\u00a0<strong>Tornen Els Baldiri amb 44.000 \u20ac<\/strong>\u00a0<strong>en premis<\/strong>\u00a0per a escoles amb projectes d\u2019arts, llengua i educaci\u00f3!<\/p>\n<ul>\n<li><strong><u><a href=\"https:\/\/fundaciocarulla.cat\/premis-baldiri-reixac\/baldiri-arts-i-llengua\/\" data-saferedirecturl=\"https:\/\/www.google.com\/url?q=https:\/\/fundaciocarulla.cat\/premis-baldiri-reixac\/baldiri-arts-i-llengua\/&amp;source=gmail&amp;ust=1762440961886000&amp;usg=AOvVaw2Y0ohMfpN2OkrVhD6ROvLe\">Baldiri Arts i Llengua<\/a><\/u><\/strong>\u00a0\u2013\u00a0<strong>8 premis de 3.500 \u20ac<\/strong>: a projectes educatius que promoguin l\u2019\u00fas social de la llengua catalana des dels llenguatges art\u00edstics.<\/li>\n<li><strong><u><a href=\"https:\/\/fundaciocarulla.cat\/premis-baldiri-reixac\/baldiri-experiencies\/\" data-saferedirecturl=\"https:\/\/www.google.com\/url?q=https:\/\/fundaciocarulla.cat\/premis-baldiri-reixac\/baldiri-experiencies\/&amp;source=gmail&amp;ust=1762440961886000&amp;usg=AOvVaw1Kj4QnTF_3My-vKQ5M4BW4\">Baldiri Experi\u00e8ncies<\/a><\/u><\/strong><strong>\u00a0\u2013 20 premis de 600 \u20ac<\/strong>: a experi\u00e8ncies d\u2019aprenentatge innovadores mitjan\u00e7ant la creativitat i les arts.<\/li>\n<li><strong><u><a href=\"https:\/\/fundaciocarulla.cat\/premis-baldiri-reixac\/baldiri-escola-transformadora\/\" data-saferedirecturl=\"https:\/\/www.google.com\/url?q=https:\/\/fundaciocarulla.cat\/premis-baldiri-reixac\/baldiri-escola-transformadora\/&amp;source=gmail&amp;ust=1762440961886000&amp;usg=AOvVaw1XMJ9jYLIxgPEpZ1Lt-FaD\">Baldiri Escola<\/a><\/u><\/strong><strong>\u00a0\u2013 1 premi de 4.500 \u20ac:<\/strong> a centres compromesos amb la cultura, la llengua i les arts com a motors de transformaci\u00f3 educativa.<\/li>\n<\/ul>\n<p><strong>Fem que les arts transformin l\u2019escola. Fem Baldiri!<\/strong><\/p>\n<p><strong><u><a href=\"https:\/\/fundaciocarulla.cat\/premis-baldiri-reixac\/\" data-saferedirecturl=\"https:\/\/www.google.com\/url?q=https:\/\/fundaciocarulla.cat\/premis-baldiri-reixac\/&amp;source=gmail&amp;ust=1762440961886000&amp;usg=AOvVaw2NGwxvGvfugfRtzS-3pwVy\">INFORMACI\u00d3 I INSCRIPCIONS<\/a><\/u><\/strong><\/p>\n<p><strong>No sabeu si el vostre projecte \u00e9s Baldiri?<\/strong>\u00a0Contacteu amb nosaltres per correu electr\u00f2nic o tel\u00e8fon i us assessorarem en quina categoria podria encaixar. No perdeu l\u2019oportunitat d\u2019impulsar els vostres projectes!<\/p>\n<p>&nbsp;<\/p>\n<p><strong><u><a href=\"mailto:elsbaldiri@fundaciocarulla.cat\">elsbaldiri@fundaciocarulla.cat<\/a><\/u><\/strong><\/p>\n<ol>\n<li><strong> 667 150 013<\/strong><\/li>\n<\/ol>\n<p>De dilluns a divendres, de 9 a 14 h<\/p>\n<p>La convocat\u00f2ria estar\u00e0 oberta fins al dia\u00a0<strong>26 de gener del 2026<\/strong>.<\/p>\n<p>Moltes gr\u00e0cies i estem a la vostra disposici\u00f3 per a qualsevol consulta.<\/p>\n<p>Salutacions,<\/p>\n<p>&nbsp;<\/p>\n<p><strong>Oficina t\u00e8cnica dels Baldiri<\/strong><\/p>\n<p>Tel\u00e8fon:\u00a0667 150 013<\/p>\n<p><a href=\"https:\/\/www.google.com\/maps\/search\/C%2F+Almog%C3%A0vers,%0D%0A214.+08018+Barcelona?entry=gmail&amp;source=g\" data-saferedirecturl=\"https:\/\/www.google.com\/url?q=https:\/\/www.google.com\/maps\/search\/C%252F%2BAlmog%25C3%25A0vers,%250D%250A214.%2B08018%2BBarcelona?entry%3Dgmail%26source%3Dg&amp;source=gmail&amp;ust=1762440961886000&amp;usg=AOvVaw0JJ8F8Lh99lbg86GNANK0w\">C\/ Almog\u00e0vers, 214. 08018 Barcelona<\/a><\/p>\n","protected":false},"excerpt":{"rendered":"<p>Benvolguts\/des, Des de la Fundaci\u00f3 Carulla, us volem informar que recentment hem llan\u00e7at la convocat\u00f2ria dels\u00a0Premis Baldiri 25-26\u00a0i us volem demanar\u00a0suport\u00a0per la seva\u00a0difusi\u00f3\u00a0entre els centres educatius del vostre entorn. Els Premis Baldiri van n\u00e9ixer fa 48 anys com una iniciativa d\u2019impuls i est\u00edmul a\u00a0l&#8217;escola i a la llengua catalana\u00a0i, ara, busca recon\u00e8ixer i impulsar projectes [&hellip;]<\/p>\n","protected":false},"author":1,"featured_media":9228,"comment_status":"open","ping_status":"open","sticky":false,"template":"","format":"standard","meta":{"_bbp_topic_count":0,"_bbp_reply_count":0,"_bbp_total_topic_count":0,"_bbp_total_reply_count":0,"_bbp_voice_count":0,"_bbp_anonymous_reply_count":0,"_bbp_topic_count_hidden":0,"_bbp_reply_count_hidden":0,"_bbp_forum_subforum_count":0,"site-sidebar-layout":"default","site-content-layout":"","ast-site-content-layout":"default","site-content-style":"default","site-sidebar-style":"default","ast-global-header-display":"","ast-banner-title-visibility":"","ast-main-header-display":"","ast-hfb-above-header-display":"","ast-hfb-below-header-display":"","ast-hfb-mobile-header-display":"","site-post-title":"","ast-breadcrumbs-content":"","ast-featured-img":"","footer-sml-layout":"","theme-transparent-header-meta":"default","adv-header-id-meta":"","stick-header-meta":"","header-above-stick-meta":"","header-main-stick-meta":"","header-below-stick-meta":"","astra-migrate-meta-layouts":"set","ast-page-background-enabled":"default","ast-page-background-meta":{"desktop":{"background-color":"var(--ast-global-color-4)","background-image":"","background-repeat":"repeat","background-position":"center center","background-size":"auto","background-attachment":"scroll","background-type":"","background-media":"","overlay-type":"","overlay-color":"","overlay-opacity":"","overlay-gradient":""},"tablet":{"background-color":"","background-image":"","background-repeat":"repeat","background-position":"center center","background-size":"auto","background-attachment":"scroll","background-type":"","background-media":"","overlay-type":"","overlay-color":"","overlay-opacity":"","overlay-gradient":""},"mobile":{"background-color":"","background-image":"","background-repeat":"repeat","background-position":"center center","background-size":"auto","background-attachment":"scroll","background-type":"","background-media":"","overlay-type":"","overlay-color":"","overlay-opacity":"","overlay-gradient":""}},"ast-content-background-meta":{"desktop":{"background-color":"var(--ast-global-color-5)","background-image":"","background-repeat":"repeat","background-position":"center center","background-size":"auto","background-attachment":"scroll","background-type":"","background-media":"","overlay-type":"","overlay-color":"","overlay-opacity":"","overlay-gradient":""},"tablet":{"background-color":"var(--ast-global-color-5)","background-image":"","background-repeat":"repeat","background-position":"center center","background-size":"auto","background-attachment":"scroll","background-type":"","background-media":"","overlay-type":"","overlay-color":"","overlay-opacity":"","overlay-gradient":""},"mobile":{"background-color":"var(--ast-global-color-5)","background-image":"","background-repeat":"repeat","background-position":"center center","background-size":"auto","background-attachment":"scroll","background-type":"","background-media":"","overlay-type":"","overlay-color":"","overlay-opacity":"","overlay-gradient":""}},"footnotes":""},"categories":[29],"tags":[],"class_list":["post-9227","post","type-post","status-publish","format-standard","has-post-thumbnail","hentry","category-portada"],"post_mailing_queue_ids":[],"_links":{"self":[{"href":"https:\/\/serveiseducatius.xtec.cat\/priorat\/wp-json\/wp\/v2\/posts\/9227","targetHints":{"allow":["GET"]}}],"collection":[{"href":"https:\/\/serveiseducatius.xtec.cat\/priorat\/wp-json\/wp\/v2\/posts"}],"about":[{"href":"https:\/\/serveiseducatius.xtec.cat\/priorat\/wp-json\/wp\/v2\/types\/post"}],"author":[{"embeddable":true,"href":"https:\/\/serveiseducatius.xtec.cat\/priorat\/wp-json\/wp\/v2\/users\/1"}],"replies":[{"embeddable":true,"href":"https:\/\/serveiseducatius.xtec.cat\/priorat\/wp-json\/wp\/v2\/comments?post=9227"}],"version-history":[{"count":1,"href":"https:\/\/serveiseducatius.xtec.cat\/priorat\/wp-json\/wp\/v2\/posts\/9227\/revisions"}],"predecessor-version":[{"id":9229,"href":"https:\/\/serveiseducatius.xtec.cat\/priorat\/wp-json\/wp\/v2\/posts\/9227\/revisions\/9229"}],"wp:featuredmedia":[{"embeddable":true,"href":"https:\/\/serveiseducatius.xtec.cat\/priorat\/wp-json\/wp\/v2\/media\/9228"}],"wp:attachment":[{"href":"https:\/\/serveiseducatius.xtec.cat\/priorat\/wp-json\/wp\/v2\/media?parent=9227"}],"wp:term":[{"taxonomy":"category","embeddable":true,"href":"https:\/\/serveiseducatius.xtec.cat\/priorat\/wp-json\/wp\/v2\/categories?post=9227"},{"taxonomy":"post_tag","embeddable":true,"href":"https:\/\/serveiseducatius.xtec.cat\/priorat\/wp-json\/wp\/v2\/tags?post=9227"}],"curies":[{"name":"wp","href":"https:\/\/api.w.org\/{rel}","templated":true}]}}