{"id":9215,"date":"2025-11-05T16:04:24","date_gmt":"2025-11-05T15:04:24","guid":{"rendered":"https:\/\/serveiseducatius.xtec.cat\/priorat\/?p=9215"},"modified":"2025-11-05T16:04:24","modified_gmt":"2025-11-05T15:04:24","slug":"practiques-educatives-projectes-dinnovacio-i-suport-a-les-iniciatives-del-vostre-centre-vinculades-a-la-millora-dels-resultats-educatius","status":"publish","type":"post","link":"https:\/\/serveiseducatius.xtec.cat\/priorat\/portada\/practiques-educatives-projectes-dinnovacio-i-suport-a-les-iniciatives-del-vostre-centre-vinculades-a-la-millora-dels-resultats-educatius\/","title":{"rendered":"Pr\u00e0ctiques educatives, projectes d&#8217;innovaci\u00f3 i suport a les iniciatives del vostre centre vinculades a la millora dels resultats educatius"},"content":{"rendered":"<div><img loading=\"lazy\" decoding=\"async\" class=\"alignnone size-large wp-image-9219\" src=\"https:\/\/serveiseducatius.xtec.cat\/priorat\/wp-content\/uploads\/usu1129\/2025\/11\/image-1024x300.png\" alt=\"\" width=\"1024\" height=\"300\" srcset=\"https:\/\/serveiseducatius.xtec.cat\/priorat\/wp-content\/uploads\/usu1129\/2025\/11\/image-1024x300.png 1024w, https:\/\/serveiseducatius.xtec.cat\/priorat\/wp-content\/uploads\/usu1129\/2025\/11\/image-300x88.png 300w, https:\/\/serveiseducatius.xtec.cat\/priorat\/wp-content\/uploads\/usu1129\/2025\/11\/image-768x225.png 768w, https:\/\/serveiseducatius.xtec.cat\/priorat\/wp-content\/uploads\/usu1129\/2025\/11\/image.png 1086w\" sizes=\"auto, (max-width: 1024px) 100vw, 1024px\" \/><\/div>\n<div>Aquest mes s&#8217;ha publicat la resoluci\u00f3\u00a0<a id=\"m_655025096369214444OWA7a7c3a05-15be-a6c1-40d3-092fa6ed3da0\" href=\"https:\/\/dogc.gencat.cat\/ca\/document-del-dogc\/?documentId=1027771\" target=\"_blank\" rel=\"noopener\" data-saferedirecturl=\"https:\/\/www.google.com\/url?q=https:\/\/dogc.gencat.cat\/ca\/document-del-dogc\/?documentId%3D1027771&amp;source=gmail&amp;ust=1762440960109000&amp;usg=AOvVaw2-gJPYxOQ9yQzfbWnLAWyn\">EDF\/3819\/2025<\/a>\u00a0amb la convocat\u00f2ria per al reconeixement\u00a0de les <strong><a style=\"font-size: 16px; font-style: normal; font-weight: 400;\" href=\"https:\/\/serveiseducatius.xtec.cat\/priorat\/wp-content\/uploads\/usu1129\/2025\/11\/Practiques.pdf\">Pr\u00e0ctiques<\/a>\u00a0<\/strong><b style=\"font-style: inherit;\">educatives<\/b><span style=\"font-size: 16px;\">, dels<\/span><b style=\"font-style: inherit;\"> <b><a href=\"https:\/\/serveiseducatius.xtec.cat\/priorat\/wp-content\/uploads\/usu1129\/2025\/11\/projectes.pdf\">projectes<\/a><\/b> d&#8217;innovaci\u00f3 <\/b><span style=\"font-size: 16px;\">i\u00a0 [NOVETAT] el <b><a href=\"https:\/\/serveiseducatius.xtec.cat\/priorat\/wp-content\/uploads\/usu1129\/2025\/11\/Suport-Innovacio.pdf\">Suport Innovaci\u00f3<\/a><\/b> <\/span><b style=\"font-style: inherit;\">a les iniciatives del vostre centre vinculades a la millora dels resultats educatius.\u00a0<\/b><\/div>\n<div><\/div>\n<div>Compartim amb vosaltres 3 infografies (<strong><a style=\"font-size: 16px; font-style: normal; font-weight: 400;\" href=\"https:\/\/serveiseducatius.xtec.cat\/priorat\/wp-content\/uploads\/usu1129\/2025\/11\/Practiques.pdf\">Pr\u00e0ctiques, <b style=\"font-style: inherit;\"><b><a href=\"https:\/\/serveiseducatius.xtec.cat\/priorat\/wp-content\/uploads\/usu1129\/2025\/11\/projectes.pdf\">projectes<\/a> i <span style=\"font-size: 16px;\"><a href=\"https:\/\/serveiseducatius.xtec.cat\/priorat\/wp-content\/uploads\/usu1129\/2025\/11\/Suport-Innovacio.pdf\">Suport Innovaci\u00f3<\/a>)<\/span><\/b> <\/b><\/a><\/strong>\u00a0amb tota la informaci\u00f3 perqu\u00e8 pensem que \u00e9s una bona oportunitat per poder treure profit de tota la feina que esteu fent al centre i rebre el reconeixement i la certificaci\u00f3 de la innovaci\u00f3 per m\u00e8rits.<\/div>\n<div><\/div>\n<div>Sobretot, reviseu el calendari per la presentaci\u00f3 de la documentaci\u00f3 requerida que trobareu al<a id=\"m_655025096369214444OWA3e526f61-bd8c-bda4-cbfb-5192c2ae476e\" href=\"https:\/\/espai.educacio.gencat.cat\/Centres\/Innovacio-pedagogica\/Pagines\/default.aspx\" target=\"_blank\" rel=\"noopener\" data-saferedirecturl=\"https:\/\/www.google.com\/url?q=https:\/\/espai.educacio.gencat.cat\/Centres\/Innovacio-pedagogica\/Pagines\/default.aspx&amp;source=gmail&amp;ust=1762440960110000&amp;usg=AOvVaw0vf-HY9R4qOnPek3jdhJpW\">\u00a0Portal de Centre.<\/a><\/div>\n<div><\/div>\n<div>Per a qualsevol aclariment o acompanyament\u00a0per fer la sol\u00b7licitud, contacteu amb N\u00faria vaqu\u00e9s,\u00a0<a id=\"m_655025096369214444OWA4ea84792-6b9c-ce2b-cc0b-262e84ef5d9b\" href=\"mailto:nvaques@xtec.cat\" target=\"_blank\" rel=\"noopener\">nvaques@xtec.cat<\/a><\/div>\n","protected":false},"excerpt":{"rendered":"<p>Aquest mes s&#8217;ha publicat la resoluci\u00f3\u00a0EDF\/3819\/2025\u00a0amb la convocat\u00f2ria per al reconeixement\u00a0de les Pr\u00e0ctiques\u00a0educatives, dels projectes d&#8217;innovaci\u00f3 i\u00a0 [NOVETAT] el Suport Innovaci\u00f3 a les iniciatives del vostre centre vinculades a la millora dels resultats educatius.\u00a0 Compartim amb vosaltres 3 infografies (Pr\u00e0ctiques, projectes i Suport Innovaci\u00f3) \u00a0amb tota la informaci\u00f3 perqu\u00e8 pensem que \u00e9s una bona oportunitat [&hellip;]<\/p>\n","protected":false},"author":1,"featured_media":9219,"comment_status":"open","ping_status":"open","sticky":false,"template":"","format":"standard","meta":{"_bbp_topic_count":0,"_bbp_reply_count":0,"_bbp_total_topic_count":0,"_bbp_total_reply_count":0,"_bbp_voice_count":0,"_bbp_anonymous_reply_count":0,"_bbp_topic_count_hidden":0,"_bbp_reply_count_hidden":0,"_bbp_forum_subforum_count":0,"site-sidebar-layout":"default","site-content-layout":"","ast-site-content-layout":"default","site-content-style":"default","site-sidebar-style":"default","ast-global-header-display":"","ast-banner-title-visibility":"","ast-main-header-display":"","ast-hfb-above-header-display":"","ast-hfb-below-header-display":"","ast-hfb-mobile-header-display":"","site-post-title":"","ast-breadcrumbs-content":"","ast-featured-img":"","footer-sml-layout":"","theme-transparent-header-meta":"default","adv-header-id-meta":"","stick-header-meta":"","header-above-stick-meta":"","header-main-stick-meta":"","header-below-stick-meta":"","astra-migrate-meta-layouts":"set","ast-page-background-enabled":"default","ast-page-background-meta":{"desktop":{"background-color":"var(--ast-global-color-4)","background-image":"","background-repeat":"repeat","background-position":"center center","background-size":"auto","background-attachment":"scroll","background-type":"","background-media":"","overlay-type":"","overlay-color":"","overlay-opacity":"","overlay-gradient":""},"tablet":{"background-color":"","background-image":"","background-repeat":"repeat","background-position":"center center","background-size":"auto","background-attachment":"scroll","background-type":"","background-media":"","overlay-type":"","overlay-color":"","overlay-opacity":"","overlay-gradient":""},"mobile":{"background-color":"","background-image":"","background-repeat":"repeat","background-position":"center center","background-size":"auto","background-attachment":"scroll","background-type":"","background-media":"","overlay-type":"","overlay-color":"","overlay-opacity":"","overlay-gradient":""}},"ast-content-background-meta":{"desktop":{"background-color":"var(--ast-global-color-5)","background-image":"","background-repeat":"repeat","background-position":"center center","background-size":"auto","background-attachment":"scroll","background-type":"","background-media":"","overlay-type":"","overlay-color":"","overlay-opacity":"","overlay-gradient":""},"tablet":{"background-color":"var(--ast-global-color-5)","background-image":"","background-repeat":"repeat","background-position":"center center","background-size":"auto","background-attachment":"scroll","background-type":"","background-media":"","overlay-type":"","overlay-color":"","overlay-opacity":"","overlay-gradient":""},"mobile":{"background-color":"var(--ast-global-color-5)","background-image":"","background-repeat":"repeat","background-position":"center center","background-size":"auto","background-attachment":"scroll","background-type":"","background-media":"","overlay-type":"","overlay-color":"","overlay-opacity":"","overlay-gradient":""}},"footnotes":""},"categories":[29],"tags":[],"class_list":["post-9215","post","type-post","status-publish","format-standard","has-post-thumbnail","hentry","category-portada"],"post_mailing_queue_ids":[],"_links":{"self":[{"href":"https:\/\/serveiseducatius.xtec.cat\/priorat\/wp-json\/wp\/v2\/posts\/9215","targetHints":{"allow":["GET"]}}],"collection":[{"href":"https:\/\/serveiseducatius.xtec.cat\/priorat\/wp-json\/wp\/v2\/posts"}],"about":[{"href":"https:\/\/serveiseducatius.xtec.cat\/priorat\/wp-json\/wp\/v2\/types\/post"}],"author":[{"embeddable":true,"href":"https:\/\/serveiseducatius.xtec.cat\/priorat\/wp-json\/wp\/v2\/users\/1"}],"replies":[{"embeddable":true,"href":"https:\/\/serveiseducatius.xtec.cat\/priorat\/wp-json\/wp\/v2\/comments?post=9215"}],"version-history":[{"count":1,"href":"https:\/\/serveiseducatius.xtec.cat\/priorat\/wp-json\/wp\/v2\/posts\/9215\/revisions"}],"predecessor-version":[{"id":9220,"href":"https:\/\/serveiseducatius.xtec.cat\/priorat\/wp-json\/wp\/v2\/posts\/9215\/revisions\/9220"}],"wp:featuredmedia":[{"embeddable":true,"href":"https:\/\/serveiseducatius.xtec.cat\/priorat\/wp-json\/wp\/v2\/media\/9219"}],"wp:attachment":[{"href":"https:\/\/serveiseducatius.xtec.cat\/priorat\/wp-json\/wp\/v2\/media?parent=9215"}],"wp:term":[{"taxonomy":"category","embeddable":true,"href":"https:\/\/serveiseducatius.xtec.cat\/priorat\/wp-json\/wp\/v2\/categories?post=9215"},{"taxonomy":"post_tag","embeddable":true,"href":"https:\/\/serveiseducatius.xtec.cat\/priorat\/wp-json\/wp\/v2\/tags?post=9215"}],"curies":[{"name":"wp","href":"https:\/\/api.w.org\/{rel}","templated":true}]}}