{"id":9187,"date":"2025-10-13T10:13:23","date_gmt":"2025-10-13T08:13:23","guid":{"rendered":"https:\/\/serveiseducatius.xtec.cat\/priorat\/?p=9187"},"modified":"2025-11-14T10:30:57","modified_gmt":"2025-11-14T09:30:57","slug":"programa-de-certificacio-dels-coneixements-de-llengues","status":"publish","type":"post","link":"https:\/\/serveiseducatius.xtec.cat\/priorat\/portada\/programa-de-certificacio-dels-coneixements-de-llengues\/","title":{"rendered":"Programa de certificaci\u00f3 dels coneixements de lleng\u00fces"},"content":{"rendered":"<p>&nbsp;<\/p>\n<p><img loading=\"lazy\" decoding=\"async\" class=\"alignnone wp-image-9188\" src=\"https:\/\/serveiseducatius.xtec.cat\/priorat\/wp-content\/uploads\/usu1129\/2025\/10\/angles.png\" alt=\"\" width=\"197\" height=\"197\" srcset=\"https:\/\/serveiseducatius.xtec.cat\/priorat\/wp-content\/uploads\/usu1129\/2025\/10\/angles.png 791w, https:\/\/serveiseducatius.xtec.cat\/priorat\/wp-content\/uploads\/usu1129\/2025\/10\/angles-300x300.png 300w, https:\/\/serveiseducatius.xtec.cat\/priorat\/wp-content\/uploads\/usu1129\/2025\/10\/angles-150x150.png 150w, https:\/\/serveiseducatius.xtec.cat\/priorat\/wp-content\/uploads\/usu1129\/2025\/10\/angles-768x768.png 768w\" sizes=\"auto, (max-width: 197px) 100vw, 197px\" \/><\/p>\n<p>El Departament obre convocat\u00f2ria p\u00fablica per a la selecci\u00f3 de centres interessats a formar part del Programa de certificaci\u00f3 dels coneixements de lleng\u00fces estrangeres (<a href=\"https:\/\/espai.educacio.gencat.cat\/Centres\/Projectes-educatius\/Llengues-estrangeres\/Suport-certificacio-coneixements-llengues\/Pagines\/default.aspx\">enlla\u00e7<\/a>) en determinats ensenyaments a partir del curs 2025-2026.<\/p>\n<p>Recordeu que la convocat\u00f2ria acaba el 16 d&#8217;octubre.<\/p>\n<p>La finalitat \u00e9s fomentar\u00a0la certificaci\u00f3 dels coneixements de llengua estrangera adquirits per l&#8217;alumnat de determinats ensenyaments,\u00a0amb el suport de les Escoles Oficials d&#8217;Idiomes, per tal\u00a0<strong>d&#8217;<\/strong><strong>afavorir\u00a0el progr\u00e9s del rendiment acad\u00e8mic en les lleng\u00fces estrangeres i la millora de la transpar\u00e8ncia de les compet\u00e8ncies adquirides.<\/strong><\/p>\n<p>&nbsp;<\/p>\n<p>&nbsp;<\/p>\n","protected":false},"excerpt":{"rendered":"<p>&nbsp; El Departament obre convocat\u00f2ria p\u00fablica per a la selecci\u00f3 de centres interessats a formar part del Programa de certificaci\u00f3 dels coneixements de lleng\u00fces estrangeres (enlla\u00e7) en determinats ensenyaments a partir del curs 2025-2026. Recordeu que la convocat\u00f2ria acaba el 16 d&#8217;octubre. La finalitat \u00e9s fomentar\u00a0la certificaci\u00f3 dels coneixements de llengua estrangera adquirits per l&#8217;alumnat [&hellip;]<\/p>\n","protected":false},"author":1,"featured_media":9188,"comment_status":"open","ping_status":"open","sticky":false,"template":"","format":"standard","meta":{"_bbp_topic_count":0,"_bbp_reply_count":0,"_bbp_total_topic_count":0,"_bbp_total_reply_count":0,"_bbp_voice_count":0,"_bbp_anonymous_reply_count":0,"_bbp_topic_count_hidden":0,"_bbp_reply_count_hidden":0,"_bbp_forum_subforum_count":0,"site-sidebar-layout":"default","site-content-layout":"","ast-site-content-layout":"default","site-content-style":"default","site-sidebar-style":"default","ast-global-header-display":"","ast-banner-title-visibility":"","ast-main-header-display":"","ast-hfb-above-header-display":"","ast-hfb-below-header-display":"","ast-hfb-mobile-header-display":"","site-post-title":"","ast-breadcrumbs-content":"","ast-featured-img":"","footer-sml-layout":"","theme-transparent-header-meta":"default","adv-header-id-meta":"","stick-header-meta":"","header-above-stick-meta":"","header-main-stick-meta":"","header-below-stick-meta":"","astra-migrate-meta-layouts":"set","ast-page-background-enabled":"default","ast-page-background-meta":{"desktop":{"background-color":"var(--ast-global-color-4)","background-image":"","background-repeat":"repeat","background-position":"center center","background-size":"auto","background-attachment":"scroll","background-type":"","background-media":"","overlay-type":"","overlay-color":"","overlay-opacity":"","overlay-gradient":""},"tablet":{"background-color":"","background-image":"","background-repeat":"repeat","background-position":"center center","background-size":"auto","background-attachment":"scroll","background-type":"","background-media":"","overlay-type":"","overlay-color":"","overlay-opacity":"","overlay-gradient":""},"mobile":{"background-color":"","background-image":"","background-repeat":"repeat","background-position":"center center","background-size":"auto","background-attachment":"scroll","background-type":"","background-media":"","overlay-type":"","overlay-color":"","overlay-opacity":"","overlay-gradient":""}},"ast-content-background-meta":{"desktop":{"background-color":"var(--ast-global-color-5)","background-image":"","background-repeat":"repeat","background-position":"center center","background-size":"auto","background-attachment":"scroll","background-type":"","background-media":"","overlay-type":"","overlay-color":"","overlay-opacity":"","overlay-gradient":""},"tablet":{"background-color":"var(--ast-global-color-5)","background-image":"","background-repeat":"repeat","background-position":"center center","background-size":"auto","background-attachment":"scroll","background-type":"","background-media":"","overlay-type":"","overlay-color":"","overlay-opacity":"","overlay-gradient":""},"mobile":{"background-color":"var(--ast-global-color-5)","background-image":"","background-repeat":"repeat","background-position":"center center","background-size":"auto","background-attachment":"scroll","background-type":"","background-media":"","overlay-type":"","overlay-color":"","overlay-opacity":"","overlay-gradient":""}},"footnotes":""},"categories":[68,29],"tags":[],"class_list":["post-9187","post","type-post","status-publish","format-standard","has-post-thumbnail","hentry","category-elic","category-portada"],"post_mailing_queue_ids":[],"_links":{"self":[{"href":"https:\/\/serveiseducatius.xtec.cat\/priorat\/wp-json\/wp\/v2\/posts\/9187","targetHints":{"allow":["GET"]}}],"collection":[{"href":"https:\/\/serveiseducatius.xtec.cat\/priorat\/wp-json\/wp\/v2\/posts"}],"about":[{"href":"https:\/\/serveiseducatius.xtec.cat\/priorat\/wp-json\/wp\/v2\/types\/post"}],"author":[{"embeddable":true,"href":"https:\/\/serveiseducatius.xtec.cat\/priorat\/wp-json\/wp\/v2\/users\/1"}],"replies":[{"embeddable":true,"href":"https:\/\/serveiseducatius.xtec.cat\/priorat\/wp-json\/wp\/v2\/comments?post=9187"}],"version-history":[{"count":1,"href":"https:\/\/serveiseducatius.xtec.cat\/priorat\/wp-json\/wp\/v2\/posts\/9187\/revisions"}],"predecessor-version":[{"id":9189,"href":"https:\/\/serveiseducatius.xtec.cat\/priorat\/wp-json\/wp\/v2\/posts\/9187\/revisions\/9189"}],"wp:featuredmedia":[{"embeddable":true,"href":"https:\/\/serveiseducatius.xtec.cat\/priorat\/wp-json\/wp\/v2\/media\/9188"}],"wp:attachment":[{"href":"https:\/\/serveiseducatius.xtec.cat\/priorat\/wp-json\/wp\/v2\/media?parent=9187"}],"wp:term":[{"taxonomy":"category","embeddable":true,"href":"https:\/\/serveiseducatius.xtec.cat\/priorat\/wp-json\/wp\/v2\/categories?post=9187"},{"taxonomy":"post_tag","embeddable":true,"href":"https:\/\/serveiseducatius.xtec.cat\/priorat\/wp-json\/wp\/v2\/tags?post=9187"}],"curies":[{"name":"wp","href":"https:\/\/api.w.org\/{rel}","templated":true}]}}