{"id":9084,"date":"2025-06-11T16:05:18","date_gmt":"2025-06-11T14:05:18","guid":{"rendered":"https:\/\/serveiseducatius.xtec.cat\/priorat\/?p=9084"},"modified":"2025-06-11T16:05:35","modified_gmt":"2025-06-11T14:05:35","slug":"vii-intercanvi-dexperiencies-curs-2024-25","status":"publish","type":"post","link":"https:\/\/serveiseducatius.xtec.cat\/priorat\/portada\/vii-intercanvi-dexperiencies-curs-2024-25\/","title":{"rendered":"VII Intercanvi d&#8217;experi\u00e8ncies Curs 2024-25"},"content":{"rendered":"<p>&nbsp;<\/p>\n<p><img loading=\"lazy\" decoding=\"async\" class=\"alignnone wp-image-9086\" src=\"https:\/\/serveiseducatius.xtec.cat\/priorat\/wp-content\/uploads\/usu1129\/2025\/06\/IMG_20250610_164855-1024x768.jpg\" alt=\"\" width=\"242\" height=\"181\" srcset=\"https:\/\/serveiseducatius.xtec.cat\/priorat\/wp-content\/uploads\/usu1129\/2025\/06\/IMG_20250610_164855-1024x768.jpg 1024w, https:\/\/serveiseducatius.xtec.cat\/priorat\/wp-content\/uploads\/usu1129\/2025\/06\/IMG_20250610_164855-300x225.jpg 300w, https:\/\/serveiseducatius.xtec.cat\/priorat\/wp-content\/uploads\/usu1129\/2025\/06\/IMG_20250610_164855-768x576.jpg 768w, https:\/\/serveiseducatius.xtec.cat\/priorat\/wp-content\/uploads\/usu1129\/2025\/06\/IMG_20250610_164855-1536x1152.jpg 1536w, https:\/\/serveiseducatius.xtec.cat\/priorat\/wp-content\/uploads\/usu1129\/2025\/06\/IMG_20250610_164855-2048x1536.jpg 2048w, https:\/\/serveiseducatius.xtec.cat\/priorat\/wp-content\/uploads\/usu1129\/2025\/06\/IMG_20250610_164855-200x150.jpg 200w\" sizes=\"auto, (max-width: 242px) 100vw, 242px\" \/><\/p>\n<p><img loading=\"lazy\" decoding=\"async\" class=\"alignnone wp-image-9087\" src=\"https:\/\/serveiseducatius.xtec.cat\/priorat\/wp-content\/uploads\/usu1129\/2025\/06\/IMG_20250610_171007-1024x768.jpg\" alt=\"\" width=\"242\" height=\"181\" srcset=\"https:\/\/serveiseducatius.xtec.cat\/priorat\/wp-content\/uploads\/usu1129\/2025\/06\/IMG_20250610_171007-1024x768.jpg 1024w, https:\/\/serveiseducatius.xtec.cat\/priorat\/wp-content\/uploads\/usu1129\/2025\/06\/IMG_20250610_171007-300x225.jpg 300w, https:\/\/serveiseducatius.xtec.cat\/priorat\/wp-content\/uploads\/usu1129\/2025\/06\/IMG_20250610_171007-768x576.jpg 768w, https:\/\/serveiseducatius.xtec.cat\/priorat\/wp-content\/uploads\/usu1129\/2025\/06\/IMG_20250610_171007-1536x1152.jpg 1536w, https:\/\/serveiseducatius.xtec.cat\/priorat\/wp-content\/uploads\/usu1129\/2025\/06\/IMG_20250610_171007-2048x1536.jpg 2048w, https:\/\/serveiseducatius.xtec.cat\/priorat\/wp-content\/uploads\/usu1129\/2025\/06\/IMG_20250610_171007-200x150.jpg 200w\" sizes=\"auto, (max-width: 242px) 100vw, 242px\" \/><\/p>\n<p><img loading=\"lazy\" decoding=\"async\" class=\"alignnone wp-image-9089\" src=\"https:\/\/serveiseducatius.xtec.cat\/priorat\/wp-content\/uploads\/usu1129\/2025\/06\/IMG_20250610_180724-1024x768.jpg\" alt=\"\" width=\"243\" height=\"182\" srcset=\"https:\/\/serveiseducatius.xtec.cat\/priorat\/wp-content\/uploads\/usu1129\/2025\/06\/IMG_20250610_180724-1024x768.jpg 1024w, https:\/\/serveiseducatius.xtec.cat\/priorat\/wp-content\/uploads\/usu1129\/2025\/06\/IMG_20250610_180724-300x225.jpg 300w, https:\/\/serveiseducatius.xtec.cat\/priorat\/wp-content\/uploads\/usu1129\/2025\/06\/IMG_20250610_180724-768x576.jpg 768w, https:\/\/serveiseducatius.xtec.cat\/priorat\/wp-content\/uploads\/usu1129\/2025\/06\/IMG_20250610_180724-1536x1152.jpg 1536w, https:\/\/serveiseducatius.xtec.cat\/priorat\/wp-content\/uploads\/usu1129\/2025\/06\/IMG_20250610_180724-2048x1536.jpg 2048w, https:\/\/serveiseducatius.xtec.cat\/priorat\/wp-content\/uploads\/usu1129\/2025\/06\/IMG_20250610_180724-200x150.jpg 200w\" sizes=\"auto, (max-width: 243px) 100vw, 243px\" \/><\/p>\n<p><img loading=\"lazy\" decoding=\"async\" class=\"alignnone wp-image-9088\" src=\"https:\/\/serveiseducatius.xtec.cat\/priorat\/wp-content\/uploads\/usu1129\/2025\/06\/IMG_20250610_174451-1024x768.jpg\" alt=\"\" width=\"242\" height=\"182\" srcset=\"https:\/\/serveiseducatius.xtec.cat\/priorat\/wp-content\/uploads\/usu1129\/2025\/06\/IMG_20250610_174451-1024x768.jpg 1024w, https:\/\/serveiseducatius.xtec.cat\/priorat\/wp-content\/uploads\/usu1129\/2025\/06\/IMG_20250610_174451-300x225.jpg 300w, https:\/\/serveiseducatius.xtec.cat\/priorat\/wp-content\/uploads\/usu1129\/2025\/06\/IMG_20250610_174451-768x576.jpg 768w, https:\/\/serveiseducatius.xtec.cat\/priorat\/wp-content\/uploads\/usu1129\/2025\/06\/IMG_20250610_174451-1536x1152.jpg 1536w, https:\/\/serveiseducatius.xtec.cat\/priorat\/wp-content\/uploads\/usu1129\/2025\/06\/IMG_20250610_174451-2048x1536.jpg 2048w, https:\/\/serveiseducatius.xtec.cat\/priorat\/wp-content\/uploads\/usu1129\/2025\/06\/IMG_20250610_174451-200x150.jpg 200w\" sizes=\"auto, (max-width: 242px) 100vw, 242px\" \/><\/p>\n<p><img loading=\"lazy\" decoding=\"async\" class=\"alignnone wp-image-9085\" src=\"https:\/\/serveiseducatius.xtec.cat\/priorat\/wp-content\/uploads\/usu1129\/2025\/06\/IMG_20250610_161259-1024x768.jpg\" alt=\"\" width=\"244\" height=\"183\" srcset=\"https:\/\/serveiseducatius.xtec.cat\/priorat\/wp-content\/uploads\/usu1129\/2025\/06\/IMG_20250610_161259-1024x768.jpg 1024w, https:\/\/serveiseducatius.xtec.cat\/priorat\/wp-content\/uploads\/usu1129\/2025\/06\/IMG_20250610_161259-300x225.jpg 300w, https:\/\/serveiseducatius.xtec.cat\/priorat\/wp-content\/uploads\/usu1129\/2025\/06\/IMG_20250610_161259-768x576.jpg 768w, https:\/\/serveiseducatius.xtec.cat\/priorat\/wp-content\/uploads\/usu1129\/2025\/06\/IMG_20250610_161259-1536x1152.jpg 1536w, https:\/\/serveiseducatius.xtec.cat\/priorat\/wp-content\/uploads\/usu1129\/2025\/06\/IMG_20250610_161259-2048x1536.jpg 2048w, https:\/\/serveiseducatius.xtec.cat\/priorat\/wp-content\/uploads\/usu1129\/2025\/06\/IMG_20250610_161259-200x150.jpg 200w\" sizes=\"auto, (max-width: 244px) 100vw, 244px\" \/><\/p>\n<p>Compartim amb vosaltres un recull de fotos de les experi\u00e8ncies que van compartir les companyes de les escoles i ZER: ZER Agl\u00e0, Escola El Sarra\u00ed de la ZER Baix Priorat, Escola Sant Isidre ZER Les Vinyes (dues experi\u00e8ncies) i Escola Antoni Vilanova de Falset.<\/p>\n<p>Enhorabona a totes!<\/p>\n<p>Ha estat una jornada molt interessant i productiva!<\/p>\n","protected":false},"excerpt":{"rendered":"<p>&nbsp; Compartim amb vosaltres un recull de fotos de les experi\u00e8ncies que van compartir les companyes de les escoles i ZER: ZER Agl\u00e0, Escola El Sarra\u00ed de la ZER Baix Priorat, Escola Sant Isidre ZER Les Vinyes (dues experi\u00e8ncies) i Escola Antoni Vilanova de Falset. Enhorabona a totes! Ha estat una jornada molt interessant i [&hellip;]<\/p>\n","protected":false},"author":1,"featured_media":9086,"comment_status":"open","ping_status":"open","sticky":false,"template":"","format":"standard","meta":{"_bbp_topic_count":0,"_bbp_reply_count":0,"_bbp_total_topic_count":0,"_bbp_total_reply_count":0,"_bbp_voice_count":0,"_bbp_anonymous_reply_count":0,"_bbp_topic_count_hidden":0,"_bbp_reply_count_hidden":0,"_bbp_forum_subforum_count":0,"site-sidebar-layout":"default","site-content-layout":"","ast-site-content-layout":"","site-content-style":"default","site-sidebar-style":"default","ast-global-header-display":"","ast-banner-title-visibility":"","ast-main-header-display":"","ast-hfb-above-header-display":"","ast-hfb-below-header-display":"","ast-hfb-mobile-header-display":"","site-post-title":"","ast-breadcrumbs-content":"","ast-featured-img":"","footer-sml-layout":"","theme-transparent-header-meta":"","adv-header-id-meta":"","stick-header-meta":"","header-above-stick-meta":"","header-main-stick-meta":"","header-below-stick-meta":"","astra-migrate-meta-layouts":"default","ast-page-background-enabled":"default","ast-page-background-meta":{"desktop":{"background-color":"var(--ast-global-color-4)","background-image":"","background-repeat":"repeat","background-position":"center center","background-size":"auto","background-attachment":"scroll","background-type":"","background-media":"","overlay-type":"","overlay-color":"","overlay-opacity":"","overlay-gradient":""},"tablet":{"background-color":"","background-image":"","background-repeat":"repeat","background-position":"center center","background-size":"auto","background-attachment":"scroll","background-type":"","background-media":"","overlay-type":"","overlay-color":"","overlay-opacity":"","overlay-gradient":""},"mobile":{"background-color":"","background-image":"","background-repeat":"repeat","background-position":"center center","background-size":"auto","background-attachment":"scroll","background-type":"","background-media":"","overlay-type":"","overlay-color":"","overlay-opacity":"","overlay-gradient":""}},"ast-content-background-meta":{"desktop":{"background-color":"var(--ast-global-color-5)","background-image":"","background-repeat":"repeat","background-position":"center center","background-size":"auto","background-attachment":"scroll","background-type":"","background-media":"","overlay-type":"","overlay-color":"","overlay-opacity":"","overlay-gradient":""},"tablet":{"background-color":"var(--ast-global-color-5)","background-image":"","background-repeat":"repeat","background-position":"center center","background-size":"auto","background-attachment":"scroll","background-type":"","background-media":"","overlay-type":"","overlay-color":"","overlay-opacity":"","overlay-gradient":""},"mobile":{"background-color":"var(--ast-global-color-5)","background-image":"","background-repeat":"repeat","background-position":"center center","background-size":"auto","background-attachment":"scroll","background-type":"","background-media":"","overlay-type":"","overlay-color":"","overlay-opacity":"","overlay-gradient":""}},"footnotes":""},"categories":[29],"tags":[],"class_list":["post-9084","post","type-post","status-publish","format-standard","has-post-thumbnail","hentry","category-portada"],"post_mailing_queue_ids":[],"_links":{"self":[{"href":"https:\/\/serveiseducatius.xtec.cat\/priorat\/wp-json\/wp\/v2\/posts\/9084","targetHints":{"allow":["GET"]}}],"collection":[{"href":"https:\/\/serveiseducatius.xtec.cat\/priorat\/wp-json\/wp\/v2\/posts"}],"about":[{"href":"https:\/\/serveiseducatius.xtec.cat\/priorat\/wp-json\/wp\/v2\/types\/post"}],"author":[{"embeddable":true,"href":"https:\/\/serveiseducatius.xtec.cat\/priorat\/wp-json\/wp\/v2\/users\/1"}],"replies":[{"embeddable":true,"href":"https:\/\/serveiseducatius.xtec.cat\/priorat\/wp-json\/wp\/v2\/comments?post=9084"}],"version-history":[{"count":1,"href":"https:\/\/serveiseducatius.xtec.cat\/priorat\/wp-json\/wp\/v2\/posts\/9084\/revisions"}],"predecessor-version":[{"id":9090,"href":"https:\/\/serveiseducatius.xtec.cat\/priorat\/wp-json\/wp\/v2\/posts\/9084\/revisions\/9090"}],"wp:featuredmedia":[{"embeddable":true,"href":"https:\/\/serveiseducatius.xtec.cat\/priorat\/wp-json\/wp\/v2\/media\/9086"}],"wp:attachment":[{"href":"https:\/\/serveiseducatius.xtec.cat\/priorat\/wp-json\/wp\/v2\/media?parent=9084"}],"wp:term":[{"taxonomy":"category","embeddable":true,"href":"https:\/\/serveiseducatius.xtec.cat\/priorat\/wp-json\/wp\/v2\/categories?post=9084"},{"taxonomy":"post_tag","embeddable":true,"href":"https:\/\/serveiseducatius.xtec.cat\/priorat\/wp-json\/wp\/v2\/tags?post=9084"}],"curies":[{"name":"wp","href":"https:\/\/api.w.org\/{rel}","templated":true}]}}