{"id":8659,"date":"2023-11-17T12:49:48","date_gmt":"2023-11-17T11:49:48","guid":{"rendered":"https:\/\/serveiseducatius.xtec.cat\/priorat\/?p=8659"},"modified":"2023-11-17T12:49:48","modified_gmt":"2023-11-17T11:49:48","slug":"material-de-la-jornada-el-benestar-de-lalumnat-i-les-situacions-de-violencia-a-tarragona","status":"publish","type":"post","link":"https:\/\/serveiseducatius.xtec.cat\/priorat\/portada\/material-de-la-jornada-el-benestar-de-lalumnat-i-les-situacions-de-violencia-a-tarragona\/","title":{"rendered":"Material de la jornada El Benestar de l\u2019Alumnat i les Situacions de Viol\u00e8ncia a Tarragona"},"content":{"rendered":"<p>&nbsp;<\/p>\n<p>&nbsp;<\/p>\n<p>&nbsp;<\/p>\n<p>Com b\u00e9 sabeu, el dia 26 d&#8217; octubre es\u00a0<img loading=\"lazy\" decoding=\"async\" class=\"wp-image-8660 alignleft\" src=\"https:\/\/serveiseducatius.xtec.cat\/priorat\/wp-content\/uploads\/usu1129\/2023\/11\/Captura-de-pantalla-2023-11-17-124703.png\" alt=\"\" width=\"310\" height=\"174\" srcset=\"https:\/\/serveiseducatius.xtec.cat\/priorat\/wp-content\/uploads\/usu1129\/2023\/11\/Captura-de-pantalla-2023-11-17-124703.png 946w, https:\/\/serveiseducatius.xtec.cat\/priorat\/wp-content\/uploads\/usu1129\/2023\/11\/Captura-de-pantalla-2023-11-17-124703-300x169.png 300w, https:\/\/serveiseducatius.xtec.cat\/priorat\/wp-content\/uploads\/usu1129\/2023\/11\/Captura-de-pantalla-2023-11-17-124703-768x432.png 768w\" sizes=\"auto, (max-width: 310px) 100vw, 310px\" \/><span style=\"font-family: inherit; font-size: 1em;\">va fer la<\/span><b style=\"font-family: inherit; font-size: 1em;\">\u00a0jornada\u00a0<\/b><b style=\"font-family: inherit; font-size: 1em;\">El Benestar de l&#8217;Alumnat i les Situacions de Viol\u00e8ncia<\/b><span style=\"font-family: inherit; font-size: 1em;\"> al nostre Servei Territorial, amb l&#8217;objectiu de detallar la implementaci\u00f3 de la nova coordinaci\u00f3 de coeducaci\u00f3, conviv\u00e8ncia i benestar de l\u2019alumnat, presentar les novetats per a aquest curs 2023-2024 vinculades a l\u2019abordatge de les viol\u00e8ncies, i plantejar casos pr\u00e0ctics d\u2019acompanyament a l\u2019alumnat.\u00a0<\/span><\/p>\n<p>&nbsp;<\/p>\n<p style=\"text-align: center;\">En l&#8217;<a href=\"https:\/\/www.gencat.cat\/educacio\/jornades\/JornadaBenestarAlumnatSituacionsViolencia.pdf\">enlla\u00e7 <\/a>seg\u00fcent trobareu tota la informaci\u00f3 de la jornada.<\/p>\n<p style=\"text-align: center;\">Us compartim l&#8217;<a href=\"https:\/\/www.youtube.com\/watch?v=iHOmaulG9sc\">enlla\u00e7<\/a> del v\u00eddeo de la conversa amb Fran Villar.<\/p>\n","protected":false},"excerpt":{"rendered":"<p>&nbsp; &nbsp; &nbsp; Com b\u00e9 sabeu, el dia 26 d&#8217; octubre es\u00a0va fer la\u00a0jornada\u00a0El Benestar de l&#8217;Alumnat i les Situacions de Viol\u00e8ncia al nostre Servei Territorial, amb l&#8217;objectiu de detallar la implementaci\u00f3 de la nova coordinaci\u00f3 de coeducaci\u00f3, conviv\u00e8ncia i benestar de l\u2019alumnat, presentar les novetats per a aquest curs 2023-2024 vinculades a l\u2019abordatge de [&hellip;]<\/p>\n","protected":false},"author":1,"featured_media":8660,"comment_status":"open","ping_status":"closed","sticky":false,"template":"","format":"standard","meta":{"_bbp_topic_count":0,"_bbp_reply_count":0,"_bbp_total_topic_count":0,"_bbp_total_reply_count":0,"_bbp_voice_count":0,"_bbp_anonymous_reply_count":0,"_bbp_topic_count_hidden":0,"_bbp_reply_count_hidden":0,"_bbp_forum_subforum_count":0,"site-sidebar-layout":"default","site-content-layout":"","ast-site-content-layout":"","site-content-style":"default","site-sidebar-style":"default","ast-global-header-display":"","ast-banner-title-visibility":"","ast-main-header-display":"","ast-hfb-above-header-display":"","ast-hfb-below-header-display":"","ast-hfb-mobile-header-display":"","site-post-title":"","ast-breadcrumbs-content":"","ast-featured-img":"","footer-sml-layout":"","theme-transparent-header-meta":"","adv-header-id-meta":"","stick-header-meta":"","header-above-stick-meta":"","header-main-stick-meta":"","header-below-stick-meta":"","astra-migrate-meta-layouts":"default","ast-page-background-enabled":"default","ast-page-background-meta":{"desktop":{"background-color":"var(--ast-global-color-4)","background-image":"","background-repeat":"repeat","background-position":"center center","background-size":"auto","background-attachment":"scroll","background-type":"","background-media":"","overlay-type":"","overlay-color":"","overlay-opacity":"","overlay-gradient":""},"tablet":{"background-color":"","background-image":"","background-repeat":"repeat","background-position":"center center","background-size":"auto","background-attachment":"scroll","background-type":"","background-media":"","overlay-type":"","overlay-color":"","overlay-opacity":"","overlay-gradient":""},"mobile":{"background-color":"","background-image":"","background-repeat":"repeat","background-position":"center center","background-size":"auto","background-attachment":"scroll","background-type":"","background-media":"","overlay-type":"","overlay-color":"","overlay-opacity":"","overlay-gradient":""}},"ast-content-background-meta":{"desktop":{"background-color":"var(--ast-global-color-5)","background-image":"","background-repeat":"repeat","background-position":"center center","background-size":"auto","background-attachment":"scroll","background-type":"","background-media":"","overlay-type":"","overlay-color":"","overlay-opacity":"","overlay-gradient":""},"tablet":{"background-color":"var(--ast-global-color-5)","background-image":"","background-repeat":"repeat","background-position":"center center","background-size":"auto","background-attachment":"scroll","background-type":"","background-media":"","overlay-type":"","overlay-color":"","overlay-opacity":"","overlay-gradient":""},"mobile":{"background-color":"var(--ast-global-color-5)","background-image":"","background-repeat":"repeat","background-position":"center center","background-size":"auto","background-attachment":"scroll","background-type":"","background-media":"","overlay-type":"","overlay-color":"","overlay-opacity":"","overlay-gradient":""}},"footnotes":""},"categories":[29],"tags":[],"class_list":["post-8659","post","type-post","status-publish","format-standard","has-post-thumbnail","hentry","category-portada"],"post_mailing_queue_ids":[],"_links":{"self":[{"href":"https:\/\/serveiseducatius.xtec.cat\/priorat\/wp-json\/wp\/v2\/posts\/8659","targetHints":{"allow":["GET"]}}],"collection":[{"href":"https:\/\/serveiseducatius.xtec.cat\/priorat\/wp-json\/wp\/v2\/posts"}],"about":[{"href":"https:\/\/serveiseducatius.xtec.cat\/priorat\/wp-json\/wp\/v2\/types\/post"}],"author":[{"embeddable":true,"href":"https:\/\/serveiseducatius.xtec.cat\/priorat\/wp-json\/wp\/v2\/users\/1"}],"replies":[{"embeddable":true,"href":"https:\/\/serveiseducatius.xtec.cat\/priorat\/wp-json\/wp\/v2\/comments?post=8659"}],"version-history":[{"count":4,"href":"https:\/\/serveiseducatius.xtec.cat\/priorat\/wp-json\/wp\/v2\/posts\/8659\/revisions"}],"predecessor-version":[{"id":8664,"href":"https:\/\/serveiseducatius.xtec.cat\/priorat\/wp-json\/wp\/v2\/posts\/8659\/revisions\/8664"}],"wp:featuredmedia":[{"embeddable":true,"href":"https:\/\/serveiseducatius.xtec.cat\/priorat\/wp-json\/wp\/v2\/media\/8660"}],"wp:attachment":[{"href":"https:\/\/serveiseducatius.xtec.cat\/priorat\/wp-json\/wp\/v2\/media?parent=8659"}],"wp:term":[{"taxonomy":"category","embeddable":true,"href":"https:\/\/serveiseducatius.xtec.cat\/priorat\/wp-json\/wp\/v2\/categories?post=8659"},{"taxonomy":"post_tag","embeddable":true,"href":"https:\/\/serveiseducatius.xtec.cat\/priorat\/wp-json\/wp\/v2\/tags?post=8659"}],"curies":[{"name":"wp","href":"https:\/\/api.w.org\/{rel}","templated":true}]}}