{"id":8653,"date":"2023-11-17T12:29:45","date_gmt":"2023-11-17T11:29:45","guid":{"rendered":"https:\/\/serveiseducatius.xtec.cat\/priorat\/?p=8653"},"modified":"2023-11-17T12:29:45","modified_gmt":"2023-11-17T11:29:45","slug":"lets-clean-up-europe","status":"publish","type":"post","link":"https:\/\/serveiseducatius.xtec.cat\/priorat\/portada\/lets-clean-up-europe\/","title":{"rendered":"Let&#8217;s Clean up Europe"},"content":{"rendered":"<p>&nbsp;<\/p>\n<p><img loading=\"lazy\" decoding=\"async\" class=\"alignnone  wp-image-8656\" src=\"https:\/\/serveiseducatius.xtec.cat\/priorat\/wp-content\/uploads\/usu1129\/2023\/11\/Captura-de-pantalla-2023-11-17-122641.png\" alt=\"\" width=\"452\" height=\"450\" srcset=\"https:\/\/serveiseducatius.xtec.cat\/priorat\/wp-content\/uploads\/usu1129\/2023\/11\/Captura-de-pantalla-2023-11-17-122641.png 832w, https:\/\/serveiseducatius.xtec.cat\/priorat\/wp-content\/uploads\/usu1129\/2023\/11\/Captura-de-pantalla-2023-11-17-122641-300x300.png 300w, https:\/\/serveiseducatius.xtec.cat\/priorat\/wp-content\/uploads\/usu1129\/2023\/11\/Captura-de-pantalla-2023-11-17-122641-150x150.png 150w, https:\/\/serveiseducatius.xtec.cat\/priorat\/wp-content\/uploads\/usu1129\/2023\/11\/Captura-de-pantalla-2023-11-17-122641-768x765.png 768w\" sizes=\"auto, (max-width: 452px) 100vw, 452px\" \/><\/p>\n<p>La Campanya <strong>Let\u2019s Clean up Europe!<\/strong> consisteix a realitzar accions de neteja en espais naturals del nostre entorn per part dels ciutadans i de la m\u00e0 d\u2019associacions, administracions, empreses, escoles o universitats.<br \/>\nAquest esdeveniment, emmarcat en el projecte de la Setmana Europea de la Prevenci\u00f3 de Residus, celebra la seva 10 edici\u00f3 i t\u00e9 vocaci\u00f3 d\u2019agrupar totes les activitats de recollida de residus en una agenda d\u2019activitats comuna, consultable a: <a href=\"https:\/\/www.arc.cat\/agendalcue\/\">residus.gencat.cat\/agendalcue<\/a>. A Catalunya la campanya est\u00e0 coordinada per l\u2019Ag\u00e8ncia de Residus de Catalunya i rep el suport d\u2019Ecovidrio, de la Representaci\u00f3 de la Comissi\u00f3 Europea a Barcelona i de la Diputaci\u00f3 de Barcelona.<br \/>\nEn l\u2019actualitat m\u00e9s de 600 centres escolars, repartits per totes les comarques de Catalunya duen a terme aquesta actuaci\u00f3 ambiental creant situacions d\u2019aprenentatge gr\u00e0cies a recursos compartits, com el Servei Comunitari creat amb el Departament d\u2019Educaci\u00f3, aportant dades en recerques de Ci\u00e8ncia Ciutadana emprant diferents aplicacions, debatent mesures de prevenci\u00f3 de residus per traslladar-les als consistoris municipals i responsables d\u2019espais naturals&#8230;<br \/>\nEn aquest marc de col\u00b7laboraci\u00f3, el passat dijous 13 d\u2019abril es va presentar a les Jornades dels CRP de Catalunya. M\u00e9s a prop per anar m\u00e9s lluny, la campanya ambiental <a href=\"https:\/\/residus.gencat.cat\/ca\/ambits_dactuacio\/prevencio\/setmana_europea\/lets_clean_up_europe\/\">Let\u2019s Clean Up Europe<\/a> amb el projecte <a href=\"https:\/\/serveiseducatius.xtec.cat\/altemporda\/xarxa-descoles-del-pn-cap-de-creus\/correcull-ae\/itineraris-correcull-ae\/\">Correcull <\/a>ideat pel Servei educatiu de l\u2019Alt Empord\u00e0 en col\u00b7laboraci\u00f3 amb la Fundaci\u00f3 Kilian Jornet.<br \/>\nEns plau comunicar-vos que tots els Centres de Recursos Pedag\u00f2gics i Camps d\u2019Aprenentatge de Catalunya podran disposar d\u2019un kit de recollida de residus per a ser incorporat a la mediateca del Centre de Recursos Pedag\u00f2gics.<br \/>\nL&#8217;objectiu del kit \u00e9s facilitar a les escoles de Catalunya l\u2019acc\u00e9s a un material reutilitzable i compartit per facilitar el desenvolupament de la campanya ambiental a partir de l\u2019estructura territorialitzada dels Centres de Recursos Pedag\u00f2gics, per part dels centres que ho sol\u00b7licitin al llarg de l\u2019any escolar.<\/p>\n<p><em>Fitxa t\u00e8cnica<\/em><br \/>\nDescriptor: contenidor 90l serigrafiat de residus amb rodes<br \/>\nDimensions: 40x90cm<br \/>\nPes: 15 kg<\/p>\n<p><strong>Llistat de material del Kit de recollida<\/strong><\/p>\n<p>1 carpeta transparent amb 4 p\u00f2sters informatius<br \/>\n1 Retolador no permanent<br \/>\n25 Parells de guants 15 Talla S (ribet blanc) i 10 Talla L (groc)<br \/>\n45 Bosses individuals transparents (25) o nansa (20)<br \/>\n10 Sacs grans per indicar tipologia de residu<br \/>\n10 Pinces de recollida de residus<br \/>\n1 Balan\u00e7a 30 o 150 kg<br \/>\n1 Banderola reutilitzable resultats aconseguits<\/p>\n<p>Com podem utilitzar el material?<\/p>\n<p>1. Formant part de la campanya <a href=\"https:\/\/residus.gencat.cat\/ca\/ambits_dactuacio\/prevencio\/setmana_europea\/lets_clean_up_europe\/\">Let\u2019s Clean Up Europe<\/a>.<br \/>\nEscola s\u2019inscriu a la campanya mitjan\u00e7ant enlla\u00e7 <a href=\"https:\/\/sdr.arc.cat\/prevencio\/GetLoginPrevencio.do\">SDR<\/a><br \/>\nEl CRP pot sol\u00b7licitar formacions territorialitzades o emprar les sessions virtuals disponibles web.<\/p>\n<p><strong>Com organitzar una acci\u00f3 de neteja<\/strong>: Es disposa del <a href=\"https:\/\/residus.gencat.cat\/web\/.content\/home\/ambits_dactuacio\/prevencio\/setmana_europea_prevencio_de_residus\/lcue\/Manual_per_organitzar_accio_neteja.pdf\">Manual de com organitzar una acci\u00f3 de neteja i la guia metodol\u00f2gica<\/a> vinculada al servei comunitari.<\/p>\n<p>Les escoles tenen 3 formes de participar:-<\/p>\n<ul>\n<li>Senzilla: Recollir residus, separar per grans fraccions i pesar, i debatre les <a href=\"https:\/\/residus.gencat.cat\/web\/.content\/home\/ambits_dactuacio\/prevencio\/setmana_europea_prevencio_de_residus\/lcue\/altres_recursos\/mesures_preventives.pdf\">mesures per evitar nous abocaments<\/a>, traslladant conclusions als responsables de l\u2019espai.<\/li>\n<li>Cient\u00edfic: Fer un mostreig per caracteritzar els residus de 600m\u00b2:<a href=\"https:\/\/vertidoscero.com\/litter-terrestre\/\"> App eLitter<\/a> (boscs i rius) i <a href=\"https:\/\/vertidoscero.com\/marnoba\/\">App Marnoba<\/a> (Platges).<\/li>\n<li>Pro: Fotografiar per geolocalitzar els residus recollits i analitzar dades: <a href=\"https:\/\/www.litterati.org\/\">App Litterati<\/a> unint-se al <a href=\"https:\/\/www.ccma.cat\/3cat\/catalunya-clean-up-challenge-un-repte-per-motivar-la-recollida-de-residus\/video\/6071629\/#onboarding=true\">repte Catalunya Clean Up Challenge (codi Catalunya).<\/a><\/li>\n<li>Un cop finalitzada, l\u2019escola retorna el kit net al CRP i enviar una imatge de la fitxa de resultats a traves del formulari de valoraci\u00f3 del <a href=\"https:\/\/sdr.arc.cat\/prevencio\/GetLoginPrevencio.do\">SDR<\/a> o al correu<a href=\"mailto:setmanaprevencio.arc@gencat.cat\"> setmanaprevencio.arc@gencat.cat<\/a><\/li>\n<\/ul>\n<p>2. Custodiant, lliurant i vetllant pel [kit de recollida de residus]. Com a material en pr\u00e9stec per a les escoles. Exemple <a href=\"https:\/\/serveiseducatius.xtec.cat\/altemporda\/xarxa-descoles-del-pn-cap-de-creus\/correcull-ae\/\">Web XEPNCC<\/a><br \/>\n3. Generant un espai\/categoria web espec\u00edfic de la campanya, dins dels NODES de cada CRP. Com a contenidor d\u2019experi\u00e8ncies i recull de dades comarcals dels centres participants en cada edici\u00f3. Exemple <a href=\"https:\/\/serveiseducatius.xtec.cat\/altemporda\/xarxa-descoles-del-pn-cap-de-creus\/correcull-ae\/\">Web XEPNCC<\/a><br \/>\nAquest kit b\u00e9 acompanyat de diferents recursos did\u00e0ctics per treballar a l\u2019aula que podeu trobar en els seg\u00fcents enlla\u00e7os.<br \/>\n1.<a href=\"https:\/\/xtec.gencat.cat\/web\/.content\/comunitat\/serveicomunitari\/modelstransferibles\/documents\/transferible_lets-cleanup.pdf\"> Servei comunitari<\/a><br \/>\n2. <a href=\"https:\/\/serveiseducatius.xtec.cat\/altemporda\/xarxa-descoles-del-pn-cap-de-creus\/correcull-ae\/itineraris-correcull-ae\/\">Correcull<\/a><br \/>\n3. <a href=\"https:\/\/serveiseducatius.xtec.cat\/altemporda\/xarxa-descoles-del-pn-cap-de-creus\/biolectures\/\">BioLectures<\/a><\/p>\n","protected":false},"excerpt":{"rendered":"<p>&nbsp; La Campanya Let\u2019s Clean up Europe! consisteix a realitzar accions de neteja en espais naturals del nostre entorn per part dels ciutadans i de la m\u00e0 d\u2019associacions, administracions, empreses, escoles o universitats. Aquest esdeveniment, emmarcat en el projecte de la Setmana Europea de la Prevenci\u00f3 de Residus, celebra la seva 10 edici\u00f3 i t\u00e9 [&hellip;]<\/p>\n","protected":false},"author":1,"featured_media":8655,"comment_status":"open","ping_status":"closed","sticky":false,"template":"","format":"standard","meta":{"_bbp_topic_count":0,"_bbp_reply_count":0,"_bbp_total_topic_count":0,"_bbp_total_reply_count":0,"_bbp_voice_count":0,"_bbp_anonymous_reply_count":0,"_bbp_topic_count_hidden":0,"_bbp_reply_count_hidden":0,"_bbp_forum_subforum_count":0,"site-sidebar-layout":"default","site-content-layout":"","ast-site-content-layout":"","site-content-style":"default","site-sidebar-style":"default","ast-global-header-display":"","ast-banner-title-visibility":"","ast-main-header-display":"","ast-hfb-above-header-display":"","ast-hfb-below-header-display":"","ast-hfb-mobile-header-display":"","site-post-title":"","ast-breadcrumbs-content":"","ast-featured-img":"","footer-sml-layout":"","theme-transparent-header-meta":"","adv-header-id-meta":"","stick-header-meta":"","header-above-stick-meta":"","header-main-stick-meta":"","header-below-stick-meta":"","astra-migrate-meta-layouts":"default","ast-page-background-enabled":"default","ast-page-background-meta":{"desktop":{"background-color":"var(--ast-global-color-4)","background-image":"","background-repeat":"repeat","background-position":"center center","background-size":"auto","background-attachment":"scroll","background-type":"","background-media":"","overlay-type":"","overlay-color":"","overlay-opacity":"","overlay-gradient":""},"tablet":{"background-color":"","background-image":"","background-repeat":"repeat","background-position":"center center","background-size":"auto","background-attachment":"scroll","background-type":"","background-media":"","overlay-type":"","overlay-color":"","overlay-opacity":"","overlay-gradient":""},"mobile":{"background-color":"","background-image":"","background-repeat":"repeat","background-position":"center center","background-size":"auto","background-attachment":"scroll","background-type":"","background-media":"","overlay-type":"","overlay-color":"","overlay-opacity":"","overlay-gradient":""}},"ast-content-background-meta":{"desktop":{"background-color":"var(--ast-global-color-5)","background-image":"","background-repeat":"repeat","background-position":"center center","background-size":"auto","background-attachment":"scroll","background-type":"","background-media":"","overlay-type":"","overlay-color":"","overlay-opacity":"","overlay-gradient":""},"tablet":{"background-color":"var(--ast-global-color-5)","background-image":"","background-repeat":"repeat","background-position":"center center","background-size":"auto","background-attachment":"scroll","background-type":"","background-media":"","overlay-type":"","overlay-color":"","overlay-opacity":"","overlay-gradient":""},"mobile":{"background-color":"var(--ast-global-color-5)","background-image":"","background-repeat":"repeat","background-position":"center center","background-size":"auto","background-attachment":"scroll","background-type":"","background-media":"","overlay-type":"","overlay-color":"","overlay-opacity":"","overlay-gradient":""}},"footnotes":""},"categories":[29],"tags":[],"class_list":["post-8653","post","type-post","status-publish","format-standard","has-post-thumbnail","hentry","category-portada"],"post_mailing_queue_ids":[],"_links":{"self":[{"href":"https:\/\/serveiseducatius.xtec.cat\/priorat\/wp-json\/wp\/v2\/posts\/8653","targetHints":{"allow":["GET"]}}],"collection":[{"href":"https:\/\/serveiseducatius.xtec.cat\/priorat\/wp-json\/wp\/v2\/posts"}],"about":[{"href":"https:\/\/serveiseducatius.xtec.cat\/priorat\/wp-json\/wp\/v2\/types\/post"}],"author":[{"embeddable":true,"href":"https:\/\/serveiseducatius.xtec.cat\/priorat\/wp-json\/wp\/v2\/users\/1"}],"replies":[{"embeddable":true,"href":"https:\/\/serveiseducatius.xtec.cat\/priorat\/wp-json\/wp\/v2\/comments?post=8653"}],"version-history":[{"count":2,"href":"https:\/\/serveiseducatius.xtec.cat\/priorat\/wp-json\/wp\/v2\/posts\/8653\/revisions"}],"predecessor-version":[{"id":8658,"href":"https:\/\/serveiseducatius.xtec.cat\/priorat\/wp-json\/wp\/v2\/posts\/8653\/revisions\/8658"}],"wp:featuredmedia":[{"embeddable":true,"href":"https:\/\/serveiseducatius.xtec.cat\/priorat\/wp-json\/wp\/v2\/media\/8655"}],"wp:attachment":[{"href":"https:\/\/serveiseducatius.xtec.cat\/priorat\/wp-json\/wp\/v2\/media?parent=8653"}],"wp:term":[{"taxonomy":"category","embeddable":true,"href":"https:\/\/serveiseducatius.xtec.cat\/priorat\/wp-json\/wp\/v2\/categories?post=8653"},{"taxonomy":"post_tag","embeddable":true,"href":"https:\/\/serveiseducatius.xtec.cat\/priorat\/wp-json\/wp\/v2\/tags?post=8653"}],"curies":[{"name":"wp","href":"https:\/\/api.w.org\/{rel}","templated":true}]}}