{"id":8636,"date":"2023-10-11T16:14:54","date_gmt":"2023-10-11T14:14:54","guid":{"rendered":"https:\/\/serveiseducatius.xtec.cat\/priorat\/?p=8636"},"modified":"2023-10-11T16:14:54","modified_gmt":"2023-10-11T14:14:54","slug":"el-benestar-de-lalumnat-i-les-situacions-de-violencia","status":"publish","type":"post","link":"https:\/\/serveiseducatius.xtec.cat\/priorat\/portada\/el-benestar-de-lalumnat-i-les-situacions-de-violencia\/","title":{"rendered":"\u201cEl Benestar de l\u2019alumnat i les situacions de viol\u00e8ncia\u201d"},"content":{"rendered":"<p class=\"zfr3Q CDt4Ke \" dir=\"ltr\"><span class=\"C9DxTc \">Aquestes jornades s\u00f3n dirigides a les direccions de centres educatius de prim\u00e0ria i de secund\u00e0ria i al coordinador\/a de conviv\u00e8ncia, coeducaci\u00f3 i benestar de l\u2019alumnat.<\/span><\/p>\n<p class=\"zfr3Q CDt4Ke \" dir=\"ltr\"><span class=\"C9DxTc \">S\u00f3n arreu del territori i expliquen les novetats pel que fa a la prevenci\u00f3 i intervenci\u00f3 en situacions de de viol\u00e8ncia<\/span>\u00a0amb l\u2019objectiu de detallar la implementaci\u00f3 de la nova coordinaci\u00f3 de coeducaci\u00f3, conviv\u00e8ncia i benestar de l\u2019alumnat que s\u2019incorpora a tots els centres de prim\u00e0ria i secund\u00e0ria, presentar les novetats per aquest curs 23-24 vinculades a l\u2019abordatge de les viol\u00e8ncies i plantejar casos pr\u00e0ctics d\u2019acompanyament a l\u2019alumnat.<\/p>\n<p>Aquesta jornada tindr\u00e0 lloc el proper\u00a0<b>dijous 26 d\u2019octubre<\/b>\u00a0<b>de les 9.30h a les 13.30h al Palau Firal i de Congressos de Tarragona.<\/b><\/p>\n<p>En el seg\u00fcent l\u2019enlla\u00e7 podreu formalitzar la vostra inscripci\u00f3:\u00a0<a id=\"m_-695398921199984468m_-82468704993677584OWAd7105307-b133-96ba-acf7-5e61dab332d6\" href=\"https:\/\/aplicacions.gestioeducativa.gencat.cat\/pls\/soloas\/pk_for_mod_ins.p_for_detall_activitat?p_header=Llista%20d%27activitats%5epk_for_mod_ins.p_for_cons_activitats?p_tipus_act=ASS,CSA,PSVB,SSVA,SVBA,TCA2,TCA,PSAD,SME,CNA,ESC,ESR,FIFC,SENT,CODU,COD2,PSI,DSVE,JCF,JCOC%26p_totes=S%26p_inici=1%26p_excloure_crp_rec=F&amp;p_codi=9000780519&amp;p_curs=2023-2024&amp;p_excloure_crp_rec=F\" target=\"_blank\" rel=\"noopener\" data-saferedirecturl=\"https:\/\/www.google.com\/url?q=https:\/\/aplicacions.gestioeducativa.gencat.cat\/pls\/soloas\/pk_for_mod_ins.p_for_detall_activitat?p_header%3DLlista%2520d%2527activitats%255epk_for_mod_ins.p_for_cons_activitats?p_tipus_act%3DASS,CSA,PSVB,SSVA,SVBA,TCA2,TCA,PSAD,SME,CNA,ESC,ESR,FIFC,SENT,CODU,COD2,PSI,DSVE,JCF,JCOC%2526p_totes%3DS%2526p_inici%3D1%2526p_excloure_crp_rec%3DF%26p_codi%3D9000780519%26p_curs%3D2023-2024%26p_excloure_crp_rec%3DF&amp;source=gmail&amp;ust=1697108100315000&amp;usg=AOvVaw2yhY5HltbAH61AGuqn11HZ\">Inscripci\u00f3<\/a> <img loading=\"lazy\" decoding=\"async\" class=\"wp-image-8637 aligncenter\" src=\"https:\/\/serveiseducatius.xtec.cat\/priorat\/wp-content\/uploads\/usu1129\/2023\/10\/actualitat-832x468-jornades-benestar-alumnat.png_223078711.png\" alt=\"\" width=\"440\" height=\"248\" srcset=\"https:\/\/serveiseducatius.xtec.cat\/priorat\/wp-content\/uploads\/usu1129\/2023\/10\/actualitat-832x468-jornades-benestar-alumnat.png_223078711.png 832w, https:\/\/serveiseducatius.xtec.cat\/priorat\/wp-content\/uploads\/usu1129\/2023\/10\/actualitat-832x468-jornades-benestar-alumnat.png_223078711-300x169.png 300w, https:\/\/serveiseducatius.xtec.cat\/priorat\/wp-content\/uploads\/usu1129\/2023\/10\/actualitat-832x468-jornades-benestar-alumnat.png_223078711-768x432.png 768w\" sizes=\"auto, (max-width: 440px) 100vw, 440px\" \/><\/p>\n<p class=\"zfr3Q CDt4Ke \" dir=\"ltr\">\n","protected":false},"excerpt":{"rendered":"<p>Aquestes jornades s\u00f3n dirigides a les direccions de centres educatius de prim\u00e0ria i de secund\u00e0ria i al coordinador\/a de conviv\u00e8ncia, coeducaci\u00f3 i benestar de l\u2019alumnat. S\u00f3n arreu del territori i expliquen les novetats pel que fa a la prevenci\u00f3 i intervenci\u00f3 en situacions de de viol\u00e8ncia\u00a0amb l\u2019objectiu de detallar la implementaci\u00f3 de la nova coordinaci\u00f3 [&hellip;]<\/p>\n","protected":false},"author":1,"featured_media":8637,"comment_status":"open","ping_status":"closed","sticky":false,"template":"","format":"standard","meta":{"_bbp_topic_count":0,"_bbp_reply_count":0,"_bbp_total_topic_count":0,"_bbp_total_reply_count":0,"_bbp_voice_count":0,"_bbp_anonymous_reply_count":0,"_bbp_topic_count_hidden":0,"_bbp_reply_count_hidden":0,"_bbp_forum_subforum_count":0,"site-sidebar-layout":"default","site-content-layout":"","ast-site-content-layout":"","site-content-style":"default","site-sidebar-style":"default","ast-global-header-display":"","ast-banner-title-visibility":"","ast-main-header-display":"","ast-hfb-above-header-display":"","ast-hfb-below-header-display":"","ast-hfb-mobile-header-display":"","site-post-title":"","ast-breadcrumbs-content":"","ast-featured-img":"","footer-sml-layout":"","theme-transparent-header-meta":"","adv-header-id-meta":"","stick-header-meta":"","header-above-stick-meta":"","header-main-stick-meta":"","header-below-stick-meta":"","astra-migrate-meta-layouts":"default","ast-page-background-enabled":"default","ast-page-background-meta":{"desktop":{"background-color":"var(--ast-global-color-4)","background-image":"","background-repeat":"repeat","background-position":"center center","background-size":"auto","background-attachment":"scroll","background-type":"","background-media":"","overlay-type":"","overlay-color":"","overlay-opacity":"","overlay-gradient":""},"tablet":{"background-color":"","background-image":"","background-repeat":"repeat","background-position":"center center","background-size":"auto","background-attachment":"scroll","background-type":"","background-media":"","overlay-type":"","overlay-color":"","overlay-opacity":"","overlay-gradient":""},"mobile":{"background-color":"","background-image":"","background-repeat":"repeat","background-position":"center center","background-size":"auto","background-attachment":"scroll","background-type":"","background-media":"","overlay-type":"","overlay-color":"","overlay-opacity":"","overlay-gradient":""}},"ast-content-background-meta":{"desktop":{"background-color":"var(--ast-global-color-5)","background-image":"","background-repeat":"repeat","background-position":"center center","background-size":"auto","background-attachment":"scroll","background-type":"","background-media":"","overlay-type":"","overlay-color":"","overlay-opacity":"","overlay-gradient":""},"tablet":{"background-color":"var(--ast-global-color-5)","background-image":"","background-repeat":"repeat","background-position":"center center","background-size":"auto","background-attachment":"scroll","background-type":"","background-media":"","overlay-type":"","overlay-color":"","overlay-opacity":"","overlay-gradient":""},"mobile":{"background-color":"var(--ast-global-color-5)","background-image":"","background-repeat":"repeat","background-position":"center center","background-size":"auto","background-attachment":"scroll","background-type":"","background-media":"","overlay-type":"","overlay-color":"","overlay-opacity":"","overlay-gradient":""}},"footnotes":""},"categories":[29],"tags":[],"class_list":["post-8636","post","type-post","status-publish","format-standard","has-post-thumbnail","hentry","category-portada"],"post_mailing_queue_ids":[],"_links":{"self":[{"href":"https:\/\/serveiseducatius.xtec.cat\/priorat\/wp-json\/wp\/v2\/posts\/8636","targetHints":{"allow":["GET"]}}],"collection":[{"href":"https:\/\/serveiseducatius.xtec.cat\/priorat\/wp-json\/wp\/v2\/posts"}],"about":[{"href":"https:\/\/serveiseducatius.xtec.cat\/priorat\/wp-json\/wp\/v2\/types\/post"}],"author":[{"embeddable":true,"href":"https:\/\/serveiseducatius.xtec.cat\/priorat\/wp-json\/wp\/v2\/users\/1"}],"replies":[{"embeddable":true,"href":"https:\/\/serveiseducatius.xtec.cat\/priorat\/wp-json\/wp\/v2\/comments?post=8636"}],"version-history":[{"count":1,"href":"https:\/\/serveiseducatius.xtec.cat\/priorat\/wp-json\/wp\/v2\/posts\/8636\/revisions"}],"predecessor-version":[{"id":8638,"href":"https:\/\/serveiseducatius.xtec.cat\/priorat\/wp-json\/wp\/v2\/posts\/8636\/revisions\/8638"}],"wp:featuredmedia":[{"embeddable":true,"href":"https:\/\/serveiseducatius.xtec.cat\/priorat\/wp-json\/wp\/v2\/media\/8637"}],"wp:attachment":[{"href":"https:\/\/serveiseducatius.xtec.cat\/priorat\/wp-json\/wp\/v2\/media?parent=8636"}],"wp:term":[{"taxonomy":"category","embeddable":true,"href":"https:\/\/serveiseducatius.xtec.cat\/priorat\/wp-json\/wp\/v2\/categories?post=8636"},{"taxonomy":"post_tag","embeddable":true,"href":"https:\/\/serveiseducatius.xtec.cat\/priorat\/wp-json\/wp\/v2\/tags?post=8636"}],"curies":[{"name":"wp","href":"https:\/\/api.w.org\/{rel}","templated":true}]}}