{"id":8599,"date":"2023-07-12T12:05:31","date_gmt":"2023-07-12T10:05:31","guid":{"rendered":"https:\/\/serveiseducatius.xtec.cat\/priorat\/?p=8599"},"modified":"2023-07-12T12:06:31","modified_gmt":"2023-07-12T10:06:31","slug":"i-jornada-de-zers","status":"publish","type":"post","link":"https:\/\/serveiseducatius.xtec.cat\/priorat\/general\/i-jornada-de-zers\/","title":{"rendered":"I Jornada de ZERs"},"content":{"rendered":"<p>El dia 6 de juliol de 2023, es va realitzar a Cornudella de Montsant la I Jornada de ZERs.<\/p>\n<p>El Sr Jean Marc Segarra Mauri, Director general de Centres p\u00fablics, la Sra. Laura Alegre Sanz, Subdirectora general de la Funci\u00f3 Directiva i Lideratge pedag\u00f2gic i la Sra. Meritxell Cardona L\u00f3pez, alcaldessa de Cornudella de Montsant, en van fer la benvinguda.<\/p>\n<p><img loading=\"lazy\" decoding=\"async\" class=\"alignnone wp-image-8600\" src=\"https:\/\/serveiseducatius.xtec.cat\/priorat\/wp-content\/uploads\/usu1129\/2023\/07\/IMG_20230706_101715-1024x768.jpg\" alt=\"\" width=\"271\" height=\"203\" srcset=\"https:\/\/serveiseducatius.xtec.cat\/priorat\/wp-content\/uploads\/usu1129\/2023\/07\/IMG_20230706_101715-1024x768.jpg 1024w, https:\/\/serveiseducatius.xtec.cat\/priorat\/wp-content\/uploads\/usu1129\/2023\/07\/IMG_20230706_101715-300x225.jpg 300w, https:\/\/serveiseducatius.xtec.cat\/priorat\/wp-content\/uploads\/usu1129\/2023\/07\/IMG_20230706_101715-768x576.jpg 768w, https:\/\/serveiseducatius.xtec.cat\/priorat\/wp-content\/uploads\/usu1129\/2023\/07\/IMG_20230706_101715-1536x1152.jpg 1536w, https:\/\/serveiseducatius.xtec.cat\/priorat\/wp-content\/uploads\/usu1129\/2023\/07\/IMG_20230706_101715-2048x1536.jpg 2048w, https:\/\/serveiseducatius.xtec.cat\/priorat\/wp-content\/uploads\/usu1129\/2023\/07\/IMG_20230706_101715-200x150.jpg 200w\" sizes=\"auto, (max-width: 271px) 100vw, 271px\" \/><\/p>\n<p>El Sr. Albert Riba Trullols, va fer la pon\u00e8ncia: <a href=\"https:\/\/serveiseducatius.xtec.cat\/priorat\/wp-content\/uploads\/usu1129\/2023\/07\/Lo-rural-Un-niu-on-aprendre-i-volar-pel-mon.pdf\">Lo rural Un niu on aprendre i volar pel m\u00f3n<\/a> .<\/p>\n<p><img loading=\"lazy\" decoding=\"async\" class=\"alignnone wp-image-8602\" src=\"https:\/\/serveiseducatius.xtec.cat\/priorat\/wp-content\/uploads\/usu1129\/2023\/07\/IMG_20230706_104628-1024x768.jpg\" alt=\"\" width=\"288\" height=\"216\" srcset=\"https:\/\/serveiseducatius.xtec.cat\/priorat\/wp-content\/uploads\/usu1129\/2023\/07\/IMG_20230706_104628-1024x768.jpg 1024w, https:\/\/serveiseducatius.xtec.cat\/priorat\/wp-content\/uploads\/usu1129\/2023\/07\/IMG_20230706_104628-300x225.jpg 300w, https:\/\/serveiseducatius.xtec.cat\/priorat\/wp-content\/uploads\/usu1129\/2023\/07\/IMG_20230706_104628-768x576.jpg 768w, https:\/\/serveiseducatius.xtec.cat\/priorat\/wp-content\/uploads\/usu1129\/2023\/07\/IMG_20230706_104628-1536x1152.jpg 1536w, https:\/\/serveiseducatius.xtec.cat\/priorat\/wp-content\/uploads\/usu1129\/2023\/07\/IMG_20230706_104628-2048x1536.jpg 2048w, https:\/\/serveiseducatius.xtec.cat\/priorat\/wp-content\/uploads\/usu1129\/2023\/07\/IMG_20230706_104628-200x150.jpg 200w\" sizes=\"auto, (max-width: 288px) 100vw, 288px\" \/><\/p>\n<p>La Sra. M\u00f2nica Gandux\u00e9 Cosialls, directora de l&#8217;Institut Escola Corbatera, el Sr. Gaspar Gamisans Noguera, director de l&#8217;escola els Pins i la ZER El Moian\u00e8s Ponent, i la Sra. Judit Vall Masdeu, directora de l&#8217;escola Garb\u00ed i la ZER Montsant-Serra de Prades van participar en la posada en com\u00fa de &#8220;Continuem caminant&#8221;.<\/p>\n<p>I la Taula Rodona va estar condu\u00efda per la Sra. N\u00faria Vaqu\u00e9s Colom\u00e9 que treballa als Serveis Territorials de Tarragona. Participen el Sr Xavier Camps Serra, la Sra. Carme Huguet Pena, la Sra. Carme Barber\u00e0 Andreu, el Sr. Toni Comajoan Colom\u00e9 i la Sra. Marta Barrera Vil\u00e0.<\/p>\n<p><img loading=\"lazy\" decoding=\"async\" class=\"alignnone wp-image-8603\" src=\"https:\/\/serveiseducatius.xtec.cat\/priorat\/wp-content\/uploads\/usu1129\/2023\/07\/IMG_20230706_132615-1024x768.jpg\" alt=\"\" width=\"283\" height=\"212\" srcset=\"https:\/\/serveiseducatius.xtec.cat\/priorat\/wp-content\/uploads\/usu1129\/2023\/07\/IMG_20230706_132615-1024x768.jpg 1024w, https:\/\/serveiseducatius.xtec.cat\/priorat\/wp-content\/uploads\/usu1129\/2023\/07\/IMG_20230706_132615-300x225.jpg 300w, https:\/\/serveiseducatius.xtec.cat\/priorat\/wp-content\/uploads\/usu1129\/2023\/07\/IMG_20230706_132615-768x576.jpg 768w, https:\/\/serveiseducatius.xtec.cat\/priorat\/wp-content\/uploads\/usu1129\/2023\/07\/IMG_20230706_132615-1536x1152.jpg 1536w, https:\/\/serveiseducatius.xtec.cat\/priorat\/wp-content\/uploads\/usu1129\/2023\/07\/IMG_20230706_132615-2048x1536.jpg 2048w, https:\/\/serveiseducatius.xtec.cat\/priorat\/wp-content\/uploads\/usu1129\/2023\/07\/IMG_20230706_132615-200x150.jpg 200w\" sizes=\"auto, (max-width: 283px) 100vw, 283px\" \/><\/p>\n<p>Per la tarda hi va haver moment de reflexi\u00f3 al voltant de 5 taules:<\/p>\n<p>1- organitzaci\u00f3 i gesti\u00f3 de les ZERs, moderada per Eduard Planas Anguera.<\/p>\n<p>2- Gesti\u00f3 pedag\u00f2gica de les ZERs, moderada per Montse Vidal Fuster.<\/p>\n<p>3- El projecte educatiu 1-12, moderada per Judit Vall Masdeu.<\/p>\n<p>4- Els Plans Educatius de Zona moderada per M\u00f2nica Gandux\u00e9 Cosialls.<\/p>\n<p>5- La comunitat educativa de les ZERs, moderada per Gaspar Gamisans Noguera<\/p>\n<p>El tancament institucional va ser a c\u00e0rrec de l&#8217;Honorable Sra. Anna Sim\u00f3 i Castell\u00f3, Consellera d&#8217;Educaci\u00f3.<\/p>\n<p>&nbsp;<\/p>\n<p>&nbsp;<\/p>\n<p>&nbsp;<\/p>\n","protected":false},"excerpt":{"rendered":"<p>El dia 6 de juliol de 2023, es va realitzar a Cornudella de Montsant la I Jornada de ZERs. El Sr Jean Marc Segarra Mauri, Director general de Centres p\u00fablics, la Sra. Laura Alegre Sanz, Subdirectora general de la Funci\u00f3 Directiva i Lideratge pedag\u00f2gic i la Sra. Meritxell Cardona L\u00f3pez, alcaldessa de Cornudella de Montsant, [&hellip;]<\/p>\n","protected":false},"author":1,"featured_media":8602,"comment_status":"open","ping_status":"closed","sticky":false,"template":"","format":"standard","meta":{"_bbp_topic_count":0,"_bbp_reply_count":0,"_bbp_total_topic_count":0,"_bbp_total_reply_count":0,"_bbp_voice_count":0,"_bbp_anonymous_reply_count":0,"_bbp_topic_count_hidden":0,"_bbp_reply_count_hidden":0,"_bbp_forum_subforum_count":0,"site-sidebar-layout":"default","site-content-layout":"","ast-site-content-layout":"","site-content-style":"default","site-sidebar-style":"default","ast-global-header-display":"","ast-banner-title-visibility":"","ast-main-header-display":"","ast-hfb-above-header-display":"","ast-hfb-below-header-display":"","ast-hfb-mobile-header-display":"","site-post-title":"","ast-breadcrumbs-content":"","ast-featured-img":"","footer-sml-layout":"","theme-transparent-header-meta":"","adv-header-id-meta":"","stick-header-meta":"","header-above-stick-meta":"","header-main-stick-meta":"","header-below-stick-meta":"","astra-migrate-meta-layouts":"default","ast-page-background-enabled":"default","ast-page-background-meta":{"desktop":{"background-color":"var(--ast-global-color-4)","background-image":"","background-repeat":"repeat","background-position":"center center","background-size":"auto","background-attachment":"scroll","background-type":"","background-media":"","overlay-type":"","overlay-color":"","overlay-opacity":"","overlay-gradient":""},"tablet":{"background-color":"","background-image":"","background-repeat":"repeat","background-position":"center center","background-size":"auto","background-attachment":"scroll","background-type":"","background-media":"","overlay-type":"","overlay-color":"","overlay-opacity":"","overlay-gradient":""},"mobile":{"background-color":"","background-image":"","background-repeat":"repeat","background-position":"center center","background-size":"auto","background-attachment":"scroll","background-type":"","background-media":"","overlay-type":"","overlay-color":"","overlay-opacity":"","overlay-gradient":""}},"ast-content-background-meta":{"desktop":{"background-color":"var(--ast-global-color-5)","background-image":"","background-repeat":"repeat","background-position":"center center","background-size":"auto","background-attachment":"scroll","background-type":"","background-media":"","overlay-type":"","overlay-color":"","overlay-opacity":"","overlay-gradient":""},"tablet":{"background-color":"var(--ast-global-color-5)","background-image":"","background-repeat":"repeat","background-position":"center center","background-size":"auto","background-attachment":"scroll","background-type":"","background-media":"","overlay-type":"","overlay-color":"","overlay-opacity":"","overlay-gradient":""},"mobile":{"background-color":"var(--ast-global-color-5)","background-image":"","background-repeat":"repeat","background-position":"center center","background-size":"auto","background-attachment":"scroll","background-type":"","background-media":"","overlay-type":"","overlay-color":"","overlay-opacity":"","overlay-gradient":""}},"footnotes":""},"categories":[1,29],"tags":[],"class_list":["post-8599","post","type-post","status-publish","format-standard","has-post-thumbnail","hentry","category-general","category-portada"],"post_mailing_queue_ids":[],"_links":{"self":[{"href":"https:\/\/serveiseducatius.xtec.cat\/priorat\/wp-json\/wp\/v2\/posts\/8599","targetHints":{"allow":["GET"]}}],"collection":[{"href":"https:\/\/serveiseducatius.xtec.cat\/priorat\/wp-json\/wp\/v2\/posts"}],"about":[{"href":"https:\/\/serveiseducatius.xtec.cat\/priorat\/wp-json\/wp\/v2\/types\/post"}],"author":[{"embeddable":true,"href":"https:\/\/serveiseducatius.xtec.cat\/priorat\/wp-json\/wp\/v2\/users\/1"}],"replies":[{"embeddable":true,"href":"https:\/\/serveiseducatius.xtec.cat\/priorat\/wp-json\/wp\/v2\/comments?post=8599"}],"version-history":[{"count":2,"href":"https:\/\/serveiseducatius.xtec.cat\/priorat\/wp-json\/wp\/v2\/posts\/8599\/revisions"}],"predecessor-version":[{"id":8606,"href":"https:\/\/serveiseducatius.xtec.cat\/priorat\/wp-json\/wp\/v2\/posts\/8599\/revisions\/8606"}],"wp:featuredmedia":[{"embeddable":true,"href":"https:\/\/serveiseducatius.xtec.cat\/priorat\/wp-json\/wp\/v2\/media\/8602"}],"wp:attachment":[{"href":"https:\/\/serveiseducatius.xtec.cat\/priorat\/wp-json\/wp\/v2\/media?parent=8599"}],"wp:term":[{"taxonomy":"category","embeddable":true,"href":"https:\/\/serveiseducatius.xtec.cat\/priorat\/wp-json\/wp\/v2\/categories?post=8599"},{"taxonomy":"post_tag","embeddable":true,"href":"https:\/\/serveiseducatius.xtec.cat\/priorat\/wp-json\/wp\/v2\/tags?post=8599"}],"curies":[{"name":"wp","href":"https:\/\/api.w.org\/{rel}","templated":true}]}}