{"id":8591,"date":"2023-06-13T11:00:47","date_gmt":"2023-06-13T09:00:47","guid":{"rendered":"https:\/\/serveiseducatius.xtec.cat\/priorat\/?p=8591"},"modified":"2023-06-13T11:00:47","modified_gmt":"2023-06-13T09:00:47","slug":"vi-jornades-dintercanvi-dexperiencies-2","status":"publish","type":"post","link":"https:\/\/serveiseducatius.xtec.cat\/priorat\/portada\/vi-jornades-dintercanvi-dexperiencies-2\/","title":{"rendered":"VI Jornades d&#8217;Intercanvi d&#8217;Experi\u00e8ncies"},"content":{"rendered":"<p>&nbsp;<\/p>\n<p>Experi\u00e8ncies de dijous 8 de juny<\/p>\n<p><strong>Confer\u00e8ncia de Vicki Bernadet sobre com detectar abusos sexuals en alumnes<\/strong><\/p>\n<p><img loading=\"lazy\" decoding=\"async\" class=\"wp-image-8588 aligncenter\" src=\"https:\/\/serveiseducatius.xtec.cat\/priorat\/wp-content\/uploads\/usu1129\/2023\/06\/IMG_20230608_160958-768x1024.jpg\" alt=\"\" width=\"329\" height=\"438\" srcset=\"https:\/\/serveiseducatius.xtec.cat\/priorat\/wp-content\/uploads\/usu1129\/2023\/06\/IMG_20230608_160958-768x1024.jpg 768w, https:\/\/serveiseducatius.xtec.cat\/priorat\/wp-content\/uploads\/usu1129\/2023\/06\/IMG_20230608_160958-225x300.jpg 225w, https:\/\/serveiseducatius.xtec.cat\/priorat\/wp-content\/uploads\/usu1129\/2023\/06\/IMG_20230608_160958-1152x1536.jpg 1152w, https:\/\/serveiseducatius.xtec.cat\/priorat\/wp-content\/uploads\/usu1129\/2023\/06\/IMG_20230608_160958-1536x2048.jpg 1536w, https:\/\/serveiseducatius.xtec.cat\/priorat\/wp-content\/uploads\/usu1129\/2023\/06\/IMG_20230608_160958-scaled.jpg 1920w\" sizes=\"auto, (max-width: 329px) 100vw, 329px\" \/><\/p>\n<p>&nbsp;<\/p>\n<p>La Fundaci\u00f3 Vicki Bernadet treballa des de 1997 per l&#8217;atenci\u00f3 integral, prevenci\u00f3, formaci\u00f3 i sensibilitzaci\u00f3 vers abusos sexuals infantils.<\/p>\n<p>&nbsp;<\/p>\n<p><strong>Creant inter\u00e8s per a la ci\u00e8ncia amb qu\u00edmica aplicada: Experimenta amb colors!<\/strong>-INS PRIORAT, a c\u00e0rrec de Montserrat Vaqu\u00e9 Marqu\u00e9s i Josep Coll \u00c0guila (Alumne)<\/p>\n<p><img loading=\"lazy\" decoding=\"async\" class=\"wp-image-8584 aligncenter\" src=\"https:\/\/serveiseducatius.xtec.cat\/priorat\/wp-content\/uploads\/usu1129\/2023\/06\/IMG_20230608_173824-1024x768.jpg\" alt=\"\" width=\"380\" height=\"285\" srcset=\"https:\/\/serveiseducatius.xtec.cat\/priorat\/wp-content\/uploads\/usu1129\/2023\/06\/IMG_20230608_173824-1024x768.jpg 1024w, https:\/\/serveiseducatius.xtec.cat\/priorat\/wp-content\/uploads\/usu1129\/2023\/06\/IMG_20230608_173824-300x225.jpg 300w, https:\/\/serveiseducatius.xtec.cat\/priorat\/wp-content\/uploads\/usu1129\/2023\/06\/IMG_20230608_173824-768x576.jpg 768w, https:\/\/serveiseducatius.xtec.cat\/priorat\/wp-content\/uploads\/usu1129\/2023\/06\/IMG_20230608_173824-1536x1152.jpg 1536w, https:\/\/serveiseducatius.xtec.cat\/priorat\/wp-content\/uploads\/usu1129\/2023\/06\/IMG_20230608_173824-2048x1536.jpg 2048w, https:\/\/serveiseducatius.xtec.cat\/priorat\/wp-content\/uploads\/usu1129\/2023\/06\/IMG_20230608_173824-200x150.jpg 200w\" sizes=\"auto, (max-width: 380px) 100vw, 380px\" \/><\/p>\n<p>En aquesta experi\u00e8ncia, 5 alumnes de 1r de Batxillerat, dins de la mat\u00e8ria de reptes de f\u00edsica i qu\u00edmica, han creat un taller de divulgaci\u00f3 sobre qu\u00edmica que van oferir als alumnes de 1r cicle d&#8217;ESO durant les Jornades Culturals. Van treballar a partir de la maleta de nano tecnologia i el taller realitzat a l&#8217;ICCIQ. D&#8217;altra banda, l&#8217;activitat pretenia canviar de rol, alumnat i professorat, de manera que els alumnes de batxillerat assumissin des de l&#8217;inici l&#8217;organitzaci\u00f3 del taller i totes les fases fins a la seva execuci\u00f3.<\/p>\n<p><strong>Experi\u00e8ncia gamificada en Minecraft!<\/strong>-INS PRIORAT, a c\u00e0rrec de C\u00e8sar Alapont Crespo<\/p>\n<p><img loading=\"lazy\" decoding=\"async\" class=\"wp-image-8592 aligncenter\" src=\"https:\/\/serveiseducatius.xtec.cat\/priorat\/wp-content\/uploads\/usu1129\/2023\/06\/IMG_20230608_180435-1024x768.jpg\" alt=\"\" width=\"376\" height=\"282\" srcset=\"https:\/\/serveiseducatius.xtec.cat\/priorat\/wp-content\/uploads\/usu1129\/2023\/06\/IMG_20230608_180435-1024x768.jpg 1024w, https:\/\/serveiseducatius.xtec.cat\/priorat\/wp-content\/uploads\/usu1129\/2023\/06\/IMG_20230608_180435-300x225.jpg 300w, https:\/\/serveiseducatius.xtec.cat\/priorat\/wp-content\/uploads\/usu1129\/2023\/06\/IMG_20230608_180435-768x576.jpg 768w, https:\/\/serveiseducatius.xtec.cat\/priorat\/wp-content\/uploads\/usu1129\/2023\/06\/IMG_20230608_180435-1536x1152.jpg 1536w, https:\/\/serveiseducatius.xtec.cat\/priorat\/wp-content\/uploads\/usu1129\/2023\/06\/IMG_20230608_180435-2048x1536.jpg 2048w, https:\/\/serveiseducatius.xtec.cat\/priorat\/wp-content\/uploads\/usu1129\/2023\/06\/IMG_20230608_180435-200x150.jpg 200w\" sizes=\"auto, (max-width: 376px) 100vw, 376px\" \/><\/p>\n<p>&nbsp;<\/p>\n<p>Experi\u00e8ncia educativa gamificada centrada en un projecte realitzat amb Minecraft, on l&#8217;estudiant de 2n d&#8217;ESO ha recreat una ciutat Medieval. Utilitzant aquesta plataforma virtual, els participants han desenvolupat habilitats de col3laboraci\u00f3, resoluci\u00f3 de problemes i creativitat. A m\u00e9s, han produ\u00eft una revista exhaustiva que explota i documenta tot el proc\u00e9s del projecte. Descobrim com aquesta iniciativa ha enriquit l&#8217;aprenentatge dels estudiants i ha fomentat la seva passi\u00f3 per la hist\u00f2ria i la tecnologia.<\/p>\n<p>&nbsp;<\/p>\n<p>Es va presentar una <strong>Maleta de contes per prevenir abusos sexuals infantils<\/strong> a c\u00e0rrec de professionals del Servei Educatiu del Priorat. Es posar\u00e0 en circulaci\u00f3 al setembre per els docents que la vulguin en pr\u00e9stec.<\/p>\n","protected":false},"excerpt":{"rendered":"<p>&nbsp; Experi\u00e8ncies de dijous 8 de juny Confer\u00e8ncia de Vicki Bernadet sobre com detectar abusos sexuals en alumnes &nbsp; La Fundaci\u00f3 Vicki Bernadet treballa des de 1997 per l&#8217;atenci\u00f3 integral, prevenci\u00f3, formaci\u00f3 i sensibilitzaci\u00f3 vers abusos sexuals infantils. &nbsp; Creant inter\u00e8s per a la ci\u00e8ncia amb qu\u00edmica aplicada: Experimenta amb colors!-INS PRIORAT, a c\u00e0rrec de [&hellip;]<\/p>\n","protected":false},"author":1,"featured_media":8592,"comment_status":"open","ping_status":"closed","sticky":false,"template":"","format":"standard","meta":{"_bbp_topic_count":0,"_bbp_reply_count":0,"_bbp_total_topic_count":0,"_bbp_total_reply_count":0,"_bbp_voice_count":0,"_bbp_anonymous_reply_count":0,"_bbp_topic_count_hidden":0,"_bbp_reply_count_hidden":0,"_bbp_forum_subforum_count":0,"site-sidebar-layout":"default","site-content-layout":"","ast-site-content-layout":"","site-content-style":"default","site-sidebar-style":"default","ast-global-header-display":"","ast-banner-title-visibility":"","ast-main-header-display":"","ast-hfb-above-header-display":"","ast-hfb-below-header-display":"","ast-hfb-mobile-header-display":"","site-post-title":"","ast-breadcrumbs-content":"","ast-featured-img":"","footer-sml-layout":"","theme-transparent-header-meta":"","adv-header-id-meta":"","stick-header-meta":"","header-above-stick-meta":"","header-main-stick-meta":"","header-below-stick-meta":"","astra-migrate-meta-layouts":"default","ast-page-background-enabled":"default","ast-page-background-meta":{"desktop":{"background-color":"var(--ast-global-color-4)","background-image":"","background-repeat":"repeat","background-position":"center center","background-size":"auto","background-attachment":"scroll","background-type":"","background-media":"","overlay-type":"","overlay-color":"","overlay-opacity":"","overlay-gradient":""},"tablet":{"background-color":"","background-image":"","background-repeat":"repeat","background-position":"center center","background-size":"auto","background-attachment":"scroll","background-type":"","background-media":"","overlay-type":"","overlay-color":"","overlay-opacity":"","overlay-gradient":""},"mobile":{"background-color":"","background-image":"","background-repeat":"repeat","background-position":"center center","background-size":"auto","background-attachment":"scroll","background-type":"","background-media":"","overlay-type":"","overlay-color":"","overlay-opacity":"","overlay-gradient":""}},"ast-content-background-meta":{"desktop":{"background-color":"var(--ast-global-color-5)","background-image":"","background-repeat":"repeat","background-position":"center center","background-size":"auto","background-attachment":"scroll","background-type":"","background-media":"","overlay-type":"","overlay-color":"","overlay-opacity":"","overlay-gradient":""},"tablet":{"background-color":"var(--ast-global-color-5)","background-image":"","background-repeat":"repeat","background-position":"center center","background-size":"auto","background-attachment":"scroll","background-type":"","background-media":"","overlay-type":"","overlay-color":"","overlay-opacity":"","overlay-gradient":""},"mobile":{"background-color":"var(--ast-global-color-5)","background-image":"","background-repeat":"repeat","background-position":"center center","background-size":"auto","background-attachment":"scroll","background-type":"","background-media":"","overlay-type":"","overlay-color":"","overlay-opacity":"","overlay-gradient":""}},"footnotes":""},"categories":[29],"tags":[],"class_list":["post-8591","post","type-post","status-publish","format-standard","has-post-thumbnail","hentry","category-portada"],"post_mailing_queue_ids":[],"_links":{"self":[{"href":"https:\/\/serveiseducatius.xtec.cat\/priorat\/wp-json\/wp\/v2\/posts\/8591","targetHints":{"allow":["GET"]}}],"collection":[{"href":"https:\/\/serveiseducatius.xtec.cat\/priorat\/wp-json\/wp\/v2\/posts"}],"about":[{"href":"https:\/\/serveiseducatius.xtec.cat\/priorat\/wp-json\/wp\/v2\/types\/post"}],"author":[{"embeddable":true,"href":"https:\/\/serveiseducatius.xtec.cat\/priorat\/wp-json\/wp\/v2\/users\/1"}],"replies":[{"embeddable":true,"href":"https:\/\/serveiseducatius.xtec.cat\/priorat\/wp-json\/wp\/v2\/comments?post=8591"}],"version-history":[{"count":3,"href":"https:\/\/serveiseducatius.xtec.cat\/priorat\/wp-json\/wp\/v2\/posts\/8591\/revisions"}],"predecessor-version":[{"id":8595,"href":"https:\/\/serveiseducatius.xtec.cat\/priorat\/wp-json\/wp\/v2\/posts\/8591\/revisions\/8595"}],"wp:featuredmedia":[{"embeddable":true,"href":"https:\/\/serveiseducatius.xtec.cat\/priorat\/wp-json\/wp\/v2\/media\/8592"}],"wp:attachment":[{"href":"https:\/\/serveiseducatius.xtec.cat\/priorat\/wp-json\/wp\/v2\/media?parent=8591"}],"wp:term":[{"taxonomy":"category","embeddable":true,"href":"https:\/\/serveiseducatius.xtec.cat\/priorat\/wp-json\/wp\/v2\/categories?post=8591"},{"taxonomy":"post_tag","embeddable":true,"href":"https:\/\/serveiseducatius.xtec.cat\/priorat\/wp-json\/wp\/v2\/tags?post=8591"}],"curies":[{"name":"wp","href":"https:\/\/api.w.org\/{rel}","templated":true}]}}