{"id":8579,"date":"2023-06-13T10:03:48","date_gmt":"2023-06-13T08:03:48","guid":{"rendered":"https:\/\/serveiseducatius.xtec.cat\/priorat\/?p=8579"},"modified":"2023-06-13T10:03:48","modified_gmt":"2023-06-13T08:03:48","slug":"vi-jornades-dintercanvi-dexperiencies","status":"publish","type":"post","link":"https:\/\/serveiseducatius.xtec.cat\/priorat\/portada\/vi-jornades-dintercanvi-dexperiencies\/","title":{"rendered":"VI Jornades d&#8217;intercanvi d&#8217;experi\u00e8ncies"},"content":{"rendered":"<p>El dimarts 6 de juny vam gaudir de les presentacions seg\u00fcents:<\/p>\n<p><strong>Capses i racons d&#8217;aprenentatge<\/strong> ZER AGL\u00c0, a c\u00e0rrec de Sabrina Poyo, Miriam Vendrell i Alba Figueras.<\/p>\n<p>Ens van explicar el proc\u00e9s de canvi, creaci\u00f3, posada a la pr\u00e0ctica i propostes de millora de les CAPSES d&#8217;APRENENTATGE a CM i CS\u00a0 i dels RACONS d&#8217;APRENENTATGE a EI i CI.<img loading=\"lazy\" decoding=\"async\" class=\"wp-image-8580 aligncenter\" src=\"https:\/\/serveiseducatius.xtec.cat\/priorat\/wp-content\/uploads\/usu1129\/2023\/06\/IMG_20230606_161114-1024x768.jpg\" alt=\"\" width=\"374\" height=\"280\" srcset=\"https:\/\/serveiseducatius.xtec.cat\/priorat\/wp-content\/uploads\/usu1129\/2023\/06\/IMG_20230606_161114-1024x768.jpg 1024w, https:\/\/serveiseducatius.xtec.cat\/priorat\/wp-content\/uploads\/usu1129\/2023\/06\/IMG_20230606_161114-300x225.jpg 300w, https:\/\/serveiseducatius.xtec.cat\/priorat\/wp-content\/uploads\/usu1129\/2023\/06\/IMG_20230606_161114-768x576.jpg 768w, https:\/\/serveiseducatius.xtec.cat\/priorat\/wp-content\/uploads\/usu1129\/2023\/06\/IMG_20230606_161114-1536x1152.jpg 1536w, https:\/\/serveiseducatius.xtec.cat\/priorat\/wp-content\/uploads\/usu1129\/2023\/06\/IMG_20230606_161114-2048x1536.jpg 2048w, https:\/\/serveiseducatius.xtec.cat\/priorat\/wp-content\/uploads\/usu1129\/2023\/06\/IMG_20230606_161114-200x150.jpg 200w\" sizes=\"auto, (max-width: 374px) 100vw, 374px\" \/><\/p>\n<p><strong>Les lletres viatgeres<\/strong>-ESCOLA ANTONI VILANOVA, a c\u00e0rrec de Vanesa Cort\u00e9s Escoda i Sandra Bru Poveda<\/p>\n<p>Ens van explicar la Maleta de les Lletres com a recurs per a treballar la lectoescriptura i m\u00e9s concretament la consci\u00e8ncia fonol\u00f2gica a l&#8217;Educaci\u00f3 Infantil.<\/p>\n<p><img loading=\"lazy\" decoding=\"async\" class=\"wp-image-8582 aligncenter\" src=\"https:\/\/serveiseducatius.xtec.cat\/priorat\/wp-content\/uploads\/usu1129\/2023\/06\/IMG_20230606_164533-1024x768.jpg\" alt=\"\" width=\"411\" height=\"309\" srcset=\"https:\/\/serveiseducatius.xtec.cat\/priorat\/wp-content\/uploads\/usu1129\/2023\/06\/IMG_20230606_164533-1024x768.jpg 1024w, https:\/\/serveiseducatius.xtec.cat\/priorat\/wp-content\/uploads\/usu1129\/2023\/06\/IMG_20230606_164533-300x225.jpg 300w, https:\/\/serveiseducatius.xtec.cat\/priorat\/wp-content\/uploads\/usu1129\/2023\/06\/IMG_20230606_164533-768x576.jpg 768w, https:\/\/serveiseducatius.xtec.cat\/priorat\/wp-content\/uploads\/usu1129\/2023\/06\/IMG_20230606_164533-1536x1152.jpg 1536w, https:\/\/serveiseducatius.xtec.cat\/priorat\/wp-content\/uploads\/usu1129\/2023\/06\/IMG_20230606_164533-2048x1536.jpg 2048w, https:\/\/serveiseducatius.xtec.cat\/priorat\/wp-content\/uploads\/usu1129\/2023\/06\/IMG_20230606_164533-200x150.jpg 200w\" sizes=\"auto, (max-width: 411px) 100vw, 411px\" \/><\/p>\n<p><strong>La visita de Bellmunt amb ulls d&#8217;infant<\/strong>-ESCOLA EL SARRA\u00cd, a c\u00e0rrec d&#8217;Elisenda Gabald\u00e0<\/p>\n<p>A l&#8217;aula d&#8217;EI i CI de l&#8217;escola El Sarra\u00ed, arriba una carta d&#8217;uns infants de l&#8217;escola de Falset amb una petici\u00f3: si els podem ensenyar el poble. Amb els nens ideem una ruta dels espais del poble que s\u00f3n significatius per ells, tot utilitzant els sentits i on ells s\u00f3n els guies.<\/p>\n<p>Es van cartejar amb ells amb postals del poble dibuixades per ells. Van crear sin\u00e8rgies amb els convidats i amb el poble. La proposta es far\u00e0 tamb\u00e9 amb l&#8217;alumnat de la ZER Baix Priorat.<\/p>\n<p><img loading=\"lazy\" decoding=\"async\" class=\"wp-image-8586 aligncenter\" src=\"https:\/\/serveiseducatius.xtec.cat\/priorat\/wp-content\/uploads\/usu1129\/2023\/06\/IMG_20230606_175701-1024x768.jpg\" alt=\"\" width=\"383\" height=\"287\" srcset=\"https:\/\/serveiseducatius.xtec.cat\/priorat\/wp-content\/uploads\/usu1129\/2023\/06\/IMG_20230606_175701-1024x768.jpg 1024w, https:\/\/serveiseducatius.xtec.cat\/priorat\/wp-content\/uploads\/usu1129\/2023\/06\/IMG_20230606_175701-300x225.jpg 300w, https:\/\/serveiseducatius.xtec.cat\/priorat\/wp-content\/uploads\/usu1129\/2023\/06\/IMG_20230606_175701-768x576.jpg 768w, https:\/\/serveiseducatius.xtec.cat\/priorat\/wp-content\/uploads\/usu1129\/2023\/06\/IMG_20230606_175701-1536x1152.jpg 1536w, https:\/\/serveiseducatius.xtec.cat\/priorat\/wp-content\/uploads\/usu1129\/2023\/06\/IMG_20230606_175701-2048x1536.jpg 2048w, https:\/\/serveiseducatius.xtec.cat\/priorat\/wp-content\/uploads\/usu1129\/2023\/06\/IMG_20230606_175701-200x150.jpg 200w\" sizes=\"auto, (max-width: 383px) 100vw, 383px\" \/><\/p>\n<p><strong>Artivisme<\/strong>, una experi\u00e8ncia de pl\u00e0stica per tractar el tema del desgel-ESCOLA ANTONI VILANOVA, a c\u00e0rrec de Marina Segado<\/p>\n<p>Es va tractar la tem\u00e0tica del desgel, causes (canvi clim\u00e0tic, efecte hivernacle&#8230;) i principals repercussions (augment del nivell del mar, animals en perill d&#8217;extinci\u00f3&#8230;). Es va utilitzar l&#8217;art com a eina de conscienciaci\u00f3 envers aquesta problem\u00e0tica, aix\u00ed com a mitj\u00e0 d&#8217;expressi\u00f3 amb la intenci\u00f3 no tan sols de con\u00e8ixer l&#8217;entorn sin\u00f3 d&#8217;actuar per millorar-lo. Entre d&#8217;altres metodologies es van emprar capses d&#8217;aprenentatge.<\/p>\n<p><img loading=\"lazy\" decoding=\"async\" class=\"wp-image-8587 aligncenter\" src=\"https:\/\/serveiseducatius.xtec.cat\/priorat\/wp-content\/uploads\/usu1129\/2023\/06\/IMG_20230606_180356-1024x768.jpg\" alt=\"\" width=\"399\" height=\"299\" srcset=\"https:\/\/serveiseducatius.xtec.cat\/priorat\/wp-content\/uploads\/usu1129\/2023\/06\/IMG_20230606_180356-1024x768.jpg 1024w, https:\/\/serveiseducatius.xtec.cat\/priorat\/wp-content\/uploads\/usu1129\/2023\/06\/IMG_20230606_180356-300x225.jpg 300w, https:\/\/serveiseducatius.xtec.cat\/priorat\/wp-content\/uploads\/usu1129\/2023\/06\/IMG_20230606_180356-768x576.jpg 768w, https:\/\/serveiseducatius.xtec.cat\/priorat\/wp-content\/uploads\/usu1129\/2023\/06\/IMG_20230606_180356-1536x1152.jpg 1536w, https:\/\/serveiseducatius.xtec.cat\/priorat\/wp-content\/uploads\/usu1129\/2023\/06\/IMG_20230606_180356-2048x1536.jpg 2048w, https:\/\/serveiseducatius.xtec.cat\/priorat\/wp-content\/uploads\/usu1129\/2023\/06\/IMG_20230606_180356-200x150.jpg 200w\" sizes=\"auto, (max-width: 399px) 100vw, 399px\" \/><\/p>\n<p>&nbsp;<\/p>\n<p>&nbsp;<\/p>\n","protected":false},"excerpt":{"rendered":"<p>El dimarts 6 de juny vam gaudir de les presentacions seg\u00fcents: Capses i racons d&#8217;aprenentatge ZER AGL\u00c0, a c\u00e0rrec de Sabrina Poyo, Miriam Vendrell i Alba Figueras. Ens van explicar el proc\u00e9s de canvi, creaci\u00f3, posada a la pr\u00e0ctica i propostes de millora de les CAPSES d&#8217;APRENENTATGE a CM i CS\u00a0 i dels RACONS d&#8217;APRENENTATGE [&hellip;]<\/p>\n","protected":false},"author":1,"featured_media":0,"comment_status":"open","ping_status":"closed","sticky":false,"template":"","format":"standard","meta":{"_bbp_topic_count":0,"_bbp_reply_count":0,"_bbp_total_topic_count":0,"_bbp_total_reply_count":0,"_bbp_voice_count":0,"_bbp_anonymous_reply_count":0,"_bbp_topic_count_hidden":0,"_bbp_reply_count_hidden":0,"_bbp_forum_subforum_count":0,"site-sidebar-layout":"default","site-content-layout":"","ast-site-content-layout":"","site-content-style":"default","site-sidebar-style":"default","ast-global-header-display":"","ast-banner-title-visibility":"","ast-main-header-display":"","ast-hfb-above-header-display":"","ast-hfb-below-header-display":"","ast-hfb-mobile-header-display":"","site-post-title":"","ast-breadcrumbs-content":"","ast-featured-img":"","footer-sml-layout":"","theme-transparent-header-meta":"","adv-header-id-meta":"","stick-header-meta":"","header-above-stick-meta":"","header-main-stick-meta":"","header-below-stick-meta":"","astra-migrate-meta-layouts":"default","ast-page-background-enabled":"default","ast-page-background-meta":{"desktop":{"background-color":"var(--ast-global-color-4)","background-image":"","background-repeat":"repeat","background-position":"center center","background-size":"auto","background-attachment":"scroll","background-type":"","background-media":"","overlay-type":"","overlay-color":"","overlay-opacity":"","overlay-gradient":""},"tablet":{"background-color":"","background-image":"","background-repeat":"repeat","background-position":"center center","background-size":"auto","background-attachment":"scroll","background-type":"","background-media":"","overlay-type":"","overlay-color":"","overlay-opacity":"","overlay-gradient":""},"mobile":{"background-color":"","background-image":"","background-repeat":"repeat","background-position":"center center","background-size":"auto","background-attachment":"scroll","background-type":"","background-media":"","overlay-type":"","overlay-color":"","overlay-opacity":"","overlay-gradient":""}},"ast-content-background-meta":{"desktop":{"background-color":"var(--ast-global-color-5)","background-image":"","background-repeat":"repeat","background-position":"center center","background-size":"auto","background-attachment":"scroll","background-type":"","background-media":"","overlay-type":"","overlay-color":"","overlay-opacity":"","overlay-gradient":""},"tablet":{"background-color":"var(--ast-global-color-5)","background-image":"","background-repeat":"repeat","background-position":"center center","background-size":"auto","background-attachment":"scroll","background-type":"","background-media":"","overlay-type":"","overlay-color":"","overlay-opacity":"","overlay-gradient":""},"mobile":{"background-color":"var(--ast-global-color-5)","background-image":"","background-repeat":"repeat","background-position":"center center","background-size":"auto","background-attachment":"scroll","background-type":"","background-media":"","overlay-type":"","overlay-color":"","overlay-opacity":"","overlay-gradient":""}},"footnotes":""},"categories":[29],"tags":[],"class_list":["post-8579","post","type-post","status-publish","format-standard","hentry","category-portada"],"post_mailing_queue_ids":[],"_links":{"self":[{"href":"https:\/\/serveiseducatius.xtec.cat\/priorat\/wp-json\/wp\/v2\/posts\/8579","targetHints":{"allow":["GET"]}}],"collection":[{"href":"https:\/\/serveiseducatius.xtec.cat\/priorat\/wp-json\/wp\/v2\/posts"}],"about":[{"href":"https:\/\/serveiseducatius.xtec.cat\/priorat\/wp-json\/wp\/v2\/types\/post"}],"author":[{"embeddable":true,"href":"https:\/\/serveiseducatius.xtec.cat\/priorat\/wp-json\/wp\/v2\/users\/1"}],"replies":[{"embeddable":true,"href":"https:\/\/serveiseducatius.xtec.cat\/priorat\/wp-json\/wp\/v2\/comments?post=8579"}],"version-history":[{"count":3,"href":"https:\/\/serveiseducatius.xtec.cat\/priorat\/wp-json\/wp\/v2\/posts\/8579\/revisions"}],"predecessor-version":[{"id":8590,"href":"https:\/\/serveiseducatius.xtec.cat\/priorat\/wp-json\/wp\/v2\/posts\/8579\/revisions\/8590"}],"wp:attachment":[{"href":"https:\/\/serveiseducatius.xtec.cat\/priorat\/wp-json\/wp\/v2\/media?parent=8579"}],"wp:term":[{"taxonomy":"category","embeddable":true,"href":"https:\/\/serveiseducatius.xtec.cat\/priorat\/wp-json\/wp\/v2\/categories?post=8579"},{"taxonomy":"post_tag","embeddable":true,"href":"https:\/\/serveiseducatius.xtec.cat\/priorat\/wp-json\/wp\/v2\/tags?post=8579"}],"curies":[{"name":"wp","href":"https:\/\/api.w.org\/{rel}","templated":true}]}}