{"id":8558,"date":"2023-04-25T10:49:52","date_gmt":"2023-04-25T08:49:52","guid":{"rendered":"https:\/\/serveiseducatius.xtec.cat\/priorat\/?p=8558"},"modified":"2026-02-06T09:47:00","modified_gmt":"2026-02-06T08:47:00","slug":"coneguem-el-priorat","status":"publish","type":"post","link":"https:\/\/serveiseducatius.xtec.cat\/priorat\/general\/coneguem-el-priorat\/","title":{"rendered":"Coneguem el Priorat"},"content":{"rendered":"<p><strong>Coneguem el Priorat.<\/strong><\/p>\n<p><strong>\u00a0\u00c9s una iniciativa sorgida durant les sessions de treball fetes en el marc del Pla de Gesti\u00f3 de la candidatura a\u00a0 Patrimoni de la Humanitat, entre mestres del Priorat, Prioritat, el Servei Educatiu del Priorat i el Consell Comarcal del Priorat.<\/strong><\/p>\n<p><strong>Els objectius principals de \u201cConeguem el Priorat\u201d, s\u00f3n que els alumnes descobreixin els atributs i els valors materials i immaterials que caracteritzen els pobles de la comarca; prenguin consci\u00e8ncia de la import\u00e0ncia del paisatge del Priorat i el valorin; es fomentin les relacions interpersonals a trav\u00e9s de les diferents activitats; es treballi la relaci\u00f3 entre alumnes de prim\u00e0ria (CM) i secund\u00e0ria, i es doni responsabilitat als alumnes de 4t d\u2019ESO en la direcci\u00f3 i desenvolupament de les activitats.<\/strong><\/p>\n<p><strong>Es va iniciar el curs 2016-2017 a la Vilella Alta, el 2017-2018 a Margalef, el 2018-2019 a la Torre de Fontaubella, el curs 2019-2020 no es va realitzar a causa de la pand\u00e8mia, el curs 2020-2021 es va fer en els pobles de cada escola, el 2021-2022 a La Figuera i aquesta edici\u00f3 ha tocat a la Morera de Montsant.<\/strong><img loading=\"lazy\" decoding=\"async\" class=\"wp-image-8560 aligncenter\" src=\"https:\/\/serveiseducatius.xtec.cat\/priorat\/wp-content\/uploads\/usu1129\/2023\/04\/fotos-morera-5-768x1024.jpg\" alt=\"\" width=\"261\" height=\"348\" srcset=\"https:\/\/serveiseducatius.xtec.cat\/priorat\/wp-content\/uploads\/usu1129\/2023\/04\/fotos-morera-5-768x1024.jpg 768w, https:\/\/serveiseducatius.xtec.cat\/priorat\/wp-content\/uploads\/usu1129\/2023\/04\/fotos-morera-5-225x300.jpg 225w, https:\/\/serveiseducatius.xtec.cat\/priorat\/wp-content\/uploads\/usu1129\/2023\/04\/fotos-morera-5-1152x1536.jpg 1152w, https:\/\/serveiseducatius.xtec.cat\/priorat\/wp-content\/uploads\/usu1129\/2023\/04\/fotos-morera-5-1536x2048.jpg 1536w, https:\/\/serveiseducatius.xtec.cat\/priorat\/wp-content\/uploads\/usu1129\/2023\/04\/fotos-morera-5-scaled.jpg 1920w\" sizes=\"auto, (max-width: 261px) 100vw, 261px\" \/><\/p>\n","protected":false},"excerpt":{"rendered":"<p>Coneguem el Priorat. \u00a0\u00c9s una iniciativa sorgida durant les sessions de treball fetes en el marc del Pla de Gesti\u00f3 de la candidatura a\u00a0 Patrimoni de la Humanitat, entre mestres del Priorat, Prioritat, el Servei Educatiu del Priorat i el Consell Comarcal del Priorat. Els objectius principals de \u201cConeguem el Priorat\u201d, s\u00f3n que els alumnes [&hellip;]<\/p>\n","protected":false},"author":1,"featured_media":0,"comment_status":"open","ping_status":"closed","sticky":false,"template":"","format":"standard","meta":{"_bbp_topic_count":0,"_bbp_reply_count":0,"_bbp_total_topic_count":0,"_bbp_total_reply_count":0,"_bbp_voice_count":0,"_bbp_anonymous_reply_count":0,"_bbp_topic_count_hidden":0,"_bbp_reply_count_hidden":0,"_bbp_forum_subforum_count":0,"site-sidebar-layout":"default","site-content-layout":"","ast-site-content-layout":"default","site-content-style":"default","site-sidebar-style":"default","ast-global-header-display":"","ast-banner-title-visibility":"","ast-main-header-display":"","ast-hfb-above-header-display":"","ast-hfb-below-header-display":"","ast-hfb-mobile-header-display":"","site-post-title":"","ast-breadcrumbs-content":"","ast-featured-img":"","footer-sml-layout":"","theme-transparent-header-meta":"default","adv-header-id-meta":"","stick-header-meta":"","header-above-stick-meta":"","header-main-stick-meta":"","header-below-stick-meta":"","astra-migrate-meta-layouts":"set","ast-page-background-enabled":"default","ast-page-background-meta":{"desktop":{"background-color":"var(--ast-global-color-4)","background-image":"","background-repeat":"repeat","background-position":"center center","background-size":"auto","background-attachment":"scroll","background-type":"","background-media":"","overlay-type":"","overlay-color":"","overlay-opacity":"","overlay-gradient":""},"tablet":{"background-color":"","background-image":"","background-repeat":"repeat","background-position":"center center","background-size":"auto","background-attachment":"scroll","background-type":"","background-media":"","overlay-type":"","overlay-color":"","overlay-opacity":"","overlay-gradient":""},"mobile":{"background-color":"","background-image":"","background-repeat":"repeat","background-position":"center center","background-size":"auto","background-attachment":"scroll","background-type":"","background-media":"","overlay-type":"","overlay-color":"","overlay-opacity":"","overlay-gradient":""}},"ast-content-background-meta":{"desktop":{"background-color":"var(--ast-global-color-5)","background-image":"","background-repeat":"repeat","background-position":"center center","background-size":"auto","background-attachment":"scroll","background-type":"","background-media":"","overlay-type":"","overlay-color":"","overlay-opacity":"","overlay-gradient":""},"tablet":{"background-color":"var(--ast-global-color-5)","background-image":"","background-repeat":"repeat","background-position":"center center","background-size":"auto","background-attachment":"scroll","background-type":"","background-media":"","overlay-type":"","overlay-color":"","overlay-opacity":"","overlay-gradient":""},"mobile":{"background-color":"var(--ast-global-color-5)","background-image":"","background-repeat":"repeat","background-position":"center center","background-size":"auto","background-attachment":"scroll","background-type":"","background-media":"","overlay-type":"","overlay-color":"","overlay-opacity":"","overlay-gradient":""}},"footnotes":""},"categories":[1,29],"tags":[],"class_list":["post-8558","post","type-post","status-publish","format-standard","hentry","category-general","category-portada"],"post_mailing_queue_ids":[],"_links":{"self":[{"href":"https:\/\/serveiseducatius.xtec.cat\/priorat\/wp-json\/wp\/v2\/posts\/8558","targetHints":{"allow":["GET"]}}],"collection":[{"href":"https:\/\/serveiseducatius.xtec.cat\/priorat\/wp-json\/wp\/v2\/posts"}],"about":[{"href":"https:\/\/serveiseducatius.xtec.cat\/priorat\/wp-json\/wp\/v2\/types\/post"}],"author":[{"embeddable":true,"href":"https:\/\/serveiseducatius.xtec.cat\/priorat\/wp-json\/wp\/v2\/users\/1"}],"replies":[{"embeddable":true,"href":"https:\/\/serveiseducatius.xtec.cat\/priorat\/wp-json\/wp\/v2\/comments?post=8558"}],"version-history":[{"count":5,"href":"https:\/\/serveiseducatius.xtec.cat\/priorat\/wp-json\/wp\/v2\/posts\/8558\/revisions"}],"predecessor-version":[{"id":9374,"href":"https:\/\/serveiseducatius.xtec.cat\/priorat\/wp-json\/wp\/v2\/posts\/8558\/revisions\/9374"}],"wp:attachment":[{"href":"https:\/\/serveiseducatius.xtec.cat\/priorat\/wp-json\/wp\/v2\/media?parent=8558"}],"wp:term":[{"taxonomy":"category","embeddable":true,"href":"https:\/\/serveiseducatius.xtec.cat\/priorat\/wp-json\/wp\/v2\/categories?post=8558"},{"taxonomy":"post_tag","embeddable":true,"href":"https:\/\/serveiseducatius.xtec.cat\/priorat\/wp-json\/wp\/v2\/tags?post=8558"}],"curies":[{"name":"wp","href":"https:\/\/api.w.org\/{rel}","templated":true}]}}