{"id":8474,"date":"2023-02-14T13:02:33","date_gmt":"2023-02-14T12:02:33","guid":{"rendered":"https:\/\/serveiseducatius.xtec.cat\/priorat\/?p=8474"},"modified":"2023-02-14T13:08:23","modified_gmt":"2023-02-14T12:08:23","slug":"conferencies-de-llengues-i-cultures-del-mon","status":"publish","type":"post","link":"https:\/\/serveiseducatius.xtec.cat\/priorat\/general\/conferencies-de-llengues-i-cultures-del-mon\/","title":{"rendered":"Confer\u00e8ncies de Lleng\u00fces i Cultures del M\u00f3n"},"content":{"rendered":"<p><img loading=\"lazy\" decoding=\"async\" class=\"alignleft\" src=\"https:\/\/blogs.uoc.edu\/llenguailiteratura\/wp-content\/uploads\/sites\/172\/2014\/01\/juventud-y-lenguas.jpg\" alt=\"Tipologia ing\u00fc\u00edstica. La unitat i la diversitat de les lleng\u00fces del m\u00f3n. - Llengua i Literatura\" width=\"363\" height=\"232\" \/>El Servei de Lleng\u00fces Estrangeres i d&#8217;Origen organitza dues confer\u00e8ncies a c\u00e0rrec d&#8217;experts que ens permetr\u00e0 fer un primer apropament a la realitat dels diferents pa\u00efsos d&#8217;origen de bona part del nostre alumnat.<\/p>\n<p>La primera confer\u00e8ncia\u00a0tractar\u00e0 sobre el <span style=\"text-decoration: underline;\"><strong>Poble amazic<\/strong><\/span> i la segona sobre <span style=\"text-decoration: underline;\"><strong>l&#8217;Am\u00e8rica llatina.<\/strong><\/span><\/p>\n<p>En l\u2019actualitat convivim amb moltes persones arribades en els darrers anys de l&#8217;\u00c0frica Subsahariana, el Marroc, poble amazic, de la Xina, de l\u2019\u00c0sia Meridional, de l\u2019Am\u00e8rica Llatina, del Brasil\/Portugal, de Romania, de R\u00fassia i d&#8217;Ucra\u00efna. Apropar-nos a aquestes realitats ens pot permetre\u00a0respondre a les necessitats d\u2019un alumnat divers.<\/p>\n<p>Rebreu l&#8217;enlla\u00e7 a cadascuna de les dues confer\u00e8ncies un cop inscrits.<\/p>\n<p>&nbsp;<\/p>\n<p><b>Lleng\u00fces\u00a0i cultures del m\u00f3n:\u00a0El poble amazic\u00a0<\/b><\/p>\n<p dir=\"ltr\">\u00a0\u00a0\u00a016 de mar\u00e7 de les 17h a les 19h<span class=\"gmail_default\">. Telem\u00e0tica<\/span><\/p>\n<p dir=\"ltr\">\u00a0\u00a0\u00a0Codi: 7000140542<\/p>\n<p dir=\"ltr\">\u00a0<b>Lleng\u00fces i cultures del m\u00f3n: <\/b><b>Am\u00e8rica llatina<\/b><\/p>\n<p dir=\"ltr\">\u00a0\u00a0\u00a01<span class=\"gmail_default\">3<\/span> d&#8217;abril de les 17h a les 19h<span class=\"gmail_default\">. Telem\u00e0tica<\/span><\/p>\n<p dir=\"ltr\">\u00a0\u00a0\u00a0Codi<span class=\"gmail_default\">:<\/span> 7000120542<\/p>\n","protected":false},"excerpt":{"rendered":"<p>El Servei de Lleng\u00fces Estrangeres i d&#8217;Origen organitza dues confer\u00e8ncies a c\u00e0rrec d&#8217;experts que ens permetr\u00e0 fer un primer apropament a la realitat dels diferents pa\u00efsos d&#8217;origen de bona part del nostre alumnat. La primera confer\u00e8ncia\u00a0tractar\u00e0 sobre el Poble amazic i la segona sobre l&#8217;Am\u00e8rica llatina. En l\u2019actualitat convivim amb moltes persones arribades en els [&hellip;]<\/p>\n","protected":false},"author":8,"featured_media":8485,"comment_status":"closed","ping_status":"closed","sticky":false,"template":"","format":"standard","meta":{"_bbp_topic_count":0,"_bbp_reply_count":0,"_bbp_total_topic_count":0,"_bbp_total_reply_count":0,"_bbp_voice_count":0,"_bbp_anonymous_reply_count":0,"_bbp_topic_count_hidden":0,"_bbp_reply_count_hidden":0,"_bbp_forum_subforum_count":0,"site-sidebar-layout":"default","site-content-layout":"","ast-site-content-layout":"","site-content-style":"default","site-sidebar-style":"default","ast-global-header-display":"","ast-banner-title-visibility":"","ast-main-header-display":"","ast-hfb-above-header-display":"","ast-hfb-below-header-display":"","ast-hfb-mobile-header-display":"","site-post-title":"","ast-breadcrumbs-content":"","ast-featured-img":"","footer-sml-layout":"","theme-transparent-header-meta":"","adv-header-id-meta":"","stick-header-meta":"","header-above-stick-meta":"","header-main-stick-meta":"","header-below-stick-meta":"","astra-migrate-meta-layouts":"default","ast-page-background-enabled":"default","ast-page-background-meta":{"desktop":{"background-color":"var(--ast-global-color-4)","background-image":"","background-repeat":"repeat","background-position":"center center","background-size":"auto","background-attachment":"scroll","background-type":"","background-media":"","overlay-type":"","overlay-color":"","overlay-opacity":"","overlay-gradient":""},"tablet":{"background-color":"","background-image":"","background-repeat":"repeat","background-position":"center center","background-size":"auto","background-attachment":"scroll","background-type":"","background-media":"","overlay-type":"","overlay-color":"","overlay-opacity":"","overlay-gradient":""},"mobile":{"background-color":"","background-image":"","background-repeat":"repeat","background-position":"center center","background-size":"auto","background-attachment":"scroll","background-type":"","background-media":"","overlay-type":"","overlay-color":"","overlay-opacity":"","overlay-gradient":""}},"ast-content-background-meta":{"desktop":{"background-color":"var(--ast-global-color-5)","background-image":"","background-repeat":"repeat","background-position":"center center","background-size":"auto","background-attachment":"scroll","background-type":"","background-media":"","overlay-type":"","overlay-color":"","overlay-opacity":"","overlay-gradient":""},"tablet":{"background-color":"var(--ast-global-color-5)","background-image":"","background-repeat":"repeat","background-position":"center center","background-size":"auto","background-attachment":"scroll","background-type":"","background-media":"","overlay-type":"","overlay-color":"","overlay-opacity":"","overlay-gradient":""},"mobile":{"background-color":"var(--ast-global-color-5)","background-image":"","background-repeat":"repeat","background-position":"center center","background-size":"auto","background-attachment":"scroll","background-type":"","background-media":"","overlay-type":"","overlay-color":"","overlay-opacity":"","overlay-gradient":""}},"footnotes":""},"categories":[68,1,29],"tags":[341,340],"class_list":["post-8474","post","type-post","status-publish","format-standard","has-post-thumbnail","hentry","category-elic","category-general","category-portada","tag-interculturalitat","tag-llengues"],"post_mailing_queue_ids":[],"_links":{"self":[{"href":"https:\/\/serveiseducatius.xtec.cat\/priorat\/wp-json\/wp\/v2\/posts\/8474","targetHints":{"allow":["GET"]}}],"collection":[{"href":"https:\/\/serveiseducatius.xtec.cat\/priorat\/wp-json\/wp\/v2\/posts"}],"about":[{"href":"https:\/\/serveiseducatius.xtec.cat\/priorat\/wp-json\/wp\/v2\/types\/post"}],"author":[{"embeddable":true,"href":"https:\/\/serveiseducatius.xtec.cat\/priorat\/wp-json\/wp\/v2\/users\/8"}],"replies":[{"embeddable":true,"href":"https:\/\/serveiseducatius.xtec.cat\/priorat\/wp-json\/wp\/v2\/comments?post=8474"}],"version-history":[{"count":3,"href":"https:\/\/serveiseducatius.xtec.cat\/priorat\/wp-json\/wp\/v2\/posts\/8474\/revisions"}],"predecessor-version":[{"id":8486,"href":"https:\/\/serveiseducatius.xtec.cat\/priorat\/wp-json\/wp\/v2\/posts\/8474\/revisions\/8486"}],"wp:featuredmedia":[{"embeddable":true,"href":"https:\/\/serveiseducatius.xtec.cat\/priorat\/wp-json\/wp\/v2\/media\/8485"}],"wp:attachment":[{"href":"https:\/\/serveiseducatius.xtec.cat\/priorat\/wp-json\/wp\/v2\/media?parent=8474"}],"wp:term":[{"taxonomy":"category","embeddable":true,"href":"https:\/\/serveiseducatius.xtec.cat\/priorat\/wp-json\/wp\/v2\/categories?post=8474"},{"taxonomy":"post_tag","embeddable":true,"href":"https:\/\/serveiseducatius.xtec.cat\/priorat\/wp-json\/wp\/v2\/tags?post=8474"}],"curies":[{"name":"wp","href":"https:\/\/api.w.org\/{rel}","templated":true}]}}