{"id":8348,"date":"2022-02-16T14:28:53","date_gmt":"2022-02-16T13:28:53","guid":{"rendered":"https:\/\/serveiseducatius.xtec.cat\/priorat\/?p=8348"},"modified":"2022-02-16T14:29:29","modified_gmt":"2022-02-16T13:29:29","slug":"connectem-amb-hector-ruiz","status":"publish","type":"post","link":"https:\/\/serveiseducatius.xtec.cat\/priorat\/general\/connectem-amb-hector-ruiz\/","title":{"rendered":"CONNECTEM! AMB H\u00c9CTOR RUIZ"},"content":{"rendered":"<p>&nbsp;<\/p>\n<p style=\"font-family: 'Helvetica Neue', Helvetica, Helvetica, Arial, sans-serif; font-size: 16px;\"><img loading=\"lazy\" decoding=\"async\" class=\"alignright\" src=\"https:\/\/serveiseducatius.xtec.cat\/conca\/wp-content\/uploads\/usu1131\/2022\/02\/Connectem-Amb-Hector-Ruiz-4.png\" width=\"348\" height=\"261\" \/>Us convidem a la propera xerrada que realitzar\u00e0 l\u2019H\u00e9ctor Ruiz amb el t\u00edtol <strong>Connectem!\u00a0<\/strong>organitzada des dels Serveis Territorials\u00a0 d&#8217;Educaci\u00f3 a Tarragona conjuntament amb els CRP.<\/p>\n<p>La xerrada tindr\u00e0 dues parts, una primera intervenci\u00f3 de l\u2019H\u00e9ctor Ruiz i una segona part en format taula de di\u00e0leg amb la la intervenci\u00f3 de 6 docents dels diferents territoris de l&#8217;\u00e0mbit d&#8217;actuaci\u00f3 dels Serveis Territorials d&#8217;Educaci\u00f3 a Tarragon, que faran propostes educatives fonamentades en com aprenem.<\/p>\n<ul>\n<li>\n<p style=\"font-family: 'Helvetica Neue', Helvetica, Helvetica, Arial, sans-serif; font-size: 16px;\"><span style=\"font-family: inherit; font-size: 1em;\">Data: 16 de mar\u00e7<\/span><\/p>\n<\/li>\n<li>Horari:17:15-19:15h<\/li>\n<li>Codi activitat: 7000330507<\/li>\n<li><a href=\"https:\/\/aplicacions.gestioeducativa.gencat.cat\/pls\/soloas\/pk_for_mod_ins.p_for_detall_activitat?p_codi=7000330507&amp;p_curs=2021-2022&amp;p_es_inscr=S\" target=\"_blank\" rel=\"noopener\">Inscripci\u00f3<\/a><\/li>\n<li>Enlla\u00e7 de connexi\u00f3:\u00a0<a href=\"https:\/\/youtu.be\/1vbSzSYoa1Q\" target=\"_blank\" rel=\"noopener\">https:\/\/youtu.be\/1vbSzSYoa1Q<\/a><\/li>\n<\/ul>\n","protected":false},"excerpt":{"rendered":"<p>&nbsp; Us convidem a la propera xerrada que realitzar\u00e0 l\u2019H\u00e9ctor Ruiz amb el t\u00edtol Connectem!\u00a0organitzada des dels Serveis Territorials\u00a0 d&#8217;Educaci\u00f3 a Tarragona conjuntament amb els CRP. La xerrada tindr\u00e0 dues parts, una primera intervenci\u00f3 de l\u2019H\u00e9ctor Ruiz i una segona part en format taula de di\u00e0leg amb la la intervenci\u00f3 de 6 docents dels diferents [&hellip;]<\/p>\n","protected":false},"author":1,"featured_media":8350,"comment_status":"open","ping_status":"closed","sticky":false,"template":"","format":"standard","meta":{"_bbp_topic_count":0,"_bbp_reply_count":0,"_bbp_total_topic_count":0,"_bbp_total_reply_count":0,"_bbp_voice_count":0,"_bbp_anonymous_reply_count":0,"_bbp_topic_count_hidden":0,"_bbp_reply_count_hidden":0,"_bbp_forum_subforum_count":0,"site-sidebar-layout":"default","site-content-layout":"","ast-site-content-layout":"","site-content-style":"default","site-sidebar-style":"default","ast-global-header-display":"","ast-banner-title-visibility":"","ast-main-header-display":"","ast-hfb-above-header-display":"","ast-hfb-below-header-display":"","ast-hfb-mobile-header-display":"","site-post-title":"","ast-breadcrumbs-content":"","ast-featured-img":"","footer-sml-layout":"","theme-transparent-header-meta":"","adv-header-id-meta":"","stick-header-meta":"","header-above-stick-meta":"","header-main-stick-meta":"","header-below-stick-meta":"","astra-migrate-meta-layouts":"default","ast-page-background-enabled":"default","ast-page-background-meta":{"desktop":{"background-color":"var(--ast-global-color-4)","background-image":"","background-repeat":"repeat","background-position":"center center","background-size":"auto","background-attachment":"scroll","background-type":"","background-media":"","overlay-type":"","overlay-color":"","overlay-opacity":"","overlay-gradient":""},"tablet":{"background-color":"","background-image":"","background-repeat":"repeat","background-position":"center center","background-size":"auto","background-attachment":"scroll","background-type":"","background-media":"","overlay-type":"","overlay-color":"","overlay-opacity":"","overlay-gradient":""},"mobile":{"background-color":"","background-image":"","background-repeat":"repeat","background-position":"center center","background-size":"auto","background-attachment":"scroll","background-type":"","background-media":"","overlay-type":"","overlay-color":"","overlay-opacity":"","overlay-gradient":""}},"ast-content-background-meta":{"desktop":{"background-color":"var(--ast-global-color-5)","background-image":"","background-repeat":"repeat","background-position":"center center","background-size":"auto","background-attachment":"scroll","background-type":"","background-media":"","overlay-type":"","overlay-color":"","overlay-opacity":"","overlay-gradient":""},"tablet":{"background-color":"var(--ast-global-color-5)","background-image":"","background-repeat":"repeat","background-position":"center center","background-size":"auto","background-attachment":"scroll","background-type":"","background-media":"","overlay-type":"","overlay-color":"","overlay-opacity":"","overlay-gradient":""},"mobile":{"background-color":"var(--ast-global-color-5)","background-image":"","background-repeat":"repeat","background-position":"center center","background-size":"auto","background-attachment":"scroll","background-type":"","background-media":"","overlay-type":"","overlay-color":"","overlay-opacity":"","overlay-gradient":""}},"footnotes":""},"categories":[1,29],"tags":[],"class_list":["post-8348","post","type-post","status-publish","format-standard","has-post-thumbnail","hentry","category-general","category-portada"],"post_mailing_queue_ids":[],"_links":{"self":[{"href":"https:\/\/serveiseducatius.xtec.cat\/priorat\/wp-json\/wp\/v2\/posts\/8348","targetHints":{"allow":["GET"]}}],"collection":[{"href":"https:\/\/serveiseducatius.xtec.cat\/priorat\/wp-json\/wp\/v2\/posts"}],"about":[{"href":"https:\/\/serveiseducatius.xtec.cat\/priorat\/wp-json\/wp\/v2\/types\/post"}],"author":[{"embeddable":true,"href":"https:\/\/serveiseducatius.xtec.cat\/priorat\/wp-json\/wp\/v2\/users\/1"}],"replies":[{"embeddable":true,"href":"https:\/\/serveiseducatius.xtec.cat\/priorat\/wp-json\/wp\/v2\/comments?post=8348"}],"version-history":[{"count":3,"href":"https:\/\/serveiseducatius.xtec.cat\/priorat\/wp-json\/wp\/v2\/posts\/8348\/revisions"}],"predecessor-version":[{"id":8352,"href":"https:\/\/serveiseducatius.xtec.cat\/priorat\/wp-json\/wp\/v2\/posts\/8348\/revisions\/8352"}],"wp:featuredmedia":[{"embeddable":true,"href":"https:\/\/serveiseducatius.xtec.cat\/priorat\/wp-json\/wp\/v2\/media\/8350"}],"wp:attachment":[{"href":"https:\/\/serveiseducatius.xtec.cat\/priorat\/wp-json\/wp\/v2\/media?parent=8348"}],"wp:term":[{"taxonomy":"category","embeddable":true,"href":"https:\/\/serveiseducatius.xtec.cat\/priorat\/wp-json\/wp\/v2\/categories?post=8348"},{"taxonomy":"post_tag","embeddable":true,"href":"https:\/\/serveiseducatius.xtec.cat\/priorat\/wp-json\/wp\/v2\/tags?post=8348"}],"curies":[{"name":"wp","href":"https:\/\/api.w.org\/{rel}","templated":true}]}}