{"id":9921,"date":"2019-04-27T13:00:03","date_gmt":"2019-04-27T11:00:03","guid":{"rendered":"http:\/\/serveiseducatius.xtec.cat\/pladurgell\/?p=9921"},"modified":"2019-05-07T13:49:07","modified_gmt":"2019-05-07T11:49:07","slug":"xiie-premi-de-poesia-i-illustracio-de-poesia-el-sol-del-pla","status":"publish","type":"post","link":"https:\/\/serveiseducatius.xtec.cat\/pladurgell\/portada\/xiie-premi-de-poesia-i-illustracio-de-poesia-el-sol-del-pla\/","title":{"rendered":"XII\u00e8 Premi de poesia i il\u00b7lustraci\u00f3 de poesia El Sol del Pla"},"content":{"rendered":"<p><a href=\"https:\/\/serveiseducatius.xtec.cat\/pladurgell\/wp-content\/uploads\/usu1141\/2019\/05\/Sol-del-PLa.jpg\"><img loading=\"lazy\" decoding=\"async\" class=\"alignnone size-full wp-image-9922\" src=\"https:\/\/serveiseducatius.xtec.cat\/pladurgell\/wp-content\/uploads\/usu1141\/2019\/05\/Sol-del-PLa.jpg\" alt=\"\" width=\"960\" height=\"538\" srcset=\"https:\/\/serveiseducatius.xtec.cat\/pladurgell\/wp-content\/uploads\/usu1141\/2019\/05\/Sol-del-PLa.jpg 960w, https:\/\/serveiseducatius.xtec.cat\/pladurgell\/wp-content\/uploads\/usu1141\/2019\/05\/Sol-del-PLa-300x168.jpg 300w, https:\/\/serveiseducatius.xtec.cat\/pladurgell\/wp-content\/uploads\/usu1141\/2019\/05\/Sol-del-PLa-768x430.jpg 768w\" sizes=\"auto, (max-width: 960px) 100vw, 960px\" \/><\/a><\/p>\n<blockquote>\n<h6 style=\"text-align: right;\"><strong><sub>Imatge:Territoris.cat<\/sub><\/strong><\/h6>\n<\/blockquote>\n<p>El dissabte, 27 d&#8217;abril de 2019, es van lliurar els guardons del XII\u00e8 Premi de poesia i il\u00b7lustraci\u00f3 de poesia El Sol del Pla. Al premi hi van conc\u00f3rrer un total de 315 treballs en la modalitat de poesia i 397 en la d&#8217;il\u00b7lustraci\u00f3 de poesia, procedents de 24 centres educatius de la comarca.<\/p>\n<p>En l&#8217;acte de lliurament dels premis, es van poder visionar i escoltar les obres premiades de la m\u00e0 dels seus autors i autores.<!--more--><\/p>\n<p>El Consell Comarcal del Pla d&#8217;Urgell, que promou el premi i l&#8217;organitza amb la col\u00b7laboraci\u00f3 del CRP, vol recon\u00e8ixer les vocacions primerenques en l&#8217;\u00e0mbit de la poesia en les seves vessants art\u00edstica i liter\u00e0ria.<\/p>\n<p>Tamb\u00e9 fa reconeixement i agraeix a tots els centres educatius el treball realitzat des de les aules.<\/p>\n<p>Gr\u00e0cies a tots i totes els qui hi heu participat!!<\/p>\n<p>Enlla\u00e7os a la premsa local:<\/p>\n<ul>\n<li><a href=\"https:\/\/www.territoris.cat\/articulo\/pla-d39-urgell\/total-315-poesies-i-397-il-lustracions-participen-els-premis-sol-pla\/20190502195509056604.html\">Territoris.cat<\/a><\/li>\n<li><a href=\"https:\/\/www.mollerussa.tv\/el-13e-premi-de-poesia-i-il%C2%B7lustracio-el-sol-del-pla-rep-712-treballs-i-ja-te-guanyadors\/\">Mollerussa.tv<\/a><\/li>\n<\/ul>\n","protected":false},"excerpt":{"rendered":"<p>Imatge:Territoris.cat El dissabte, 27 d&#8217;abril de 2019, es van lliurar els guardons del XII\u00e8 Premi de poesia i il\u00b7lustraci\u00f3 de [&hellip;]<\/p>\n","protected":false},"author":1,"featured_media":0,"comment_status":"open","ping_status":"closed","sticky":false,"template":"","format":"standard","meta":{"_bbp_topic_count":0,"_bbp_reply_count":0,"_bbp_total_topic_count":0,"_bbp_total_reply_count":0,"_bbp_voice_count":0,"_bbp_anonymous_reply_count":0,"_bbp_topic_count_hidden":0,"_bbp_reply_count_hidden":0,"_bbp_forum_subforum_count":0,"site-sidebar-layout":"default","site-content-layout":"","ast-site-content-layout":"","site-content-style":"default","site-sidebar-style":"default","ast-global-header-display":"","ast-banner-title-visibility":"","ast-main-header-display":"","ast-hfb-above-header-display":"","ast-hfb-below-header-display":"","ast-hfb-mobile-header-display":"","site-post-title":"","ast-breadcrumbs-content":"","ast-featured-img":"","footer-sml-layout":"","theme-transparent-header-meta":"","adv-header-id-meta":"","stick-header-meta":"","header-above-stick-meta":"","header-main-stick-meta":"","header-below-stick-meta":"","astra-migrate-meta-layouts":"default","ast-page-background-enabled":"default","ast-page-background-meta":{"desktop":{"background-color":"var(--ast-global-color-4)","background-image":"","background-repeat":"repeat","background-position":"center center","background-size":"auto","background-attachment":"scroll","background-type":"","background-media":"","overlay-type":"","overlay-color":"","overlay-opacity":"","overlay-gradient":""},"tablet":{"background-color":"","background-image":"","background-repeat":"repeat","background-position":"center center","background-size":"auto","background-attachment":"scroll","background-type":"","background-media":"","overlay-type":"","overlay-color":"","overlay-opacity":"","overlay-gradient":""},"mobile":{"background-color":"","background-image":"","background-repeat":"repeat","background-position":"center center","background-size":"auto","background-attachment":"scroll","background-type":"","background-media":"","overlay-type":"","overlay-color":"","overlay-opacity":"","overlay-gradient":""}},"ast-content-background-meta":{"desktop":{"background-color":"var(--ast-global-color-5)","background-image":"","background-repeat":"repeat","background-position":"center center","background-size":"auto","background-attachment":"scroll","background-type":"","background-media":"","overlay-type":"","overlay-color":"","overlay-opacity":"","overlay-gradient":""},"tablet":{"background-color":"var(--ast-global-color-5)","background-image":"","background-repeat":"repeat","background-position":"center center","background-size":"auto","background-attachment":"scroll","background-type":"","background-media":"","overlay-type":"","overlay-color":"","overlay-opacity":"","overlay-gradient":""},"mobile":{"background-color":"var(--ast-global-color-5)","background-image":"","background-repeat":"repeat","background-position":"center center","background-size":"auto","background-attachment":"scroll","background-type":"","background-media":"","overlay-type":"","overlay-color":"","overlay-opacity":"","overlay-gradient":""}},"footnotes":""},"categories":[251,29],"tags":[],"class_list":["post-9921","post","type-post","status-publish","format-standard","hentry","category-dinamica-educativa-sant-vicenc-dels-horts","category-portada"],"post_mailing_queue_ids":[],"_links":{"self":[{"href":"https:\/\/serveiseducatius.xtec.cat\/pladurgell\/wp-json\/wp\/v2\/posts\/9921","targetHints":{"allow":["GET"]}}],"collection":[{"href":"https:\/\/serveiseducatius.xtec.cat\/pladurgell\/wp-json\/wp\/v2\/posts"}],"about":[{"href":"https:\/\/serveiseducatius.xtec.cat\/pladurgell\/wp-json\/wp\/v2\/types\/post"}],"author":[{"embeddable":true,"href":"https:\/\/serveiseducatius.xtec.cat\/pladurgell\/wp-json\/wp\/v2\/users\/1"}],"replies":[{"embeddable":true,"href":"https:\/\/serveiseducatius.xtec.cat\/pladurgell\/wp-json\/wp\/v2\/comments?post=9921"}],"version-history":[{"count":3,"href":"https:\/\/serveiseducatius.xtec.cat\/pladurgell\/wp-json\/wp\/v2\/posts\/9921\/revisions"}],"predecessor-version":[{"id":9925,"href":"https:\/\/serveiseducatius.xtec.cat\/pladurgell\/wp-json\/wp\/v2\/posts\/9921\/revisions\/9925"}],"wp:attachment":[{"href":"https:\/\/serveiseducatius.xtec.cat\/pladurgell\/wp-json\/wp\/v2\/media?parent=9921"}],"wp:term":[{"taxonomy":"category","embeddable":true,"href":"https:\/\/serveiseducatius.xtec.cat\/pladurgell\/wp-json\/wp\/v2\/categories?post=9921"},{"taxonomy":"post_tag","embeddable":true,"href":"https:\/\/serveiseducatius.xtec.cat\/pladurgell\/wp-json\/wp\/v2\/tags?post=9921"}],"curies":[{"name":"wp","href":"https:\/\/api.w.org\/{rel}","templated":true}]}}