{"id":9349,"date":"2018-11-12T11:54:58","date_gmt":"2018-11-12T10:54:58","guid":{"rendered":"http:\/\/serveiseducatius.xtec.cat\/pladurgell\/?p=9349"},"modified":"2019-01-29T17:14:36","modified_gmt":"2019-01-29T16:14:36","slug":"xve-certamen-de-lectura-en-veu-alta","status":"publish","type":"post","link":"https:\/\/serveiseducatius.xtec.cat\/pladurgell\/general\/xve-certamen-de-lectura-en-veu-alta\/","title":{"rendered":"XV\u00e8 Certamen de Lectura en Veu Alta"},"content":{"rendered":"<p>&nbsp;<\/p>\n<p>&nbsp;<\/p>\n<p><a href=\"https:\/\/serveiseducatius.xtec.cat\/pladurgell\/wp-content\/uploads\/usu1141\/2018\/11\/capcalera-web-XV.jpg\"><img loading=\"lazy\" decoding=\"async\" class=\"size-full wp-image-9364 aligncenter\" src=\"https:\/\/serveiseducatius.xtec.cat\/pladurgell\/wp-content\/uploads\/usu1141\/2018\/11\/capcalera-web-XV.jpg\" alt=\"\" width=\"300\" height=\"119\" \/><\/a><\/p>\n<p>&nbsp;<\/p>\n<p>El curs 2018-2019 es convoca la quinzena edici\u00f3 del <strong>Certamen nacional infantil i juvenil de\u00a0 Lectura en Veu Alta.<\/strong> \u00c9s una iniciativa de la\u00a0<a href=\"http:\/\/grupenciclopedia.cat\/fundacio-enciclopedia-catalana\/\">Fundaci\u00f3 Enciclop\u00e8dia Catalana<\/a>,\u00a0 l\u2019objectiu de la qual \u00e9s promocionar la llengua i la cultura catalanes especialment mitjan\u00e7ant l\u2019edici\u00f3 d\u2019enciclop\u00e8dies, llibres de consulta, diccionaris, llibres infantils i juvenils, llibres de text i obres de literatura catalana i universal.<!--more--><\/p>\n<p>Des del curs 2012-2013, la\u00a0<strong>Fundaci\u00f3 Enciclop\u00e8dia Catalana<\/strong>\u00a0i el\u00a0<strong>Departament d\u2019Ensenyament de la Generalitat de Catalunya<\/strong>, tenen un acord de col\u00b7laboraci\u00f3 per a l\u2019organitzaci\u00f3 del Certamen nacional infantil i juvenil de lectura en veu alta. Aquest acord neix de l\u2019inter\u00e8s d\u2019ambdues entitats per la promoci\u00f3 de la lectura i estem conven\u00e7uts que l\u2019estreta col\u00b7laboraci\u00f3 que engeguem permetr\u00e0 que el Certamen segueixi creixent en quantitat i en qualitat.<\/p>\n<p>S&#8217;hi estableixen diverses categories:<\/p>\n<ul>\n<li>Grumets vermells ( cicle mitj\u00e0 de Prim\u00e0ria)<\/li>\n<li>Grumets verds (cicle superior de Prim\u00e0ria)<\/li>\n<li>Timoners (aula d&#8217;acollida cicle superior de Prim\u00e0ria i 1r i 2n d&#8217;ESO)<\/li>\n<li>Corsaris ( 1r i 2n d&#8217;ESO)<\/li>\n<li>Tropa de corsaris (3r i 4t d&#8217;ESO)<\/li>\n<\/ul>\n<p>Enlla\u00e7 a alguns recursos:<\/p>\n<ul>\n<li><a href=\"http:\/\/www.lecturaenveualta.cat\/bases-del-certamen\/llibres-del-xv-certamen-de-lectura-en-veu-alta-curs-2018-2019\/\">Enlla\u00e7 a les lectures<\/a><\/li>\n<li class=\"title-heading-left\"><a href=\"http:\/\/www.lecturaenveualta.cat\/docs\/EINES_PER_TREBALLAR_LA_LECTURA_EN_VEU_ALTA.pdf\">Apunts: eines per a treballar la lectura en veu alta<\/a><\/li>\n<li class=\"title-heading-left\"><a href=\"http:\/\/www.lecturaenveualta.cat\/wp-content\/uploads\/Lectura-veu-alta.pdf\">Manual de lectura en veu alta<\/a><\/li>\n<\/ul>\n<p>Les inscripcions ja han finalitzat per\u00f2 s&#8217;ha deixat el formulari actiu al web amb l&#8217;av\u00eds &#8221; inscripci\u00f3 finalitzada&#8221; i es demana que us inscriviu en <a href=\"http:\/\/www.lecturaenveualta.cat\/\">llista d&#8217;espera<\/a>.<\/p>\n<p>Us volem recordar alguns aspectes pel que fa a l&#8217;organitzaci\u00f3:<\/p>\n<p><strong>1.-<\/strong>\u00a0Caldr\u00e0 comunicar els finalistes del vostre centre per a cadascuna de les categories al CRP del Pla d&#8217;Urgell\u00a0<strong>fins el dia 20 de febrer<\/strong>. (Veure document adjunt. Observareu que cal signar-lo). Recordar que tot i que a nivell intern tingueu un substitut\/a\u00a0 previst per si falla el\/la finalista nom\u00e9s llegir\u00e0 un alumne\/ alumna per centre i categoria. Per tant, en el document que us adjuntem hi heu de fer constar<strong>\u00a0nom\u00e9s el finalista<\/strong>.<\/p>\n<p><strong>2.-<\/strong>\u00a0Les\u00a0<strong>lectures dels quarts<\/strong>\u00a0us les enviarem en pdf\u00a0<strong>deu dies naturals abans del quart\u00a0<\/strong>. Cal que l\u2019alumne finalista es prepari tots els fragments, ja que el dia del quart de final, per sorteig, n\u2019hi tocar\u00e0 llegir un.<\/p>\n<p><strong>3.-<\/strong>\u00a0\u00a0Els finalistes de cada quart passaran a la\u00a0<strong>semifinal.<\/strong><\/p>\n<p><strong>4.-<\/strong>\u00a0\u00a0Tamb\u00e9 \u00e9s convenient que feu\u00a0previsi\u00f3 dels\u00a0<strong>assistents acompanyants<\/strong>\u00a0a l\u2019acte del quart de final i ens ho comuniqueu per correu\u00a0electr\u00f2nic (tant si en porteu, com no)\u00a0<strong>no m\u00e9s tard del 20 de febrer<\/strong>. Per motius d&#8217;aforament de la sala i de nombre de centres participants, aquest any\u00a0<strong>no es pot admetre m\u00e9s de 20 alumnes acompanyants per centre<\/strong>, per la qual cosa,\u00a0des de l&#8217;escola haureu de preveure la mec\u00e0nica per seleccionar el grup d\u2019alumnes.\u00a0<strong>No s&#8217;hi convida les fam\u00edlies<\/strong>. Els despla\u00e7aments van a c\u00e0rrec dels centres educatius.<\/p>\n<p><strong>5.-<\/strong>\u00a0Si als quarts es fan xarxes (Facebook o Twitter) aniria molt b\u00e9 que feu servir el nom del Certamen, de manera que ho puguem unificar i retuitejar per fer-ho arribar a m\u00e9s gent:<\/p>\n<p><strong>a Facebook: @lecturaenveualta<\/strong><\/p>\n<p><strong>a Twitter: @llegirenveualta.<\/strong><\/p>\n<p><strong>\u00a0 \u00a0<\/strong>\u00a06.-\u00a0Al\u00a0<a href=\"http:\/\/www.lecturaenveualta.cat\/\" data-saferedirecturl=\"https:\/\/www.google.com\/url?q=http:\/\/www.lecturaenveualta.cat\/&amp;source=gmail&amp;ust=1548848296799000&amp;usg=AFQjCNHWKfgTAs6ZzgvZXs_fa6ybz-RpcA\">web del CLVA\u00a0<\/a>trobareu\u00a0<strong>els\u00a0<a href=\"http:\/\/www.lecturaenveualta.cat\/wp-content\/uploads\/Criteris-per-valorar-una-correcta-Lectura-en-Veu-Alta-.pdf\" data-saferedirecturl=\"https:\/\/www.google.com\/url?q=http:\/\/www.lecturaenveualta.cat\/wp-content\/uploads\/Criteris-per-valorar-una-correcta-Lectura-en-Veu-Alta-.pdf&amp;source=gmail&amp;ust=1548848296799000&amp;usg=AFQjCNHQ_pipWUSS00GManuCZwoNNFIikw\">criteris<\/a>\u00a0d\u2019avaluaci\u00f3 i\u00a0<a href=\"http:\/\/www.lecturaenveualta.cat\/wp-content\/uploads\/RU%CC%81BRICA-AVALUACIO%CC%81-LECTURA.pdf\" data-saferedirecturl=\"https:\/\/www.google.com\/url?q=http:\/\/www.lecturaenveualta.cat\/wp-content\/uploads\/RU%25CC%2581BRICA-AVALUACIO%25CC%2581-LECTURA.pdf&amp;source=gmail&amp;ust=1548848296799000&amp;usg=AFQjCNHXvpO-_A_nsMKERtyyhXadFjU5YQ\">r\u00fabrica d&#8217;avaluaci\u00f3<\/a>\u00a0, a m\u00e9s de\u00a0tota\u00a0\u00a0 \u00a0\u00a0la informaci\u00f3 del\u00a0certamen.<\/strong>\u00a0All\u00ed hi trobareu tamb\u00e9 la<a href=\"http:\/\/www.lecturaenveualta.cat\/bases-del-certamen\/\" data-saferedirecturl=\"https:\/\/www.google.com\/url?q=http:\/\/www.lecturaenveualta.cat\/bases-del-certamen\/&amp;source=gmail&amp;ust=1548848296799000&amp;usg=AFQjCNEq_gitltPn1tkwWcQlRiP8-rNduQ\">\u00a0can\u00e7\u00f3 del certamen<\/a>.<\/p>\n<p>&nbsp;<\/p>\n","protected":false},"excerpt":{"rendered":"<p>&nbsp; &nbsp; &nbsp; El curs 2018-2019 es convoca la quinzena edici\u00f3 del Certamen nacional infantil i juvenil de\u00a0 Lectura en [&hellip;]<\/p>\n","protected":false},"author":1,"featured_media":0,"comment_status":"open","ping_status":"closed","sticky":false,"template":"","format":"standard","meta":{"_bbp_topic_count":0,"_bbp_reply_count":0,"_bbp_total_topic_count":0,"_bbp_total_reply_count":0,"_bbp_voice_count":0,"_bbp_anonymous_reply_count":0,"_bbp_topic_count_hidden":0,"_bbp_reply_count_hidden":0,"_bbp_forum_subforum_count":0,"site-sidebar-layout":"default","site-content-layout":"","ast-site-content-layout":"","site-content-style":"default","site-sidebar-style":"default","ast-global-header-display":"","ast-banner-title-visibility":"","ast-main-header-display":"","ast-hfb-above-header-display":"","ast-hfb-below-header-display":"","ast-hfb-mobile-header-display":"","site-post-title":"","ast-breadcrumbs-content":"","ast-featured-img":"","footer-sml-layout":"","theme-transparent-header-meta":"","adv-header-id-meta":"","stick-header-meta":"","header-above-stick-meta":"","header-main-stick-meta":"","header-below-stick-meta":"","astra-migrate-meta-layouts":"default","ast-page-background-enabled":"default","ast-page-background-meta":{"desktop":{"background-color":"var(--ast-global-color-4)","background-image":"","background-repeat":"repeat","background-position":"center center","background-size":"auto","background-attachment":"scroll","background-type":"","background-media":"","overlay-type":"","overlay-color":"","overlay-opacity":"","overlay-gradient":""},"tablet":{"background-color":"","background-image":"","background-repeat":"repeat","background-position":"center center","background-size":"auto","background-attachment":"scroll","background-type":"","background-media":"","overlay-type":"","overlay-color":"","overlay-opacity":"","overlay-gradient":""},"mobile":{"background-color":"","background-image":"","background-repeat":"repeat","background-position":"center center","background-size":"auto","background-attachment":"scroll","background-type":"","background-media":"","overlay-type":"","overlay-color":"","overlay-opacity":"","overlay-gradient":""}},"ast-content-background-meta":{"desktop":{"background-color":"var(--ast-global-color-5)","background-image":"","background-repeat":"repeat","background-position":"center center","background-size":"auto","background-attachment":"scroll","background-type":"","background-media":"","overlay-type":"","overlay-color":"","overlay-opacity":"","overlay-gradient":""},"tablet":{"background-color":"var(--ast-global-color-5)","background-image":"","background-repeat":"repeat","background-position":"center center","background-size":"auto","background-attachment":"scroll","background-type":"","background-media":"","overlay-type":"","overlay-color":"","overlay-opacity":"","overlay-gradient":""},"mobile":{"background-color":"var(--ast-global-color-5)","background-image":"","background-repeat":"repeat","background-position":"center center","background-size":"auto","background-attachment":"scroll","background-type":"","background-media":"","overlay-type":"","overlay-color":"","overlay-opacity":"","overlay-gradient":""}},"footnotes":""},"categories":[1,72,29],"tags":[],"class_list":["post-9349","post","type-post","status-publish","format-standard","hentry","category-general","category-lectura-en-veu-alta","category-portada"],"post_mailing_queue_ids":[],"_links":{"self":[{"href":"https:\/\/serveiseducatius.xtec.cat\/pladurgell\/wp-json\/wp\/v2\/posts\/9349","targetHints":{"allow":["GET"]}}],"collection":[{"href":"https:\/\/serveiseducatius.xtec.cat\/pladurgell\/wp-json\/wp\/v2\/posts"}],"about":[{"href":"https:\/\/serveiseducatius.xtec.cat\/pladurgell\/wp-json\/wp\/v2\/types\/post"}],"author":[{"embeddable":true,"href":"https:\/\/serveiseducatius.xtec.cat\/pladurgell\/wp-json\/wp\/v2\/users\/1"}],"replies":[{"embeddable":true,"href":"https:\/\/serveiseducatius.xtec.cat\/pladurgell\/wp-json\/wp\/v2\/comments?post=9349"}],"version-history":[{"count":3,"href":"https:\/\/serveiseducatius.xtec.cat\/pladurgell\/wp-json\/wp\/v2\/posts\/9349\/revisions"}],"predecessor-version":[{"id":9616,"href":"https:\/\/serveiseducatius.xtec.cat\/pladurgell\/wp-json\/wp\/v2\/posts\/9349\/revisions\/9616"}],"wp:attachment":[{"href":"https:\/\/serveiseducatius.xtec.cat\/pladurgell\/wp-json\/wp\/v2\/media?parent=9349"}],"wp:term":[{"taxonomy":"category","embeddable":true,"href":"https:\/\/serveiseducatius.xtec.cat\/pladurgell\/wp-json\/wp\/v2\/categories?post=9349"},{"taxonomy":"post_tag","embeddable":true,"href":"https:\/\/serveiseducatius.xtec.cat\/pladurgell\/wp-json\/wp\/v2\/tags?post=9349"}],"curies":[{"name":"wp","href":"https:\/\/api.w.org\/{rel}","templated":true}]}}