{"id":9157,"date":"2018-10-02T18:00:34","date_gmt":"2018-10-02T16:00:34","guid":{"rendered":"http:\/\/serveiseducatius.xtec.cat\/pladurgell\/?p=9157"},"modified":"2018-10-03T12:39:32","modified_gmt":"2018-10-03T10:39:32","slug":"a-lescola-fora-de-perill-recursos-educatius-sobre-pau-no-violencia-i-bon-tracte","status":"publish","type":"post","link":"https:\/\/serveiseducatius.xtec.cat\/pladurgell\/portada\/a-lescola-fora-de-perill-recursos-educatius-sobre-pau-no-violencia-i-bon-tracte\/","title":{"rendered":"A l\u2019escola, fora de perill: recursos educatius sobre pau, no-viol\u00e8ncia i bon tracte."},"content":{"rendered":"<h3><\/h3>\n<h3 class=\"text-center padding-t-30\"><img loading=\"lazy\" decoding=\"async\" class=\"img-responsive lazyloaded alignleft\" src=\"https:\/\/www.unicef.es\/cat\/educa\/html\/img\/blank.gif\" srcset=\" https:\/\/www.unicef.es\/sites\/unicef.es\/files\/browser-only-upload\/guia%20cat%20interior.png 1x, https:\/\/www.unicef.es\/sites\/unicef.es\/files\/browser-only-upload\/guia%20cat%20interior.png 2x\" alt=\"Guia del curs 2018-2019: A la escola, fora de perill\" width=\"261\" height=\"368\" data-src=\"https:\/\/www.unicef.es\/sites\/unicef.es\/files\/browser-only-upload\/guia%20cat%20interior.png\" data-srcset=\" https:\/\/www.unicef.es\/sites\/unicef.es\/files\/browser-only-upload\/guia%20cat%20interior.png 1x, https:\/\/www.unicef.es\/sites\/unicef.es\/files\/browser-only-upload\/guia%20cat%20interior.png 2x\" \/><\/h3>\n<p>Us posem a l&#8217;abast els materials que des de UNICEF han dissenyat per a l&#8217;Educaci\u00f3 en Drets d&#8217;Inf\u00e0ncia i Ciutadania Global.<\/p>\n<p>Els materials educatius\u00a0<strong>\u201cA l\u2019escola, fora de perill. Aprenent en entorns protectors\u201d<\/strong>\u00a0contribueixen a abordar a les escoles la viol\u00e8ncia mitjan\u00e7ant l\u2019educaci\u00f3 en la pau, la no-viol\u00e8ncia i el bon tracte. L\u2019educaci\u00f3, particularment quan t\u00e9 un\u00a0<strong>enfocament de drets d\u2019inf\u00e0ncia, valors i ciutadania global<\/strong>, ens permet entendre els conflictes: la seva naturalesa, la seva evoluci\u00f3 i les estrat\u00e8gies de resoluci\u00f3 associades.<!--more--><\/p>\n<p>l conjunt de materials educatius per al curs 2018-2019 inclou la proposta de mobilitzaci\u00f3 escolar\u00a0<strong><a href=\"https:\/\/www.unicef.es\/cat\/educa\/bontracte\" target=\"_blank\" rel=\"noopener\">La vacuna del bon tracte<\/a><\/strong>\u00a0i els materials did\u00e0ctics seg\u00fcents:<\/p>\n<div class=\"row\">\n<div class=\"col-sm-4 no-padding-sides-xs\">\n<div class=\"row\">\n<div class=\"col-sm-12 no-padding-sides-xs\"><\/div>\n<\/div>\n<\/div>\n<div class=\"col-sm-8\">\n<div class=\"module-quotes__pad-container\">\n<div>\n<ul>\n<li><a href=\"https:\/\/www.unicef.es\/cat\/educa\/biblioteca\/escola-fora-de-perill-guia-del-curs\" target=\"_blank\" rel=\"noopener\"><strong>Guia de curs<\/strong><\/a>: la guia impresa s\u2019envia per correu durant el mes de setembre als\u00a0<a href=\"https:\/\/www.unicef.es\/cat\/educa\/registre\" target=\"_blank\" rel=\"noopener\">centres registrats<\/a>\u00a0en el programa educatiu d\u2019UNICEF i tamb\u00e9 es pot descarregar en format PDF.<\/li>\n<li><strong>Activitats per etapa<\/strong>: la guia inclou enfocaments did\u00e0ctics per als diferents nivells educatius i propostes d\u2019activitat per a\u00a0<a href=\"https:\/\/www.unicef.es\/cat\/educa\/biblioteca\/historia-de-punt-video-activitat-infantil\" target=\"_blank\" rel=\"noopener\">Infantil<\/a>,\u00a0<a href=\"https:\/\/www.unicef.es\/cat\/educa\/biblioteca\/somnis-escola-de-pau-video-activitat-educacio-primaria\" target=\"_blank\" rel=\"noopener\">Prim\u00e0ria<\/a>\u00a0y\u00a0<a href=\"https:\/\/www.unicef.es\/cat\/educa\/biblioteca\/jo-soc-jo-activitat-educacio-secundaria\" target=\"_blank\" rel=\"noopener\">Secund\u00e0ria\/Batxillerat<\/a><\/li>\n<li><a href=\"https:\/\/www.unicef.es\/cat\/educa\/biblioteca\/glosari-pau-no-violencia\" target=\"_blank\" rel=\"noopener\"><strong>Glossari<\/strong><\/a>: els materials es complementen amb un glossari de termes relacionats amb la pau, la no-viol\u00e8ncia i el bon tracte.<\/li>\n<\/ul>\n<p>Els materials did\u00e0ctics estan disponibles en castell\u00e0, catal\u00e0, eusquera, gallec, valenci\u00e0 i angl\u00e8s.<\/p>\n<\/div>\n<\/div>\n<\/div>\n<\/div>\n<p>&nbsp;<\/p>\n<p>Podeu trobar tota la informaci\u00f3 en aquest <a href=\"https:\/\/www.unicef.es\/cat\/educa\/blog\/escola-fora-de-perill-activitats-recursos-educatius-no-violencia-pau\">enlla\u00e7<\/a>.<\/p>\n","protected":false},"excerpt":{"rendered":"<p>Us posem a l&#8217;abast els materials que des de UNICEF han dissenyat per a l&#8217;Educaci\u00f3 en Drets d&#8217;Inf\u00e0ncia i Ciutadania [&hellip;]<\/p>\n","protected":false},"author":1,"featured_media":0,"comment_status":"open","ping_status":"closed","sticky":false,"template":"","format":"standard","meta":{"_bbp_topic_count":0,"_bbp_reply_count":0,"_bbp_total_topic_count":0,"_bbp_total_reply_count":0,"_bbp_voice_count":0,"_bbp_anonymous_reply_count":0,"_bbp_topic_count_hidden":0,"_bbp_reply_count_hidden":0,"_bbp_forum_subforum_count":0,"site-sidebar-layout":"default","site-content-layout":"","ast-site-content-layout":"","site-content-style":"default","site-sidebar-style":"default","ast-global-header-display":"","ast-banner-title-visibility":"","ast-main-header-display":"","ast-hfb-above-header-display":"","ast-hfb-below-header-display":"","ast-hfb-mobile-header-display":"","site-post-title":"","ast-breadcrumbs-content":"","ast-featured-img":"","footer-sml-layout":"","theme-transparent-header-meta":"","adv-header-id-meta":"","stick-header-meta":"","header-above-stick-meta":"","header-main-stick-meta":"","header-below-stick-meta":"","astra-migrate-meta-layouts":"default","ast-page-background-enabled":"default","ast-page-background-meta":{"desktop":{"background-color":"var(--ast-global-color-4)","background-image":"","background-repeat":"repeat","background-position":"center center","background-size":"auto","background-attachment":"scroll","background-type":"","background-media":"","overlay-type":"","overlay-color":"","overlay-opacity":"","overlay-gradient":""},"tablet":{"background-color":"","background-image":"","background-repeat":"repeat","background-position":"center center","background-size":"auto","background-attachment":"scroll","background-type":"","background-media":"","overlay-type":"","overlay-color":"","overlay-opacity":"","overlay-gradient":""},"mobile":{"background-color":"","background-image":"","background-repeat":"repeat","background-position":"center center","background-size":"auto","background-attachment":"scroll","background-type":"","background-media":"","overlay-type":"","overlay-color":"","overlay-opacity":"","overlay-gradient":""}},"ast-content-background-meta":{"desktop":{"background-color":"var(--ast-global-color-5)","background-image":"","background-repeat":"repeat","background-position":"center center","background-size":"auto","background-attachment":"scroll","background-type":"","background-media":"","overlay-type":"","overlay-color":"","overlay-opacity":"","overlay-gradient":""},"tablet":{"background-color":"var(--ast-global-color-5)","background-image":"","background-repeat":"repeat","background-position":"center center","background-size":"auto","background-attachment":"scroll","background-type":"","background-media":"","overlay-type":"","overlay-color":"","overlay-opacity":"","overlay-gradient":""},"mobile":{"background-color":"var(--ast-global-color-5)","background-image":"","background-repeat":"repeat","background-position":"center center","background-size":"auto","background-attachment":"scroll","background-type":"","background-media":"","overlay-type":"","overlay-color":"","overlay-opacity":"","overlay-gradient":""}},"footnotes":""},"categories":[29,312],"tags":[],"class_list":["post-9157","post","type-post","status-publish","format-standard","hentry","category-portada","category-recursos-en-linia"],"post_mailing_queue_ids":[],"_links":{"self":[{"href":"https:\/\/serveiseducatius.xtec.cat\/pladurgell\/wp-json\/wp\/v2\/posts\/9157","targetHints":{"allow":["GET"]}}],"collection":[{"href":"https:\/\/serveiseducatius.xtec.cat\/pladurgell\/wp-json\/wp\/v2\/posts"}],"about":[{"href":"https:\/\/serveiseducatius.xtec.cat\/pladurgell\/wp-json\/wp\/v2\/types\/post"}],"author":[{"embeddable":true,"href":"https:\/\/serveiseducatius.xtec.cat\/pladurgell\/wp-json\/wp\/v2\/users\/1"}],"replies":[{"embeddable":true,"href":"https:\/\/serveiseducatius.xtec.cat\/pladurgell\/wp-json\/wp\/v2\/comments?post=9157"}],"version-history":[{"count":3,"href":"https:\/\/serveiseducatius.xtec.cat\/pladurgell\/wp-json\/wp\/v2\/posts\/9157\/revisions"}],"predecessor-version":[{"id":9168,"href":"https:\/\/serveiseducatius.xtec.cat\/pladurgell\/wp-json\/wp\/v2\/posts\/9157\/revisions\/9168"}],"wp:attachment":[{"href":"https:\/\/serveiseducatius.xtec.cat\/pladurgell\/wp-json\/wp\/v2\/media?parent=9157"}],"wp:term":[{"taxonomy":"category","embeddable":true,"href":"https:\/\/serveiseducatius.xtec.cat\/pladurgell\/wp-json\/wp\/v2\/categories?post=9157"},{"taxonomy":"post_tag","embeddable":true,"href":"https:\/\/serveiseducatius.xtec.cat\/pladurgell\/wp-json\/wp\/v2\/tags?post=9157"}],"curies":[{"name":"wp","href":"https:\/\/api.w.org\/{rel}","templated":true}]}}