{"id":8653,"date":"2018-02-13T18:01:55","date_gmt":"2018-02-13T17:01:55","guid":{"rendered":"http:\/\/serveiseducatius.xtec.cat\/pladurgell\/?p=8653"},"modified":"2018-02-13T18:31:58","modified_gmt":"2018-02-13T17:31:58","slug":"xxxiv-salo-del-llibre-infantil-i-juvenil-de-catalunya","status":"publish","type":"post","link":"https:\/\/serveiseducatius.xtec.cat\/pladurgell\/portada\/xxxiv-salo-del-llibre-infantil-i-juvenil-de-catalunya\/","title":{"rendered":"XXXIV Sal\u00f3 del Llibre Infantil i Juvenil de Catalunya"},"content":{"rendered":"<div>\n<div id=\"texnoticia\">\n<p>De l&#8217;<strong>11 al 23 d&#8217;abril de 2018<\/strong> tindr\u00e0 lloc la <strong>34 edici\u00f3 del Sal\u00f3 del Llibre Infantil i Juvenil de Catalunya<\/strong> que celebrarem a l&#8217;Amistat de Mollerussa.<br \/>\nEnguany els autors que participaran en les trobades amb les escoles s\u00f3n:<br \/>\nDia 11 d&#8217;abril: Merc\u00e8 Gal\u00ed. (Cicle <img loading=\"lazy\" decoding=\"async\" class=\"alignleft\" src=\"http:\/\/www.clijcat.cat\/consell\/imagenes\/noticies\/autors-salo.jpg\" width=\"322\" height=\"203\" \/>inicial).<br \/>\nDia 16\u00a0d&#8217;abril: Xavier Salom\u00f3 (Cicle incial).<br \/>\nDia 17 d&#8217;abril: Jaume Copons i Liliana Fortuny (Cicle mitj\u00e0).<br \/>\nDia 18 d&#8217;abril: Ricardo Alc\u00e1ntara (Cicle mitj\u00e0).<br \/>\nDia 19 d&#8217;abril: Maite Carranza (Cicle superior).<br \/>\nDia 20 d&#8217;abril: N\u00faria Pradas (Joves i Cicle superior)<br \/>\nLes escoles poden reservar\u00a0<strong>dia i hora de visita del 8 al 15 de mar\u00e7\u00a0<\/strong>telefonant al CRP del Pla d&#8217;Urgell, 973 60 48 99, de 9 a 13 o de 15 a 17 hores.<br \/>\nEls dies 12 i 13 d&#8217;abril es destinaran a les visites dels m\u00e9s petits (P3 a P5) i Ada Cusid\u00f3 i Patricia McGill els explicaran contes.<\/p>\n<p><a href=\"https:\/\/drive.google.com\/file\/d\/1plk6X6xHTCwDtAqj9TeetgeomSdiDtld\/view?usp=sharing\">Enlla\u00e7 al calendari d&#8217;autors.<\/a><\/p>\n<\/div>\n<\/div>\n","protected":false},"excerpt":{"rendered":"<p>De l&#8217;11 al 23 d&#8217;abril de 2018 tindr\u00e0 lloc la 34 edici\u00f3 del Sal\u00f3 del Llibre Infantil i Juvenil de [&hellip;]<\/p>\n","protected":false},"author":1,"featured_media":8654,"comment_status":"open","ping_status":"closed","sticky":false,"template":"","format":"standard","meta":{"_bbp_topic_count":0,"_bbp_reply_count":0,"_bbp_total_topic_count":0,"_bbp_total_reply_count":0,"_bbp_voice_count":0,"_bbp_anonymous_reply_count":0,"_bbp_topic_count_hidden":0,"_bbp_reply_count_hidden":0,"_bbp_forum_subforum_count":0,"site-sidebar-layout":"default","site-content-layout":"","ast-site-content-layout":"","site-content-style":"default","site-sidebar-style":"default","ast-global-header-display":"","ast-banner-title-visibility":"","ast-main-header-display":"","ast-hfb-above-header-display":"","ast-hfb-below-header-display":"","ast-hfb-mobile-header-display":"","site-post-title":"","ast-breadcrumbs-content":"","ast-featured-img":"","footer-sml-layout":"","theme-transparent-header-meta":"","adv-header-id-meta":"","stick-header-meta":"","header-above-stick-meta":"","header-main-stick-meta":"","header-below-stick-meta":"","astra-migrate-meta-layouts":"default","ast-page-background-enabled":"default","ast-page-background-meta":{"desktop":{"background-color":"var(--ast-global-color-4)","background-image":"","background-repeat":"repeat","background-position":"center center","background-size":"auto","background-attachment":"scroll","background-type":"","background-media":"","overlay-type":"","overlay-color":"","overlay-opacity":"","overlay-gradient":""},"tablet":{"background-color":"","background-image":"","background-repeat":"repeat","background-position":"center center","background-size":"auto","background-attachment":"scroll","background-type":"","background-media":"","overlay-type":"","overlay-color":"","overlay-opacity":"","overlay-gradient":""},"mobile":{"background-color":"","background-image":"","background-repeat":"repeat","background-position":"center center","background-size":"auto","background-attachment":"scroll","background-type":"","background-media":"","overlay-type":"","overlay-color":"","overlay-opacity":"","overlay-gradient":""}},"ast-content-background-meta":{"desktop":{"background-color":"var(--ast-global-color-5)","background-image":"","background-repeat":"repeat","background-position":"center center","background-size":"auto","background-attachment":"scroll","background-type":"","background-media":"","overlay-type":"","overlay-color":"","overlay-opacity":"","overlay-gradient":""},"tablet":{"background-color":"var(--ast-global-color-5)","background-image":"","background-repeat":"repeat","background-position":"center center","background-size":"auto","background-attachment":"scroll","background-type":"","background-media":"","overlay-type":"","overlay-color":"","overlay-opacity":"","overlay-gradient":""},"mobile":{"background-color":"var(--ast-global-color-5)","background-image":"","background-repeat":"repeat","background-position":"center center","background-size":"auto","background-attachment":"scroll","background-type":"","background-media":"","overlay-type":"","overlay-color":"","overlay-opacity":"","overlay-gradient":""}},"footnotes":""},"categories":[29,305],"tags":[],"class_list":["post-8653","post","type-post","status-publish","format-standard","has-post-thumbnail","hentry","category-portada","category-salo-del-llibre-infantil-i-juvenil"],"post_mailing_queue_ids":[],"_links":{"self":[{"href":"https:\/\/serveiseducatius.xtec.cat\/pladurgell\/wp-json\/wp\/v2\/posts\/8653","targetHints":{"allow":["GET"]}}],"collection":[{"href":"https:\/\/serveiseducatius.xtec.cat\/pladurgell\/wp-json\/wp\/v2\/posts"}],"about":[{"href":"https:\/\/serveiseducatius.xtec.cat\/pladurgell\/wp-json\/wp\/v2\/types\/post"}],"author":[{"embeddable":true,"href":"https:\/\/serveiseducatius.xtec.cat\/pladurgell\/wp-json\/wp\/v2\/users\/1"}],"replies":[{"embeddable":true,"href":"https:\/\/serveiseducatius.xtec.cat\/pladurgell\/wp-json\/wp\/v2\/comments?post=8653"}],"version-history":[{"count":2,"href":"https:\/\/serveiseducatius.xtec.cat\/pladurgell\/wp-json\/wp\/v2\/posts\/8653\/revisions"}],"predecessor-version":[{"id":8656,"href":"https:\/\/serveiseducatius.xtec.cat\/pladurgell\/wp-json\/wp\/v2\/posts\/8653\/revisions\/8656"}],"wp:featuredmedia":[{"embeddable":true,"href":"https:\/\/serveiseducatius.xtec.cat\/pladurgell\/wp-json\/wp\/v2\/media\/8654"}],"wp:attachment":[{"href":"https:\/\/serveiseducatius.xtec.cat\/pladurgell\/wp-json\/wp\/v2\/media?parent=8653"}],"wp:term":[{"taxonomy":"category","embeddable":true,"href":"https:\/\/serveiseducatius.xtec.cat\/pladurgell\/wp-json\/wp\/v2\/categories?post=8653"},{"taxonomy":"post_tag","embeddable":true,"href":"https:\/\/serveiseducatius.xtec.cat\/pladurgell\/wp-json\/wp\/v2\/tags?post=8653"}],"curies":[{"name":"wp","href":"https:\/\/api.w.org\/{rel}","templated":true}]}}