{"id":8429,"date":"2018-01-09T14:00:19","date_gmt":"2018-01-09T13:00:19","guid":{"rendered":"http:\/\/serveiseducatius.xtec.cat\/pladurgell\/?p=8429"},"modified":"2020-02-28T14:38:07","modified_gmt":"2020-02-28T13:38:07","slug":"maleta-lenemic","status":"publish","type":"post","link":"https:\/\/serveiseducatius.xtec.cat\/pladurgell\/llibres-i-albums-illustrats\/maleta-lenemic\/","title":{"rendered":"Maleta &#8220;L&#8217;enemic&#8221;"},"content":{"rendered":"<p><img loading=\"lazy\" decoding=\"async\" class=\" alignleft\" src=\"http:\/\/blocs.xtec.cat\/ceipflix\/files\/2011\/04\/enemic.jpg\" width=\"217\" height=\"309\" \/><\/p>\n<p>La maleta l&#8217;Enemic la formen <strong>13 exemplars<\/strong> del llibre l&#8217;Enemic, escrit per Davide Cali i Serge Bloch, en el que a trav\u00e8s de la imatge i la paraula es va guiant en el cam\u00ed de la <strong>reflexi\u00f3<\/strong> al nostre alumnat, refor\u00e7ant les <strong>actituds postives<\/strong> per a la millora del m\u00f3n.<\/p>\n<p style=\"text-align: justify;\">El llibre \u00e9s una hist\u00f2ria reflexiva on es defensa la pau i la irracionalitat de la guerra. Explica la hist\u00f2ria de dos soldats que queden sols en una guerra, cadasc\u00fa dins el seu forat. Fa dies que no s&#8217;escolta cap can\u00f3 i a un li queda poc menjar. Reflexiona sobre la guerra, veu que no t\u00e9 cap sentit, que no vol matar ning\u00fa i que si l&#8217;enemic volgu\u00e9s signaria la pau.<\/p>\n<p style=\"text-align: justify;\">Adre\u00e7at a tot l&#8217;alumnat d&#8217;<strong>infantil, prim\u00e0ria i secund\u00e0ria<\/strong> amb l&#8217;objectiu d&#8217;empatitzar amb les persones de l&#8217;entorn, descobrir sentiment que portin al creixement de l&#8217;individu, treballar el significat dels conceptes de pau, guerra, conflicte&#8230;., i per \u00faltim a aprendre a construir un esperit cr\u00edtic vers el m\u00f3n.<\/p>\n<p style=\"text-align: justify;\">Activitat per realitzar el <strong>Dia Mundial de la No Viol\u00e8ncia<\/strong>, en jornades culturals, en optatives d&#8217;\u00e0mbit human\u00edstic i en ciutadania.<\/p>\n<p style=\"text-align: justify;\">En els seg\u00fcents documents trobareu m\u00e9s informaci\u00f3: <a href=\"https:\/\/drive.google.com\/file\/d\/0BzG_VnFFgPikcUg5emZLRnpyNXMtZUNxQmd3emNsT0k2YWJF\/view\">proposta did\u00e0ctica<\/a> i <a href=\"https:\/\/drive.google.com\/file\/d\/0BzG_VnFFgPikWExTV3RqTTFZTGtfTXQwWGFCcUtCamE4MzZv\/view\">objectius i treball<\/a>.<\/p>\n<p style=\"text-align: justify;\">\n","protected":false},"excerpt":{"rendered":"<p>Amb la lectura de llibre &#8220;L&#8217;enemic&#8221; l&#8217;alumne reflexiona sobre sobre la pau refor\u00e7ant actituds positives.<\/p>\n","protected":false},"author":1,"featured_media":8435,"comment_status":"open","ping_status":"closed","sticky":false,"template":"","format":"standard","meta":{"_bbp_topic_count":0,"_bbp_reply_count":0,"_bbp_total_topic_count":0,"_bbp_total_reply_count":0,"_bbp_voice_count":0,"_bbp_anonymous_reply_count":0,"_bbp_topic_count_hidden":0,"_bbp_reply_count_hidden":0,"_bbp_forum_subforum_count":0,"site-sidebar-layout":"default","site-content-layout":"","ast-site-content-layout":"","site-content-style":"default","site-sidebar-style":"default","ast-global-header-display":"","ast-banner-title-visibility":"","ast-main-header-display":"","ast-hfb-above-header-display":"","ast-hfb-below-header-display":"","ast-hfb-mobile-header-display":"","site-post-title":"","ast-breadcrumbs-content":"","ast-featured-img":"","footer-sml-layout":"","theme-transparent-header-meta":"","adv-header-id-meta":"","stick-header-meta":"","header-above-stick-meta":"","header-main-stick-meta":"","header-below-stick-meta":"","astra-migrate-meta-layouts":"default","ast-page-background-enabled":"default","ast-page-background-meta":{"desktop":{"background-color":"var(--ast-global-color-4)","background-image":"","background-repeat":"repeat","background-position":"center center","background-size":"auto","background-attachment":"scroll","background-type":"","background-media":"","overlay-type":"","overlay-color":"","overlay-opacity":"","overlay-gradient":""},"tablet":{"background-color":"","background-image":"","background-repeat":"repeat","background-position":"center center","background-size":"auto","background-attachment":"scroll","background-type":"","background-media":"","overlay-type":"","overlay-color":"","overlay-opacity":"","overlay-gradient":""},"mobile":{"background-color":"","background-image":"","background-repeat":"repeat","background-position":"center center","background-size":"auto","background-attachment":"scroll","background-type":"","background-media":"","overlay-type":"","overlay-color":"","overlay-opacity":"","overlay-gradient":""}},"ast-content-background-meta":{"desktop":{"background-color":"var(--ast-global-color-5)","background-image":"","background-repeat":"repeat","background-position":"center center","background-size":"auto","background-attachment":"scroll","background-type":"","background-media":"","overlay-type":"","overlay-color":"","overlay-opacity":"","overlay-gradient":""},"tablet":{"background-color":"var(--ast-global-color-5)","background-image":"","background-repeat":"repeat","background-position":"center center","background-size":"auto","background-attachment":"scroll","background-type":"","background-media":"","overlay-type":"","overlay-color":"","overlay-opacity":"","overlay-gradient":""},"mobile":{"background-color":"var(--ast-global-color-5)","background-image":"","background-repeat":"repeat","background-position":"center center","background-size":"auto","background-attachment":"scroll","background-type":"","background-media":"","overlay-type":"","overlay-color":"","overlay-opacity":"","overlay-gradient":""}},"footnotes":""},"categories":[383],"tags":[315,163,172,179,100],"class_list":["post-8429","post","type-post","status-publish","format-standard","has-post-thumbnail","hentry","category-llibres-i-albums-illustrats","tag-crp-maleta-pedagogica","tag-educacio-infantil","tag-educacio-primaria","tag-educacio-secundaria","tag-lectura"],"post_mailing_queue_ids":[],"_links":{"self":[{"href":"https:\/\/serveiseducatius.xtec.cat\/pladurgell\/wp-json\/wp\/v2\/posts\/8429","targetHints":{"allow":["GET"]}}],"collection":[{"href":"https:\/\/serveiseducatius.xtec.cat\/pladurgell\/wp-json\/wp\/v2\/posts"}],"about":[{"href":"https:\/\/serveiseducatius.xtec.cat\/pladurgell\/wp-json\/wp\/v2\/types\/post"}],"author":[{"embeddable":true,"href":"https:\/\/serveiseducatius.xtec.cat\/pladurgell\/wp-json\/wp\/v2\/users\/1"}],"replies":[{"embeddable":true,"href":"https:\/\/serveiseducatius.xtec.cat\/pladurgell\/wp-json\/wp\/v2\/comments?post=8429"}],"version-history":[{"count":3,"href":"https:\/\/serveiseducatius.xtec.cat\/pladurgell\/wp-json\/wp\/v2\/posts\/8429\/revisions"}],"predecessor-version":[{"id":8559,"href":"https:\/\/serveiseducatius.xtec.cat\/pladurgell\/wp-json\/wp\/v2\/posts\/8429\/revisions\/8559"}],"wp:featuredmedia":[{"embeddable":true,"href":"https:\/\/serveiseducatius.xtec.cat\/pladurgell\/wp-json\/wp\/v2\/media\/8435"}],"wp:attachment":[{"href":"https:\/\/serveiseducatius.xtec.cat\/pladurgell\/wp-json\/wp\/v2\/media?parent=8429"}],"wp:term":[{"taxonomy":"category","embeddable":true,"href":"https:\/\/serveiseducatius.xtec.cat\/pladurgell\/wp-json\/wp\/v2\/categories?post=8429"},{"taxonomy":"post_tag","embeddable":true,"href":"https:\/\/serveiseducatius.xtec.cat\/pladurgell\/wp-json\/wp\/v2\/tags?post=8429"}],"curies":[{"name":"wp","href":"https:\/\/api.w.org\/{rel}","templated":true}]}}