{"id":8396,"date":"2017-12-21T10:00:09","date_gmt":"2017-12-21T09:00:09","guid":{"rendered":"http:\/\/serveiseducatius.xtec.cat\/pladurgell\/?p=8396"},"modified":"2017-12-21T10:00:09","modified_gmt":"2017-12-21T09:00:09","slug":"xl-premi-de-literatura-jove-enric-farreny-i-12e-premi-sambori-omnium-2018","status":"publish","type":"post","link":"https:\/\/serveiseducatius.xtec.cat\/pladurgell\/general\/xl-premi-de-literatura-jove-enric-farreny-i-12e-premi-sambori-omnium-2018\/","title":{"rendered":"XL Premi de Literatura Jove Enric Farreny i 12\u00e8 Premi Sambori \u00d2mnium 2018"},"content":{"rendered":"<p><img loading=\"lazy\" decoding=\"async\" class=\"alignleft\" src=\"https:\/\/lh3.googleusercontent.com\/Q5gydRiptKrekwwq_uqkybsns1k-OtPdxI7PWYLHLhk2qAPRZHOL5NKLqqM_kY3dY5Mcjo1AZtY0H8szCduvqMivKK9cmJIr6zLeTJC-8cLbi3lVOn9qD9nugv32G5dFx5TGle6-f4_pHPDmixo6GstnKi75hTsBpo0r9m_HZGHFopyDBIyvcTgOQvjrsg9HuJcj9h6NEAMoYxW8_zABhocvvSwbdIiZNlb8nZfV3k-urnQOuhGY41eEYoSFTwJfHWIDkTsrukuIPWe2h8g-AIMSvasLO7sFCHbFdBPc_d5wECqWZ5byYR1B8z51-QjDovaRj6CKVI1qJOxmfQZQYMGfhjwPp3IyAdNS362cbyYtlKIp10sdmvDZGpy_f-ze7HNsZDIQCGk_2coWDfhyNqPW2raYs4gDdwBzJ96w3EeToNsO7IL-50DOLEt-RUBeT9m4jWdYVRvD8NEWyA0i1wmC9anXLVe2cg5bOztYcI6boiHguC1u7uwh2a-BGfqY56POuZIpXLzlf0iEwHxmdHLrkoyloM09BeY78IDPI3ITbV4G96Drp0plqtlkc46e9szIYRaxSHjD1X7TtvkxSLUNAkdQMo2g4zcxC1Q=w600-h844-no\" width=\"215\" height=\"303\" \/><\/p>\n<p>&nbsp;<\/p>\n<p>&nbsp;<\/p>\n<p>&nbsp;<\/p>\n<p>&nbsp;<\/p>\n<p>Amb la voluntat d&#8217;esperonar la imaginac\u00f3 creativa del jovent,\u00a0\u00d2mnium Cultural de Lleida-Ponent, convoca la\u00a0<strong>40a edici\u00f3 del Premi de Literatura Jove Enric Farreny<\/strong>, dedicat a l&#8217;enyorat pedagog ponent\u00ed, en les modalitats de\u00a0<strong>prosa i poesia<\/strong>.<\/p>\n<p>&nbsp;<\/p>\n<p><strong>Els guanyadors del XL Premi Enric Farreny en la Modalitat de Prosa participaran en el 12\u00e8 Premi Sambori-\u00d2mnium<\/strong>, destinat a promoure l&#8217;\u00fas literari del catal\u00e0 a les escoles i instituts del Principat, la Franja, Andorra i Catalunya Nord.<\/p>\n<p>La convocat\u00f2ria inclou tots els centres p\u00fablics, concertats i privats.<\/p>\n<p>S&#8217;atorgaran premis a les seg\u00fcents categories:<\/p>\n<ol style=\"list-style-type: lower-alpha;\">\n<li>Cicle inicial de prim\u00e0ria (1r i 2n)<\/li>\n<li>Cicle mitj\u00e0 de prim\u00e0ria (3r i 4t)<\/li>\n<li>Cicle superior de Prim\u00e0ria (5\u00e8 i 6\u00e8)<\/li>\n<li>Primer cicle de secund\u00e0ria (1r i 2n d&#8217;ESO)<\/li>\n<li>Segon cicle de secund\u00e0ria (3r i 4t d&#8217;ESO)<\/li>\n<li>Batxillerat i cicle formatius<\/li>\n<\/ol>\n<p>Per als Premis Enric Farreny seran 3 premis per categoria que consistiran en lots de llibres i un diploma.<\/p>\n<p>I per als Premis Sambori de Prosa hi haur\u00e0 un m\u00e0xim de 3 premis per categoria. Els finalistes seran guardonats amb un diploma, un guard\u00f3 i un lot de material escolar i cultural. I els guanyadors del 1r premi de cada categoria gaudiran d&#8217;una estada de dos dies a Port Aventura amb dos acompanyants.<\/p>\n<p>La data l\u00edmit de lliurament de treballs ser\u00e0 el<strong>\u00a0divendres 9 de febrer de 2018.<\/strong><\/p>\n<p>Consulteu-ne les\u00a0<a href=\"https:\/\/lh3.googleusercontent.com\/PuxmtAHzEiEvtnF5Xp1om-YetiLrJ3U05RFYb0A9lO70omhBSB6wLlP2cTDjerowLpy7UdqB_Mw_xBEo6XA2Px_1lr03Tk9pM6cybKq0baljzOWTApcLXUo1GQ2OL2IvKdBL1UCH7Sjt42qflGwLoX3Esj8FXyEsEYapKpGp3gfSe1ikkkOvJGVMXibh8v--97WcKHE4JzwTTmWI_ePaTj3l0wau6BmOUPq9IBN26Grrcjam4xZoji-Yy6keXkC4ro-3SpmpwmyeDL5-F8V28qv3U76yiLafkGJqtqJ7j59qirZ6daKnU5GhKHrgo6pvt0R3zksrRJeTgCiPDJgtbuILN0fvC0e6o7JmXa_RshZMtNzg81v69UMvtzmBJwnYXxWxjTYEmdMdopbnbOZ9_IxVR2LDFu1FG8siMZXuKNAmJGRvH3ytYytCoHDI396ay79F4r2UrEAL4oB54q77Ss-kYWM1oflzSQ2koaZk8Fr7sKK_OGIDvbZ2-MKYN8z10yXXsSO6qQkth4TpFxGg0igksfqH7PLvrxFwx7kdRwTZmH0TiKLqAl6ChxdJg1DzTKa9j60kfwBcUM5v2rKaTe6b-ZtW4PuPgvlxJNg=w426-h844-no\">bases<\/a>.<\/p>\n<p><a href=\"https:\/\/drive.google.com\/file\/d\/1cWTjiRAZOgp5RxLnSPU4LOpSSEmBd2vo\/view\">Full de participaci\u00f3<\/a>\u00a0als premis.<\/p>\n","protected":false},"excerpt":{"rendered":"<p>&nbsp; &nbsp; &nbsp; &nbsp; Amb la voluntat d&#8217;esperonar la imaginac\u00f3 creativa del jovent,\u00a0\u00d2mnium Cultural de Lleida-Ponent, convoca la\u00a040a edici\u00f3 del [&hellip;]<\/p>\n","protected":false},"author":1,"featured_media":8398,"comment_status":"open","ping_status":"closed","sticky":false,"template":"","format":"standard","meta":{"_bbp_topic_count":0,"_bbp_reply_count":0,"_bbp_total_topic_count":0,"_bbp_total_reply_count":0,"_bbp_voice_count":0,"_bbp_anonymous_reply_count":0,"_bbp_topic_count_hidden":0,"_bbp_reply_count_hidden":0,"_bbp_forum_subforum_count":0,"site-sidebar-layout":"default","site-content-layout":"","ast-site-content-layout":"","site-content-style":"default","site-sidebar-style":"default","ast-global-header-display":"","ast-banner-title-visibility":"","ast-main-header-display":"","ast-hfb-above-header-display":"","ast-hfb-below-header-display":"","ast-hfb-mobile-header-display":"","site-post-title":"","ast-breadcrumbs-content":"","ast-featured-img":"","footer-sml-layout":"","theme-transparent-header-meta":"","adv-header-id-meta":"","stick-header-meta":"","header-above-stick-meta":"","header-main-stick-meta":"","header-below-stick-meta":"","astra-migrate-meta-layouts":"default","ast-page-background-enabled":"default","ast-page-background-meta":{"desktop":{"background-color":"var(--ast-global-color-4)","background-image":"","background-repeat":"repeat","background-position":"center center","background-size":"auto","background-attachment":"scroll","background-type":"","background-media":"","overlay-type":"","overlay-color":"","overlay-opacity":"","overlay-gradient":""},"tablet":{"background-color":"","background-image":"","background-repeat":"repeat","background-position":"center center","background-size":"auto","background-attachment":"scroll","background-type":"","background-media":"","overlay-type":"","overlay-color":"","overlay-opacity":"","overlay-gradient":""},"mobile":{"background-color":"","background-image":"","background-repeat":"repeat","background-position":"center center","background-size":"auto","background-attachment":"scroll","background-type":"","background-media":"","overlay-type":"","overlay-color":"","overlay-opacity":"","overlay-gradient":""}},"ast-content-background-meta":{"desktop":{"background-color":"var(--ast-global-color-5)","background-image":"","background-repeat":"repeat","background-position":"center center","background-size":"auto","background-attachment":"scroll","background-type":"","background-media":"","overlay-type":"","overlay-color":"","overlay-opacity":"","overlay-gradient":""},"tablet":{"background-color":"var(--ast-global-color-5)","background-image":"","background-repeat":"repeat","background-position":"center center","background-size":"auto","background-attachment":"scroll","background-type":"","background-media":"","overlay-type":"","overlay-color":"","overlay-opacity":"","overlay-gradient":""},"mobile":{"background-color":"var(--ast-global-color-5)","background-image":"","background-repeat":"repeat","background-position":"center center","background-size":"auto","background-attachment":"scroll","background-type":"","background-media":"","overlay-type":"","overlay-color":"","overlay-opacity":"","overlay-gradient":""}},"footnotes":""},"categories":[1],"tags":[172,179,292,291],"class_list":["post-8396","post","type-post","status-publish","format-standard","has-post-thumbnail","hentry","category-general","tag-educacio-primaria","tag-educacio-secundaria","tag-literatura","tag-premis"],"post_mailing_queue_ids":[],"_links":{"self":[{"href":"https:\/\/serveiseducatius.xtec.cat\/pladurgell\/wp-json\/wp\/v2\/posts\/8396","targetHints":{"allow":["GET"]}}],"collection":[{"href":"https:\/\/serveiseducatius.xtec.cat\/pladurgell\/wp-json\/wp\/v2\/posts"}],"about":[{"href":"https:\/\/serveiseducatius.xtec.cat\/pladurgell\/wp-json\/wp\/v2\/types\/post"}],"author":[{"embeddable":true,"href":"https:\/\/serveiseducatius.xtec.cat\/pladurgell\/wp-json\/wp\/v2\/users\/1"}],"replies":[{"embeddable":true,"href":"https:\/\/serveiseducatius.xtec.cat\/pladurgell\/wp-json\/wp\/v2\/comments?post=8396"}],"version-history":[{"count":2,"href":"https:\/\/serveiseducatius.xtec.cat\/pladurgell\/wp-json\/wp\/v2\/posts\/8396\/revisions"}],"predecessor-version":[{"id":8399,"href":"https:\/\/serveiseducatius.xtec.cat\/pladurgell\/wp-json\/wp\/v2\/posts\/8396\/revisions\/8399"}],"wp:featuredmedia":[{"embeddable":true,"href":"https:\/\/serveiseducatius.xtec.cat\/pladurgell\/wp-json\/wp\/v2\/media\/8398"}],"wp:attachment":[{"href":"https:\/\/serveiseducatius.xtec.cat\/pladurgell\/wp-json\/wp\/v2\/media?parent=8396"}],"wp:term":[{"taxonomy":"category","embeddable":true,"href":"https:\/\/serveiseducatius.xtec.cat\/pladurgell\/wp-json\/wp\/v2\/categories?post=8396"},{"taxonomy":"post_tag","embeddable":true,"href":"https:\/\/serveiseducatius.xtec.cat\/pladurgell\/wp-json\/wp\/v2\/tags?post=8396"}],"curies":[{"name":"wp","href":"https:\/\/api.w.org\/{rel}","templated":true}]}}