{"id":23086,"date":"2026-09-03T09:00:00","date_gmt":"2026-09-03T07:00:00","guid":{"rendered":"https:\/\/serveiseducatius.xtec.cat\/pladurgell\/?p=23086"},"modified":"2026-09-03T12:25:13","modified_gmt":"2026-09-03T10:25:13","slug":"inscripcio-activitats-formatives-1r-torn-pfz-2026-2027","status":"publish","type":"post","link":"https:\/\/serveiseducatius.xtec.cat\/pladurgell\/general\/inscripcio-activitats-formatives-1r-torn-pfz-2026-2027\/","title":{"rendered":"Inscripci\u00f3 activitats formatives 1r torn PFZ 2026-2027"},"content":{"rendered":"<p><img loading=\"lazy\" decoding=\"async\" class=\"aligncenter wp-image-12069\" src=\"https:\/\/serveiseducatius.xtec.cat\/pladurgell\/wp-content\/uploads\/usu1141\/2020\/09\/PFZ_gran_trans-300x247-1.png\" alt=\"\" width=\"250\" height=\"206\" \/><\/p>\n<p>Deixem a la vostra disposici\u00f3 el <a href=\"https:\/\/serveiseducatius.xtec.cat\/pladurgell\/formacio\/activitats\/\">llistat d&#8217;activitats aprovades del Pla de Formaci\u00f3 de Zona<\/a> per al curs 2026-2027.<\/p>\n<p><b>Gesti\u00f3 i seguiment de l&#8217;oferta formativa:<\/b><\/p>\n<table>\n<tbody>\n<tr>\n<td style=\"text-align: center;\"><b>Per\u00edodes d&#8217;inscripci\u00f3<\/b><\/td>\n<td style=\"text-align: center;\"><b>Sol\u00b7licitud de pla\u00e7a<\/b><\/td>\n<td style=\"text-align: center;\"><b>Consulta d\u2019adjudicacions<\/b><\/td>\n<td style=\"text-align: center;\"><b>Inici de les activitats<\/b><\/td>\n<\/tr>\n<tr>\n<td style=\"text-align: center;\"><span style=\"font-weight: 400;\">Primer torn<\/span><\/td>\n<td style=\"text-align: center;\"><span style=\"font-weight: 400;\">del 4 al 20 de setembre<\/span><\/td>\n<td style=\"text-align: center;\"><span style=\"font-weight: 400;\">6 d\u2019octubre<\/span><\/td>\n<td style=\"text-align: center;\"><span style=\"font-weight: 400;\">a partir del 13 d&#8217;octubre\u00a0<\/span><\/td>\n<\/tr>\n<tr>\n<td style=\"text-align: center;\"><span style=\"font-weight: 400;\">Segon torn<\/span><\/td>\n<td style=\"text-align: center;\"><span style=\"font-weight: 400;\">del 7 al 15 de gener<\/span><\/td>\n<td style=\"text-align: center;\"><span style=\"font-weight: 400;\">29 de gener<\/span><\/td>\n<td style=\"text-align: center;\"><span style=\"font-weight: 400;\">a partir del 5 de febrer<\/span><\/td>\n<\/tr>\n<tr>\n<td style=\"text-align: center;\"><span style=\"font-weight: 400;\">Torn d&#8217;estiu\u00a0<\/span><\/td>\n<td style=\"text-align: center;\"><span style=\"font-weight: 400;\">del 15 al 27 de maig<\/span><\/td>\n<td style=\"text-align: center;\"><span style=\"font-weight: 400;\">15 de juny<\/span><\/td>\n<td style=\"text-align: center;\"><span style=\"font-weight: 400;\">a partir de l&#8217;1 de juliol<\/span><\/td>\n<\/tr>\n<\/tbody>\n<\/table>\n<p style=\"text-align: justify;\">Tamb\u00e9 podeu disposar de tota l\u2019oferta formativa que presenta el Departament d\u2019Educaci\u00f3 a la <a href=\"http:\/\/xtec.gencat.cat\/ca\/formacio\/\">secci\u00f3 de formaci\u00f3 de la XTEC<\/a>. A cadascun dels diferents apartats d\u2019aquesta p\u00e0gina i a trav\u00e9s del\u00a0<a href=\"http:\/\/xtec.gencat.cat\/ca\/formacio\/info-general\/cercador-activitats\/\">cercador d\u2019activitats<\/a>\u00a0es pot accedir a la informaci\u00f3 relacionada i la inscripci\u00f3 de les diverses activitats planificades.<\/p>\n","protected":false},"excerpt":{"rendered":"<p>Deixem a la vostra disposici\u00f3 el llistat d&#8217;activitats aprovades del Pla de Formaci\u00f3 de Zona per al curs 2026-2027. Gesti\u00f3 [&hellip;]<\/p>\n","protected":false},"author":1,"featured_media":22107,"comment_status":"closed","ping_status":"open","sticky":false,"template":"","format":"standard","meta":{"_bbp_topic_count":0,"_bbp_reply_count":0,"_bbp_total_topic_count":0,"_bbp_total_reply_count":0,"_bbp_voice_count":0,"_bbp_anonymous_reply_count":0,"_bbp_topic_count_hidden":0,"_bbp_reply_count_hidden":0,"_bbp_forum_subforum_count":0,"site-sidebar-layout":"default","site-content-layout":"","ast-site-content-layout":"default","site-content-style":"default","site-sidebar-style":"default","ast-global-header-display":"","ast-banner-title-visibility":"","ast-main-header-display":"","ast-hfb-above-header-display":"","ast-hfb-below-header-display":"","ast-hfb-mobile-header-display":"","site-post-title":"","ast-breadcrumbs-content":"","ast-featured-img":"","footer-sml-layout":"","theme-transparent-header-meta":"","adv-header-id-meta":"","stick-header-meta":"","header-above-stick-meta":"","header-main-stick-meta":"","header-below-stick-meta":"","astra-migrate-meta-layouts":"set","ast-page-background-enabled":"default","ast-page-background-meta":{"desktop":{"background-color":"var(--ast-global-color-4)","background-image":"","background-repeat":"repeat","background-position":"center center","background-size":"auto","background-attachment":"scroll","background-type":"","background-media":"","overlay-type":"","overlay-color":"","overlay-opacity":"","overlay-gradient":""},"tablet":{"background-color":"","background-image":"","background-repeat":"repeat","background-position":"center center","background-size":"auto","background-attachment":"scroll","background-type":"","background-media":"","overlay-type":"","overlay-color":"","overlay-opacity":"","overlay-gradient":""},"mobile":{"background-color":"","background-image":"","background-repeat":"repeat","background-position":"center center","background-size":"auto","background-attachment":"scroll","background-type":"","background-media":"","overlay-type":"","overlay-color":"","overlay-opacity":"","overlay-gradient":""}},"ast-content-background-meta":{"desktop":{"background-color":"var(--ast-global-color-5)","background-image":"","background-repeat":"repeat","background-position":"center center","background-size":"auto","background-attachment":"scroll","background-type":"","background-media":"","overlay-type":"","overlay-color":"","overlay-opacity":"","overlay-gradient":""},"tablet":{"background-color":"var(--ast-global-color-5)","background-image":"","background-repeat":"repeat","background-position":"center center","background-size":"auto","background-attachment":"scroll","background-type":"","background-media":"","overlay-type":"","overlay-color":"","overlay-opacity":"","overlay-gradient":""},"mobile":{"background-color":"var(--ast-global-color-5)","background-image":"","background-repeat":"repeat","background-position":"center center","background-size":"auto","background-attachment":"scroll","background-type":"","background-media":"","overlay-type":"","overlay-color":"","overlay-opacity":"","overlay-gradient":""}},"footnotes":""},"categories":[154,1,153,29],"tags":[],"class_list":["post-23086","post","type-post","status-publish","format-standard","has-post-thumbnail","hentry","category-formacio","category-general","category-pfz","category-portada"],"post_mailing_queue_ids":[],"_links":{"self":[{"href":"https:\/\/serveiseducatius.xtec.cat\/pladurgell\/wp-json\/wp\/v2\/posts\/23086","targetHints":{"allow":["GET"]}}],"collection":[{"href":"https:\/\/serveiseducatius.xtec.cat\/pladurgell\/wp-json\/wp\/v2\/posts"}],"about":[{"href":"https:\/\/serveiseducatius.xtec.cat\/pladurgell\/wp-json\/wp\/v2\/types\/post"}],"author":[{"embeddable":true,"href":"https:\/\/serveiseducatius.xtec.cat\/pladurgell\/wp-json\/wp\/v2\/users\/1"}],"replies":[{"embeddable":true,"href":"https:\/\/serveiseducatius.xtec.cat\/pladurgell\/wp-json\/wp\/v2\/comments?post=23086"}],"version-history":[{"count":2,"href":"https:\/\/serveiseducatius.xtec.cat\/pladurgell\/wp-json\/wp\/v2\/posts\/23086\/revisions"}],"predecessor-version":[{"id":23088,"href":"https:\/\/serveiseducatius.xtec.cat\/pladurgell\/wp-json\/wp\/v2\/posts\/23086\/revisions\/23088"}],"wp:featuredmedia":[{"embeddable":true,"href":"https:\/\/serveiseducatius.xtec.cat\/pladurgell\/wp-json\/wp\/v2\/media\/22107"}],"wp:attachment":[{"href":"https:\/\/serveiseducatius.xtec.cat\/pladurgell\/wp-json\/wp\/v2\/media?parent=23086"}],"wp:term":[{"taxonomy":"category","embeddable":true,"href":"https:\/\/serveiseducatius.xtec.cat\/pladurgell\/wp-json\/wp\/v2\/categories?post=23086"},{"taxonomy":"post_tag","embeddable":true,"href":"https:\/\/serveiseducatius.xtec.cat\/pladurgell\/wp-json\/wp\/v2\/tags?post=23086"}],"curies":[{"name":"wp","href":"https:\/\/api.w.org\/{rel}","templated":true}]}}