{"id":22702,"date":"2026-04-27T12:04:17","date_gmt":"2026-04-27T10:04:17","guid":{"rendered":"https:\/\/serveiseducatius.xtec.cat\/pladurgell\/?p=22702"},"modified":"2026-04-27T12:04:18","modified_gmt":"2026-04-27T10:04:18","slug":"ix-trobada-esportiva-de-1r-deso","status":"publish","type":"post","link":"https:\/\/serveiseducatius.xtec.cat\/pladurgell\/general\/ix-trobada-esportiva-de-1r-deso\/","title":{"rendered":"IX Trobada esportiva de 1r d&#8217;ESO"},"content":{"rendered":"\n<figure class=\"wp-block-image aligncenter size-large is-resized\"><a href=\"https:\/\/serveiseducatius.xtec.cat\/pladurgell\/wp-content\/uploads\/usu1141\/2026\/04\/1777277001055.jpg\"><img loading=\"lazy\" decoding=\"async\" width=\"1024\" height=\"768\" src=\"https:\/\/serveiseducatius.xtec.cat\/pladurgell\/wp-content\/uploads\/usu1141\/2026\/04\/1777277001055-1024x768.jpg\" alt=\"\" class=\"wp-image-22703\" style=\"width:528px;height:auto\" srcset=\"https:\/\/serveiseducatius.xtec.cat\/pladurgell\/wp-content\/uploads\/usu1141\/2026\/04\/1777277001055-1024x768.jpg 1024w, https:\/\/serveiseducatius.xtec.cat\/pladurgell\/wp-content\/uploads\/usu1141\/2026\/04\/1777277001055-300x225.jpg 300w, https:\/\/serveiseducatius.xtec.cat\/pladurgell\/wp-content\/uploads\/usu1141\/2026\/04\/1777277001055-768x576.jpg 768w, https:\/\/serveiseducatius.xtec.cat\/pladurgell\/wp-content\/uploads\/usu1141\/2026\/04\/1777277001055-1536x1152.jpg 1536w, https:\/\/serveiseducatius.xtec.cat\/pladurgell\/wp-content\/uploads\/usu1141\/2026\/04\/1777277001055.jpg 1600w\" sizes=\"auto, (max-width: 1024px) 100vw, 1024px\" \/><\/a><\/figure>\n\n\n\n<p>El divendres 24 d&#8217;abril es va celebrar la <strong>IX Jornada esportiva de 1r d&#8217;ESO<\/strong> a les instal\u00b7lacions esportives municipals de Mollerussa.<\/p>\n\n\n\n<p>La jornada ha comptat amb la participaci\u00f3 de 370 alumnes de 1r d&#8217;ESO dels centres d&#8217;educaci\u00f3 secund\u00e0ria: CEE Silo\u00e8, Institut Terres de Ponent, Institut Salt del Duran, Institut la Serra i La Salle. L&#8217;alumnat de l&#8217;INS Mollerussa ha dinamitzat les diferents proves esportives.<\/p>\n\n\n\n<p>Aquesta jornada l&#8217;impulsa el Pla Educatiu d&#8217;Entorn de Mollerussa i s&#8217;organitza des del seminari d&#8217;especialistes d&#8217;Educaci\u00f3 F\u00edsica de secund\u00e0ria del Pla d&#8217;Urgell dins del marc del Pla de Formaci\u00f3 de Zona del Centre de Recursos del Pla d&#8217;Urgell. Hi ha col\u00b7laborat l&#8217;Ajuntament de Mollerussa i el Consell Esportiu del Pla d&#8217;Urgell.<\/p>\n\n\n\n<p><\/p>\n","protected":false},"excerpt":{"rendered":"<p>El divendres 24 d&#8217;abril es va celebrar la IX Jornada esportiva de 1r d&#8217;ESO a les instal\u00b7lacions esportives municipals de [&hellip;]<\/p>\n","protected":false},"author":1,"featured_media":22735,"comment_status":"closed","ping_status":"open","sticky":false,"template":"","format":"standard","meta":{"_bbp_topic_count":0,"_bbp_reply_count":0,"_bbp_total_topic_count":0,"_bbp_total_reply_count":0,"_bbp_voice_count":0,"_bbp_anonymous_reply_count":0,"_bbp_topic_count_hidden":0,"_bbp_reply_count_hidden":0,"_bbp_forum_subforum_count":0,"site-sidebar-layout":"default","site-content-layout":"","ast-site-content-layout":"default","site-content-style":"default","site-sidebar-style":"default","ast-global-header-display":"","ast-banner-title-visibility":"","ast-main-header-display":"","ast-hfb-above-header-display":"","ast-hfb-below-header-display":"","ast-hfb-mobile-header-display":"","site-post-title":"","ast-breadcrumbs-content":"","ast-featured-img":"","footer-sml-layout":"","theme-transparent-header-meta":"","adv-header-id-meta":"","stick-header-meta":"","header-above-stick-meta":"","header-main-stick-meta":"","header-below-stick-meta":"","astra-migrate-meta-layouts":"set","ast-page-background-enabled":"default","ast-page-background-meta":{"desktop":{"background-color":"var(--ast-global-color-4)","background-image":"","background-repeat":"repeat","background-position":"center center","background-size":"auto","background-attachment":"scroll","background-type":"","background-media":"","overlay-type":"","overlay-color":"","overlay-opacity":"","overlay-gradient":""},"tablet":{"background-color":"","background-image":"","background-repeat":"repeat","background-position":"center center","background-size":"auto","background-attachment":"scroll","background-type":"","background-media":"","overlay-type":"","overlay-color":"","overlay-opacity":"","overlay-gradient":""},"mobile":{"background-color":"","background-image":"","background-repeat":"repeat","background-position":"center center","background-size":"auto","background-attachment":"scroll","background-type":"","background-media":"","overlay-type":"","overlay-color":"","overlay-opacity":"","overlay-gradient":""}},"ast-content-background-meta":{"desktop":{"background-color":"var(--ast-global-color-5)","background-image":"","background-repeat":"repeat","background-position":"center center","background-size":"auto","background-attachment":"scroll","background-type":"","background-media":"","overlay-type":"","overlay-color":"","overlay-opacity":"","overlay-gradient":""},"tablet":{"background-color":"var(--ast-global-color-5)","background-image":"","background-repeat":"repeat","background-position":"center center","background-size":"auto","background-attachment":"scroll","background-type":"","background-media":"","overlay-type":"","overlay-color":"","overlay-opacity":"","overlay-gradient":""},"mobile":{"background-color":"var(--ast-global-color-5)","background-image":"","background-repeat":"repeat","background-position":"center center","background-size":"auto","background-attachment":"scroll","background-type":"","background-media":"","overlay-type":"","overlay-color":"","overlay-opacity":"","overlay-gradient":""}},"footnotes":""},"categories":[251,1,75,29],"tags":[],"class_list":["post-22702","post","type-post","status-publish","format-standard","has-post-thumbnail","hentry","category-dinamica-educativa-sant-vicenc-dels-horts","category-general","category-pee","category-portada"],"post_mailing_queue_ids":[],"_links":{"self":[{"href":"https:\/\/serveiseducatius.xtec.cat\/pladurgell\/wp-json\/wp\/v2\/posts\/22702","targetHints":{"allow":["GET"]}}],"collection":[{"href":"https:\/\/serveiseducatius.xtec.cat\/pladurgell\/wp-json\/wp\/v2\/posts"}],"about":[{"href":"https:\/\/serveiseducatius.xtec.cat\/pladurgell\/wp-json\/wp\/v2\/types\/post"}],"author":[{"embeddable":true,"href":"https:\/\/serveiseducatius.xtec.cat\/pladurgell\/wp-json\/wp\/v2\/users\/1"}],"replies":[{"embeddable":true,"href":"https:\/\/serveiseducatius.xtec.cat\/pladurgell\/wp-json\/wp\/v2\/comments?post=22702"}],"version-history":[{"count":5,"href":"https:\/\/serveiseducatius.xtec.cat\/pladurgell\/wp-json\/wp\/v2\/posts\/22702\/revisions"}],"predecessor-version":[{"id":22734,"href":"https:\/\/serveiseducatius.xtec.cat\/pladurgell\/wp-json\/wp\/v2\/posts\/22702\/revisions\/22734"}],"wp:featuredmedia":[{"embeddable":true,"href":"https:\/\/serveiseducatius.xtec.cat\/pladurgell\/wp-json\/wp\/v2\/media\/22735"}],"wp:attachment":[{"href":"https:\/\/serveiseducatius.xtec.cat\/pladurgell\/wp-json\/wp\/v2\/media?parent=22702"}],"wp:term":[{"taxonomy":"category","embeddable":true,"href":"https:\/\/serveiseducatius.xtec.cat\/pladurgell\/wp-json\/wp\/v2\/categories?post=22702"},{"taxonomy":"post_tag","embeddable":true,"href":"https:\/\/serveiseducatius.xtec.cat\/pladurgell\/wp-json\/wp\/v2\/tags?post=22702"}],"curies":[{"name":"wp","href":"https:\/\/api.w.org\/{rel}","templated":true}]}}