{"id":21724,"date":"2025-09-18T09:27:00","date_gmt":"2025-09-18T07:27:00","guid":{"rendered":"https:\/\/serveiseducatius.xtec.cat\/pladurgell\/?p=21724"},"modified":"2025-10-29T13:06:56","modified_gmt":"2025-10-29T12:06:56","slug":"oncurs-escolar-e-motion","status":"publish","type":"post","link":"https:\/\/serveiseducatius.xtec.cat\/pladurgell\/portada\/oncurs-escolar-e-motion\/","title":{"rendered":"Concurs escolar\u00a0eMOTION"},"content":{"rendered":"\n<figure class=\"wp-block-image aligncenter size-full is-resized is-style-default\"><a href=\"https:\/\/serveiseducatius.xtec.cat\/pladurgell\/wp-content\/uploads\/usu1141\/2025\/09\/large-7.jpg\"><img loading=\"lazy\" decoding=\"async\" width=\"543\" height=\"768\" src=\"https:\/\/serveiseducatius.xtec.cat\/pladurgell\/wp-content\/uploads\/usu1141\/2025\/09\/large-7.jpg\" alt=\"\" class=\"wp-image-21725\" style=\"width:369px;height:auto\" srcset=\"https:\/\/serveiseducatius.xtec.cat\/pladurgell\/wp-content\/uploads\/usu1141\/2025\/09\/large-7.jpg 543w, https:\/\/serveiseducatius.xtec.cat\/pladurgell\/wp-content\/uploads\/usu1141\/2025\/09\/large-7-212x300.jpg 212w\" sizes=\"auto, (max-width: 543px) 100vw, 543px\" \/><\/a><\/figure>\n\n\n\n<p>El pr\u00f2xim&nbsp;<strong>1 d\u2019octubre<\/strong>&nbsp;s\u2019obrir\u00e0 el per\u00edode de recepci\u00f3 de participacions al concurs escolar&nbsp;<strong>e-Motion<\/strong>, que enguany es rellan\u00e7a amb motiu del&nbsp;<strong>30\u00e8 aniversari de l\u2019<\/strong><a href=\"https:\/\/animac.paeria.cat\/\"><strong>ANIMAC \u2013 Mostra Internacional de Cinema d\u2019Animaci\u00f3 de Catalunya<\/strong>.&nbsp;<\/a><\/p>\n\n\n\n<p>El concurs t\u00e9 com a objectiu&nbsp;<strong>fomentar la creativitat, l\u2019expressi\u00f3 art\u00edstica, la llengua catalana i l\u2019\u00fas de les noves tecnologies<\/strong>&nbsp;entre l\u2019alumnat, a trav\u00e9s de la creaci\u00f3 d\u2019animacions en t\u00e8cnica&nbsp;<em>Stop&nbsp;Motion<\/em>. Est\u00e0 adre\u00e7at a tots els nivells educatius, des d\u2019<strong>educaci\u00f3 infantil fins a formaci\u00f3 professional<\/strong>.<\/p>\n\n\n\n<p>La participaci\u00f3 pot ser individual o en grup (fins a 5 persones), i cada obra haur\u00e0 de tenir una durada d\u2019entre&nbsp;<strong>30 segons i 3 minuts<\/strong>. Hi podran participar infants i joves de tota la prov\u00edncia de Lleida.<\/p>\n\n\n\n<p><img decoding=\"async\" alt=\"\ud83d\udcc5\" src=\"https:\/\/fonts.gstatic.com\/s\/e\/notoemoji\/16.0\/1f4c5\/32.png\"><strong>Calendari<\/strong><\/p>\n\n\n\n<ul class=\"wp-block-list\">\n<li>Inscripcions: de l\u20191 d\u2019octubre a l\u20191 de desembre de 2025<\/li>\n\n\n\n<li>Gala de lliurament de premis: 18 de febrer de 2026, a La Llotja de Lleida<\/li>\n<\/ul>\n\n\n\n<p><img decoding=\"async\" alt=\"\ud83c\udfc6\" src=\"https:\/\/fonts.gstatic.com\/s\/e\/notoemoji\/16.0\/1f3c6\/32.png\"><strong>Premis<\/strong><br>Els guanyadors rebran un&nbsp;<strong>abonament familiar per assistir a l\u2019ANIMAC 2026<\/strong>.<\/p>\n\n\n\n<p><img decoding=\"async\" src=\"https:\/\/fonts.gstatic.com\/s\/e\/notoemoji\/16.0\/2139_fe0f\/32.png\" alt=\"\u2139\ufe0f\">&nbsp;Adjuntem el<a href=\"https:\/\/drive.google.com\/file\/d\/1powsW_UVocG2PRO5UqC5Yhs_Ia3rGY54\/view?usp=sharing\"> cartell<\/a> i les <a href=\"https:\/\/drive.google.com\/file\/d\/1c1hoL6pZiMrNwfvbDI11dkaSIXGWWTqc\/view?usp=sharing\">bases del concurs <\/a>on podreu trobar m\u00e9s informaci\u00f3.<br><img decoding=\"async\" src=\"https:\/\/fonts.gstatic.com\/s\/e\/notoemoji\/16.0\/1f4e7\/32.png\" alt=\"\ud83d\udce7\">&nbsp;Contacte:&nbsp;<a href=\"mailto:emotionlleida@gmail.com\" target=\"_blank\" rel=\"noreferrer noopener\">emotionlleida@gmail.com<\/a><\/p>\n\n\n\n<p><\/p>\n","protected":false},"excerpt":{"rendered":"<p>El pr\u00f2xim&nbsp;1 d\u2019octubre&nbsp;s\u2019obrir\u00e0 el per\u00edode de recepci\u00f3 de participacions al concurs escolar&nbsp;e-Motion, que enguany es rellan\u00e7a amb motiu del&nbsp;30\u00e8 aniversari [&hellip;]<\/p>\n","protected":false},"author":1,"featured_media":21725,"comment_status":"closed","ping_status":"open","sticky":false,"template":"","format":"standard","meta":{"_bbp_topic_count":0,"_bbp_reply_count":0,"_bbp_total_topic_count":0,"_bbp_total_reply_count":0,"_bbp_voice_count":0,"_bbp_anonymous_reply_count":0,"_bbp_topic_count_hidden":0,"_bbp_reply_count_hidden":0,"_bbp_forum_subforum_count":0,"site-sidebar-layout":"default","site-content-layout":"","ast-site-content-layout":"default","site-content-style":"default","site-sidebar-style":"default","ast-global-header-display":"","ast-banner-title-visibility":"","ast-main-header-display":"","ast-hfb-above-header-display":"","ast-hfb-below-header-display":"","ast-hfb-mobile-header-display":"","site-post-title":"","ast-breadcrumbs-content":"","ast-featured-img":"","footer-sml-layout":"","theme-transparent-header-meta":"","adv-header-id-meta":"","stick-header-meta":"","header-above-stick-meta":"","header-main-stick-meta":"","header-below-stick-meta":"","astra-migrate-meta-layouts":"set","ast-page-background-enabled":"default","ast-page-background-meta":{"desktop":{"background-color":"var(--ast-global-color-4)","background-image":"","background-repeat":"repeat","background-position":"center center","background-size":"auto","background-attachment":"scroll","background-type":"","background-media":"","overlay-type":"","overlay-color":"","overlay-opacity":"","overlay-gradient":""},"tablet":{"background-color":"","background-image":"","background-repeat":"repeat","background-position":"center center","background-size":"auto","background-attachment":"scroll","background-type":"","background-media":"","overlay-type":"","overlay-color":"","overlay-opacity":"","overlay-gradient":""},"mobile":{"background-color":"","background-image":"","background-repeat":"repeat","background-position":"center center","background-size":"auto","background-attachment":"scroll","background-type":"","background-media":"","overlay-type":"","overlay-color":"","overlay-opacity":"","overlay-gradient":""}},"ast-content-background-meta":{"desktop":{"background-color":"var(--ast-global-color-5)","background-image":"","background-repeat":"repeat","background-position":"center center","background-size":"auto","background-attachment":"scroll","background-type":"","background-media":"","overlay-type":"","overlay-color":"","overlay-opacity":"","overlay-gradient":""},"tablet":{"background-color":"var(--ast-global-color-5)","background-image":"","background-repeat":"repeat","background-position":"center center","background-size":"auto","background-attachment":"scroll","background-type":"","background-media":"","overlay-type":"","overlay-color":"","overlay-opacity":"","overlay-gradient":""},"mobile":{"background-color":"var(--ast-global-color-5)","background-image":"","background-repeat":"repeat","background-position":"center center","background-size":"auto","background-attachment":"scroll","background-type":"","background-media":"","overlay-type":"","overlay-color":"","overlay-opacity":"","overlay-gradient":""}},"footnotes":""},"categories":[29],"tags":[912,890,913,163,172,179],"class_list":["post-21724","post","type-post","status-publish","format-standard","has-post-thumbnail","hentry","category-portada","tag-concurs-2","tag-educacioartistica","tag-stop-motion","tag-educacio-infantil","tag-educacio-primaria","tag-educacio-secundaria"],"post_mailing_queue_ids":[],"_links":{"self":[{"href":"https:\/\/serveiseducatius.xtec.cat\/pladurgell\/wp-json\/wp\/v2\/posts\/21724","targetHints":{"allow":["GET"]}}],"collection":[{"href":"https:\/\/serveiseducatius.xtec.cat\/pladurgell\/wp-json\/wp\/v2\/posts"}],"about":[{"href":"https:\/\/serveiseducatius.xtec.cat\/pladurgell\/wp-json\/wp\/v2\/types\/post"}],"author":[{"embeddable":true,"href":"https:\/\/serveiseducatius.xtec.cat\/pladurgell\/wp-json\/wp\/v2\/users\/1"}],"replies":[{"embeddable":true,"href":"https:\/\/serveiseducatius.xtec.cat\/pladurgell\/wp-json\/wp\/v2\/comments?post=21724"}],"version-history":[{"count":3,"href":"https:\/\/serveiseducatius.xtec.cat\/pladurgell\/wp-json\/wp\/v2\/posts\/21724\/revisions"}],"predecessor-version":[{"id":21728,"href":"https:\/\/serveiseducatius.xtec.cat\/pladurgell\/wp-json\/wp\/v2\/posts\/21724\/revisions\/21728"}],"wp:featuredmedia":[{"embeddable":true,"href":"https:\/\/serveiseducatius.xtec.cat\/pladurgell\/wp-json\/wp\/v2\/media\/21725"}],"wp:attachment":[{"href":"https:\/\/serveiseducatius.xtec.cat\/pladurgell\/wp-json\/wp\/v2\/media?parent=21724"}],"wp:term":[{"taxonomy":"category","embeddable":true,"href":"https:\/\/serveiseducatius.xtec.cat\/pladurgell\/wp-json\/wp\/v2\/categories?post=21724"},{"taxonomy":"post_tag","embeddable":true,"href":"https:\/\/serveiseducatius.xtec.cat\/pladurgell\/wp-json\/wp\/v2\/tags?post=21724"}],"curies":[{"name":"wp","href":"https:\/\/api.w.org\/{rel}","templated":true}]}}