{"id":21437,"date":"2025-05-23T10:27:06","date_gmt":"2025-05-23T08:27:06","guid":{"rendered":"https:\/\/serveiseducatius.xtec.cat\/pladurgell\/?p=21437"},"modified":"2025-10-29T13:38:57","modified_gmt":"2025-10-29T12:38:57","slug":"congres-deducacio-matematica-c2em","status":"publish","type":"post","link":"https:\/\/serveiseducatius.xtec.cat\/pladurgell\/general\/congres-deducacio-matematica-c2em\/","title":{"rendered":"Congr\u00e9s d&#8217;Educaci\u00f3 Matem\u00e0tica C2EM"},"content":{"rendered":"\n<figure class=\"wp-block-image size-large\"><a href=\"https:\/\/serveiseducatius.xtec.cat\/pladurgell\/wp-content\/uploads\/usu1141\/2025\/05\/c2em.png\"><img loading=\"lazy\" decoding=\"async\" width=\"1024\" height=\"264\" src=\"https:\/\/serveiseducatius.xtec.cat\/pladurgell\/wp-content\/uploads\/usu1141\/2025\/05\/c2em-1024x264.png\" alt=\"Congr\u00e9s d'educaci\u00f3 matem\u00e0tica Lleida 2025\" class=\"wp-image-21438\" srcset=\"https:\/\/serveiseducatius.xtec.cat\/pladurgell\/wp-content\/uploads\/usu1141\/2025\/05\/c2em-1024x264.png 1024w, https:\/\/serveiseducatius.xtec.cat\/pladurgell\/wp-content\/uploads\/usu1141\/2025\/05\/c2em-300x77.png 300w, https:\/\/serveiseducatius.xtec.cat\/pladurgell\/wp-content\/uploads\/usu1141\/2025\/05\/c2em-768x198.png 768w, https:\/\/serveiseducatius.xtec.cat\/pladurgell\/wp-content\/uploads\/usu1141\/2025\/05\/c2em-1536x397.png 1536w, https:\/\/serveiseducatius.xtec.cat\/pladurgell\/wp-content\/uploads\/usu1141\/2025\/05\/c2em.png 1901w\" sizes=\"auto, (max-width: 1024px) 100vw, 1024px\" \/><\/a><\/figure>\n\n\n\n<p>Del <strong>7 al 9 de juliol de 2025<\/strong> se celebrar\u00e0 a Lleida el\u00a0<strong>Congr\u00e9s Catal\u00e0 d\u2019Educaci\u00f3 Matem\u00e0tica (C<sup>2<\/sup>EM 2025)<\/strong>, sota el lema\u00a0<em>\u201cImpulsem l\u2019educaci\u00f3 matem\u00e0tica. Fer, mirar, pensar\u201d<\/em>.<\/p>\n\n\n\n<p>La primera edici\u00f3 del C<sup>2<\/sup>EM es va dur a terme a Barcelona l\u2019any 2016, amb la participaci\u00f3 de m\u00e9s de 600 mestres i professors de totes les etapes educatives, des d\u2019educaci\u00f3 infantil fins a batxillerat. El 2020, a causa de la situaci\u00f3 sanit\u00e0ria, el congr\u00e9s es va celebrar en l\u00ednia des de Reus i Tarragona.<\/p>\n\n\n\n<p>Aquest 2025, la&nbsp;<strong>inauguraci\u00f3 i la cloenda tindran lloc a l\u2019Auditori Enric Granados de Lleida<\/strong>, mentre que la resta de sessions es realitzaran al&nbsp;<strong>campus de Cappont de la Universitat de Lleida (UdL)<\/strong>.<\/p>\n\n\n\n<p>La voluntat del comit\u00e8 organitzador del C<sup>2<\/sup>EM 2025 Lleida \u00e9s que el congr\u00e9s sigui un\u00a0<strong>espai de trobada per a tots els docents d\u2019infantil, prim\u00e0ria i secund\u00e0ria que estimen les matem\u00e0tiques<\/strong>. <\/p>\n\n\n\n<p>Entre totes i tots, podem contribuir a fer del congr\u00e9s una gran ocasi\u00f3 per promoure i enfortir l\u2019ensenyament de les matem\u00e0tiques. Us animem a participar-hi!<\/p>\n\n\n\n<p>Podeu trobar tota la informaci\u00f3 al web oficial del congr\u00e9s:<a href=\"https:\/\/c2em.feemcat.org\/\" target=\"_blank\" rel=\"noreferrer noopener\">\u00a0https:\/\/c2em.feemcat.org<\/a>.<\/p>\n","protected":false},"excerpt":{"rendered":"<p>Del 7 al 9 de juliol de 2025 se celebrar\u00e0 a Lleida el\u00a0Congr\u00e9s Catal\u00e0 d\u2019Educaci\u00f3 Matem\u00e0tica (C2EM 2025), sota el [&hellip;]<\/p>\n","protected":false},"author":1,"featured_media":21438,"comment_status":"closed","ping_status":"open","sticky":false,"template":"","format":"standard","meta":{"_bbp_topic_count":0,"_bbp_reply_count":0,"_bbp_total_topic_count":0,"_bbp_total_reply_count":0,"_bbp_voice_count":0,"_bbp_anonymous_reply_count":0,"_bbp_topic_count_hidden":0,"_bbp_reply_count_hidden":0,"_bbp_forum_subforum_count":0,"site-sidebar-layout":"default","site-content-layout":"","ast-site-content-layout":"default","site-content-style":"default","site-sidebar-style":"default","ast-global-header-display":"","ast-banner-title-visibility":"","ast-main-header-display":"","ast-hfb-above-header-display":"","ast-hfb-below-header-display":"","ast-hfb-mobile-header-display":"","site-post-title":"","ast-breadcrumbs-content":"","ast-featured-img":"","footer-sml-layout":"","theme-transparent-header-meta":"","adv-header-id-meta":"","stick-header-meta":"","header-above-stick-meta":"","header-main-stick-meta":"","header-below-stick-meta":"","astra-migrate-meta-layouts":"set","ast-page-background-enabled":"default","ast-page-background-meta":{"desktop":{"background-color":"var(--ast-global-color-4)","background-image":"","background-repeat":"repeat","background-position":"center center","background-size":"auto","background-attachment":"scroll","background-type":"","background-media":"","overlay-type":"","overlay-color":"","overlay-opacity":"","overlay-gradient":""},"tablet":{"background-color":"","background-image":"","background-repeat":"repeat","background-position":"center center","background-size":"auto","background-attachment":"scroll","background-type":"","background-media":"","overlay-type":"","overlay-color":"","overlay-opacity":"","overlay-gradient":""},"mobile":{"background-color":"","background-image":"","background-repeat":"repeat","background-position":"center center","background-size":"auto","background-attachment":"scroll","background-type":"","background-media":"","overlay-type":"","overlay-color":"","overlay-opacity":"","overlay-gradient":""}},"ast-content-background-meta":{"desktop":{"background-color":"var(--ast-global-color-5)","background-image":"","background-repeat":"repeat","background-position":"center center","background-size":"auto","background-attachment":"scroll","background-type":"","background-media":"","overlay-type":"","overlay-color":"","overlay-opacity":"","overlay-gradient":""},"tablet":{"background-color":"var(--ast-global-color-5)","background-image":"","background-repeat":"repeat","background-position":"center center","background-size":"auto","background-attachment":"scroll","background-type":"","background-media":"","overlay-type":"","overlay-color":"","overlay-opacity":"","overlay-gradient":""},"mobile":{"background-color":"var(--ast-global-color-5)","background-image":"","background-repeat":"repeat","background-position":"center center","background-size":"auto","background-attachment":"scroll","background-type":"","background-media":"","overlay-type":"","overlay-color":"","overlay-opacity":"","overlay-gradient":""}},"footnotes":""},"categories":[1,29],"tags":[900,880],"class_list":["post-21437","post","type-post","status-publish","format-standard","has-post-thumbnail","hentry","category-general","category-portada","tag-c2em","tag-matematiques-2"],"post_mailing_queue_ids":[],"_links":{"self":[{"href":"https:\/\/serveiseducatius.xtec.cat\/pladurgell\/wp-json\/wp\/v2\/posts\/21437","targetHints":{"allow":["GET"]}}],"collection":[{"href":"https:\/\/serveiseducatius.xtec.cat\/pladurgell\/wp-json\/wp\/v2\/posts"}],"about":[{"href":"https:\/\/serveiseducatius.xtec.cat\/pladurgell\/wp-json\/wp\/v2\/types\/post"}],"author":[{"embeddable":true,"href":"https:\/\/serveiseducatius.xtec.cat\/pladurgell\/wp-json\/wp\/v2\/users\/1"}],"replies":[{"embeddable":true,"href":"https:\/\/serveiseducatius.xtec.cat\/pladurgell\/wp-json\/wp\/v2\/comments?post=21437"}],"version-history":[{"count":1,"href":"https:\/\/serveiseducatius.xtec.cat\/pladurgell\/wp-json\/wp\/v2\/posts\/21437\/revisions"}],"predecessor-version":[{"id":21439,"href":"https:\/\/serveiseducatius.xtec.cat\/pladurgell\/wp-json\/wp\/v2\/posts\/21437\/revisions\/21439"}],"wp:featuredmedia":[{"embeddable":true,"href":"https:\/\/serveiseducatius.xtec.cat\/pladurgell\/wp-json\/wp\/v2\/media\/21438"}],"wp:attachment":[{"href":"https:\/\/serveiseducatius.xtec.cat\/pladurgell\/wp-json\/wp\/v2\/media?parent=21437"}],"wp:term":[{"taxonomy":"category","embeddable":true,"href":"https:\/\/serveiseducatius.xtec.cat\/pladurgell\/wp-json\/wp\/v2\/categories?post=21437"},{"taxonomy":"post_tag","embeddable":true,"href":"https:\/\/serveiseducatius.xtec.cat\/pladurgell\/wp-json\/wp\/v2\/tags?post=21437"}],"curies":[{"name":"wp","href":"https:\/\/api.w.org\/{rel}","templated":true}]}}