{"id":21366,"date":"2025-05-14T08:54:00","date_gmt":"2025-05-14T06:54:00","guid":{"rendered":"https:\/\/serveiseducatius.xtec.cat\/pladurgell\/?p=21366"},"modified":"2025-05-12T15:55:50","modified_gmt":"2025-05-12T13:55:50","slug":"inscripcions-camps-i-entorns-daprenentatge-curs-2025-2026","status":"publish","type":"post","link":"https:\/\/serveiseducatius.xtec.cat\/pladurgell\/general\/inscripcions-camps-i-entorns-daprenentatge-curs-2025-2026\/","title":{"rendered":"Inscripcions Camps i entorns d&#8217;aprenentatge curs 2025-2026"},"content":{"rendered":"\n<figure class=\"wp-block-image aligncenter size-full\"><a href=\"https:\/\/serveiseducatius.xtec.cat\/pladurgell\/wp-content\/uploads\/usu1141\/2025\/05\/se_cda2.png\"><img loading=\"lazy\" decoding=\"async\" width=\"496\" height=\"280\" src=\"https:\/\/serveiseducatius.xtec.cat\/pladurgell\/wp-content\/uploads\/usu1141\/2025\/05\/se_cda2.png\" alt=\"\" class=\"wp-image-21367\" srcset=\"https:\/\/serveiseducatius.xtec.cat\/pladurgell\/wp-content\/uploads\/usu1141\/2025\/05\/se_cda2.png 496w, https:\/\/serveiseducatius.xtec.cat\/pladurgell\/wp-content\/uploads\/usu1141\/2025\/05\/se_cda2-300x169.png 300w\" sizes=\"auto, (max-width: 496px) 100vw, 496px\" \/><\/a><\/figure>\n\n\n\n<p>Els camps i els entorns d\u2019aprenentatge (CdA \/EdA) ofereixen activitats did\u00e0ctiques innovadores que poden ser de m\u00e9s d\u2019un dia o d\u2019un dia. Les activitats de m\u00e9s d\u2019un dia promouen la consolidaci\u00f3 dels aprenentatges dels alumnes. Per tal d\u2019assolir els objectius d\u2019aprenentatge es recomana aquesta tipologia d\u2019estada.<\/p>\n\n\n\n<p>Les activitats d\u2019un dia s\u2019adrecen principalment als centres educatius propers als CdA\/EdA.<\/p>\n\n\n\n<p>Les estades i les sortides d\u2019un dia es preparen com a activitats (seq\u00fc\u00e8ncies did\u00e0ctiques) del propi centre educatiu que es volen treballar al CdA\/EdA. Aquestes activitats han d\u2019estar vinculades al projecte educatiu de cada centre (PEC).<\/p>\n\n\n\n<p>Els CdA\/EdA s&#8217;adrecen principalment a alumnes d&#8217;educaci\u00f3 prim\u00e0ria, de secund\u00e0ria, dels cicles formatius, del batxillerat i primers cursos universitaris dels centres educatius de Catalunya. <\/p>\n\n\n\n<p><strong>Calendari:<\/strong><\/p>\n\n\n\n<ul class=\"wp-block-list\">\n<li><strong>Sol\u00b7licituds\u00a0d&#8217;inscripci\u00f3<\/strong>\u00a0en\u00a0<strong>per\u00edode ordinari<\/strong>:\u00a0del 2 al 31 de maig de 2025<\/li>\n\n\n\n<li>Sol\u00b7licituds\u00a0d&#8217;inscripci\u00f3 en\u00a0<strong>per\u00edode extraordinari<\/strong>:\u00a0de l&#8217;1 de juny de 2025 a l&#8217;1 de juny de 2026<\/li>\n\n\n\n<li><strong>Assignaci\u00f3<\/strong>\u00a0de les sol\u00b7licituds:\u00a0de l&#8217;1 al 25 de juny de 2025<\/li>\n\n\n\n<li><strong>Acceptaci\u00f3\u00a0de l&#8217;assignaci\u00f3 per part del centre<\/strong>:\u00a0del 26 de juny de 2025 al 10 de juliol de 2026<\/li>\n\n\n\n<li><strong>Inscripci\u00f3:<\/strong>\u00a0el centre educatiu quedar\u00e0 inscrit, nom\u00e9s, si s\u2019ha fet un bon moment 1 en acord entre el centre educatiu i el CdA\/EdA i si accepta l\u2019assignaci\u00f3<\/li>\n<\/ul>\n\n\n\n<p><a href=\"https:\/\/projectes.xtec.cat\/camps\/\" data-type=\"link\" data-id=\"https:\/\/projectes.xtec.cat\/camps\/\">Enlla\u00e7 a tota la informaci\u00f3<\/a><\/p>\n","protected":false},"excerpt":{"rendered":"<p>Els camps i els entorns d\u2019aprenentatge (CdA \/EdA) ofereixen activitats did\u00e0ctiques innovadores que poden ser de m\u00e9s d\u2019un dia o [&hellip;]<\/p>\n","protected":false},"author":1,"featured_media":21367,"comment_status":"closed","ping_status":"open","sticky":false,"template":"","format":"standard","meta":{"_bbp_topic_count":0,"_bbp_reply_count":0,"_bbp_total_topic_count":0,"_bbp_total_reply_count":0,"_bbp_voice_count":0,"_bbp_anonymous_reply_count":0,"_bbp_topic_count_hidden":0,"_bbp_reply_count_hidden":0,"_bbp_forum_subforum_count":0,"site-sidebar-layout":"default","site-content-layout":"","ast-site-content-layout":"default","site-content-style":"default","site-sidebar-style":"default","ast-global-header-display":"","ast-banner-title-visibility":"","ast-main-header-display":"","ast-hfb-above-header-display":"","ast-hfb-below-header-display":"","ast-hfb-mobile-header-display":"","site-post-title":"","ast-breadcrumbs-content":"","ast-featured-img":"","footer-sml-layout":"","theme-transparent-header-meta":"","adv-header-id-meta":"","stick-header-meta":"","header-above-stick-meta":"","header-main-stick-meta":"","header-below-stick-meta":"","astra-migrate-meta-layouts":"set","ast-page-background-enabled":"default","ast-page-background-meta":{"desktop":{"background-color":"var(--ast-global-color-4)","background-image":"","background-repeat":"repeat","background-position":"center center","background-size":"auto","background-attachment":"scroll","background-type":"","background-media":"","overlay-type":"","overlay-color":"","overlay-opacity":"","overlay-gradient":""},"tablet":{"background-color":"","background-image":"","background-repeat":"repeat","background-position":"center center","background-size":"auto","background-attachment":"scroll","background-type":"","background-media":"","overlay-type":"","overlay-color":"","overlay-opacity":"","overlay-gradient":""},"mobile":{"background-color":"","background-image":"","background-repeat":"repeat","background-position":"center center","background-size":"auto","background-attachment":"scroll","background-type":"","background-media":"","overlay-type":"","overlay-color":"","overlay-opacity":"","overlay-gradient":""}},"ast-content-background-meta":{"desktop":{"background-color":"var(--ast-global-color-5)","background-image":"","background-repeat":"repeat","background-position":"center center","background-size":"auto","background-attachment":"scroll","background-type":"","background-media":"","overlay-type":"","overlay-color":"","overlay-opacity":"","overlay-gradient":""},"tablet":{"background-color":"var(--ast-global-color-5)","background-image":"","background-repeat":"repeat","background-position":"center center","background-size":"auto","background-attachment":"scroll","background-type":"","background-media":"","overlay-type":"","overlay-color":"","overlay-opacity":"","overlay-gradient":""},"mobile":{"background-color":"var(--ast-global-color-5)","background-image":"","background-repeat":"repeat","background-position":"center center","background-size":"auto","background-attachment":"scroll","background-type":"","background-media":"","overlay-type":"","overlay-color":"","overlay-opacity":"","overlay-gradient":""}},"footnotes":""},"categories":[1,29],"tags":[894,895],"class_list":["post-21366","post","type-post","status-publish","format-standard","has-post-thumbnail","hentry","category-general","category-portada","tag-campsientornsdaprenentage","tag-reserves"],"post_mailing_queue_ids":[],"_links":{"self":[{"href":"https:\/\/serveiseducatius.xtec.cat\/pladurgell\/wp-json\/wp\/v2\/posts\/21366","targetHints":{"allow":["GET"]}}],"collection":[{"href":"https:\/\/serveiseducatius.xtec.cat\/pladurgell\/wp-json\/wp\/v2\/posts"}],"about":[{"href":"https:\/\/serveiseducatius.xtec.cat\/pladurgell\/wp-json\/wp\/v2\/types\/post"}],"author":[{"embeddable":true,"href":"https:\/\/serveiseducatius.xtec.cat\/pladurgell\/wp-json\/wp\/v2\/users\/1"}],"replies":[{"embeddable":true,"href":"https:\/\/serveiseducatius.xtec.cat\/pladurgell\/wp-json\/wp\/v2\/comments?post=21366"}],"version-history":[{"count":2,"href":"https:\/\/serveiseducatius.xtec.cat\/pladurgell\/wp-json\/wp\/v2\/posts\/21366\/revisions"}],"predecessor-version":[{"id":21369,"href":"https:\/\/serveiseducatius.xtec.cat\/pladurgell\/wp-json\/wp\/v2\/posts\/21366\/revisions\/21369"}],"wp:featuredmedia":[{"embeddable":true,"href":"https:\/\/serveiseducatius.xtec.cat\/pladurgell\/wp-json\/wp\/v2\/media\/21367"}],"wp:attachment":[{"href":"https:\/\/serveiseducatius.xtec.cat\/pladurgell\/wp-json\/wp\/v2\/media?parent=21366"}],"wp:term":[{"taxonomy":"category","embeddable":true,"href":"https:\/\/serveiseducatius.xtec.cat\/pladurgell\/wp-json\/wp\/v2\/categories?post=21366"},{"taxonomy":"post_tag","embeddable":true,"href":"https:\/\/serveiseducatius.xtec.cat\/pladurgell\/wp-json\/wp\/v2\/tags?post=21366"}],"curies":[{"name":"wp","href":"https:\/\/api.w.org\/{rel}","templated":true}]}}