{"id":20690,"date":"2025-02-26T15:41:30","date_gmt":"2025-02-26T14:41:30","guid":{"rendered":"https:\/\/serveiseducatius.xtec.cat\/pladurgell\/?p=20690"},"modified":"2025-02-28T09:25:22","modified_gmt":"2025-02-28T08:25:22","slug":"convocatoria-dels-premis-europa-jove-i-que-es-per-a-tu-europa-2025","status":"publish","type":"post","link":"https:\/\/serveiseducatius.xtec.cat\/pladurgell\/portada\/convocatoria-dels-premis-europa-jove-i-que-es-per-a-tu-europa-2025\/","title":{"rendered":"Convocat\u00f2ria dels premis &#8220;Europa Jove&#8221; i &#8220;Qu\u00e8 \u00e9s per a tu Europa?&#8221; 2025"},"content":{"rendered":"\n<figure class=\"wp-block-image aligncenter size-medium is-resized is-style-default\"><a href=\"https:\/\/serveiseducatius.xtec.cat\/pladurgell\/wp-content\/uploads\/usu1141\/2025\/02\/premis-europa-jove.jpg\"><img loading=\"lazy\" decoding=\"async\" width=\"300\" height=\"150\" src=\"https:\/\/serveiseducatius.xtec.cat\/pladurgell\/wp-content\/uploads\/usu1141\/2025\/02\/premis-europa-jove-300x150.jpg\" alt=\"Logo Premi Europa Jove\" class=\"wp-image-20694\" style=\"width:763px;height:auto\" srcset=\"https:\/\/serveiseducatius.xtec.cat\/pladurgell\/wp-content\/uploads\/usu1141\/2025\/02\/premis-europa-jove-300x150.jpg 300w, https:\/\/serveiseducatius.xtec.cat\/pladurgell\/wp-content\/uploads\/usu1141\/2025\/02\/premis-europa-jove-1024x512.jpg 1024w, https:\/\/serveiseducatius.xtec.cat\/pladurgell\/wp-content\/uploads\/usu1141\/2025\/02\/premis-europa-jove-768x384.jpg 768w, https:\/\/serveiseducatius.xtec.cat\/pladurgell\/wp-content\/uploads\/usu1141\/2025\/02\/premis-europa-jove.jpg 1365w\" sizes=\"auto, (max-width: 300px) 100vw, 300px\" \/><\/a><\/figure>\n\n\n\n<p>Convocats dos premis europeus dirigits a centres de secund\u00e0ria i batxillerat:<\/p>\n\n\n\n<ul class=\"wp-block-list\">\n<li><strong><a href=\"https:\/\/secure-web.cisco.com\/1IqegCVUwAKM5zK4yXjo9e-tDYKmpV_WPs0XcER7epP82DFZjO5EjdxlkDuiKU_zbfZnWhzmMDLdoR7Tl-9jRLBRlcTWhj4TDlZ14gL4vdFL0Syaj-2I7HgM0Yev4XzlJOjeKzKCjTCmcK9kGtyduuM-GpfkOfDUBtoDU3M32y8Dcg_esagiLZx5zceMXaSGYDEVwmtR46vWGig4wU5LzCdYlR-KCMZePoxYywJwo9bTsggZBenUhX5PVNw-2YRcmdqs9TocnWj8EyrWSVmsaK2kXzAcQEHdQTN0XP2C6vnEia2J-zWFxa7ZtdK0pRiCe1QZdM-5cBMlgyZd0KRDfYybIhSWgNl0DBC2tUt9rGFh_AGpGK3XgbJtkHdn_T2IGmvhB6XMr6-cNXuWn5P6NZD33B4L1nvPh6P1WNhL11djoww-OU5-8A7eSAGtu6HTOn6UXVc5pI8rT4YLLB3S5KEYaB1NM3c9OM5FAdxHjQU0F-SW72BKObGr49JBvxqV5NJ7eAPrZGwvEwR2j63do6w\/https%3A%2F%2Fwww.catalunyaeuropa.net%2Fca%2Fagenda%2F387%2Fconvocat%25C3%25B2ria-oberta-premi-europa-jove-2025.html\" target=\"_blank\" rel=\"noreferrer noopener\">4a edici\u00f3 del Premi \u201cEuropa Jove\u201d<\/a>&nbsp;<\/strong>que&nbsp;reconeix&nbsp;<strong>treballs de recerca<\/strong>&nbsp;de batxillerat de tem\u00e0tica europea. Data l\u00edmit per presentar treballs&nbsp;<strong>fins a l&#8217;11 d\u2019abril de 2025<\/strong>&nbsp;a trav\u00e9s del&nbsp;<a href=\"https:\/\/ec.europa.eu\/eusurvey\/runner\/PremiEuropaJove?showecas=true\" target=\"_blank\" rel=\"noreferrer noopener\">FORMULARI DE SOL\u00b7LICITUD<\/a>. <\/li>\n<\/ul>\n\n\n\n<ul class=\"wp-block-list\">\n<li><strong><a href=\"https:\/\/secure-web.cisco.com\/1To_LfOtEFWgYT5h3DYvfSeJgeUoCrJ7f6N3M5lcVt3skzp-nuMz-K9ypjmsLNR31Io5sZdBda8-1kMV1wiypUzi-Yb3_HyM3ImP9t8VyVgurV3qMZVMUJkDWJA8dVWD3RIHDaLOe_LEDUHC0rGdLnERsBHwKOP8Hfx5XD_yBFUk_b8jGvwuZngIPEsYd-FcEdw3Nq6PG-zoEKv3kbO_ih-HAeSLZLznT2fdM3HXgvQuv6iRDFi9Ta4YuG5pOQI0Qa25U4zBNF9QxrXFan7aoPedffq3mRmEP0zcIVJDA7Gydmv5kC1Pk3uEns5FVCXGlxeUMcAQLjNLZJOVNYLSBWEy5e3Toxbo4an5fR16XP1eO1iwijlDAD3E4c7LNBtPF-OW2DBmz0KqUgBCo4Yk5zI3wxvJ05ctVJaO7Rc6i6Fh14u3XBBU3cfN8qSac6c22G9LRC8v_W-g6p_XRdN0YXLMVDX4p1TpvD1_81Aho4O0thC2fI_VmZmwYXVDU1R4Eo8znh-8V5WQZJvO3XCKG_A\/https%3A%2F%2Fwww.catalunyaeuropa.net%2Fca%2Fagenda%2F410%2Fconvocat%25C3%25B2ria-oberta-premi-qu%25C3%25A8-%25C3%25A9s-per-a-tu-europa-2025.html\" target=\"_blank\" rel=\"noreferrer noopener\">5a edici\u00f3 del Premi &#8220;Qu\u00e8 \u00e9s per a tu Europa?&#8221;<\/a><\/strong>&nbsp;dirigit a segon cicle de secund\u00e0ria, batxillerat i FP que a trav\u00e9s del<strong>&nbsp;format v\u00eddeo<\/strong>&nbsp;han&nbsp;d\u2019expressar la seva idea d\u2019Europa. Data l\u00edmit per presentar creacions&nbsp;<strong>fins al 30 d\u2019abril de 2025<\/strong>&nbsp;a trav\u00e9s del&nbsp;<a href=\"https:\/\/forms.gle\/2PUKu4CxBRzupdAn9\" target=\"_blank\" rel=\"noreferrer noopener\">FORMULARI DE SOL\u00b7LICITUD<\/a>.<\/li>\n<\/ul>\n\n\n\n<p>Si teniu qualsevol dubte podeu contactar a trav\u00e9s del correu:&nbsp;<a href=\"mailto:fundacio@catalunyaeuropa.net\" target=\"_blank\" rel=\"noreferrer noopener\">fundacio@catalunyaeuropa.net<\/a><\/p>\n","protected":false},"excerpt":{"rendered":"<p>Convocats dos premis europeus dirigits a centres de secund\u00e0ria i batxillerat: Si teniu qualsevol dubte podeu contactar a trav\u00e9s del [&hellip;]<\/p>\n","protected":false},"author":1,"featured_media":20707,"comment_status":"closed","ping_status":"open","sticky":false,"template":"","format":"standard","meta":{"_bbp_topic_count":0,"_bbp_reply_count":0,"_bbp_total_topic_count":0,"_bbp_total_reply_count":0,"_bbp_voice_count":0,"_bbp_anonymous_reply_count":0,"_bbp_topic_count_hidden":0,"_bbp_reply_count_hidden":0,"_bbp_forum_subforum_count":0,"site-sidebar-layout":"default","site-content-layout":"","ast-site-content-layout":"default","site-content-style":"default","site-sidebar-style":"default","ast-global-header-display":"","ast-banner-title-visibility":"","ast-main-header-display":"","ast-hfb-above-header-display":"","ast-hfb-below-header-display":"","ast-hfb-mobile-header-display":"","site-post-title":"","ast-breadcrumbs-content":"","ast-featured-img":"","footer-sml-layout":"","theme-transparent-header-meta":"","adv-header-id-meta":"","stick-header-meta":"","header-above-stick-meta":"","header-main-stick-meta":"","header-below-stick-meta":"","astra-migrate-meta-layouts":"set","ast-page-background-enabled":"default","ast-page-background-meta":{"desktop":{"background-color":"var(--ast-global-color-4)","background-image":"","background-repeat":"repeat","background-position":"center center","background-size":"auto","background-attachment":"scroll","background-type":"","background-media":"","overlay-type":"","overlay-color":"","overlay-opacity":"","overlay-gradient":""},"tablet":{"background-color":"","background-image":"","background-repeat":"repeat","background-position":"center center","background-size":"auto","background-attachment":"scroll","background-type":"","background-media":"","overlay-type":"","overlay-color":"","overlay-opacity":"","overlay-gradient":""},"mobile":{"background-color":"","background-image":"","background-repeat":"repeat","background-position":"center center","background-size":"auto","background-attachment":"scroll","background-type":"","background-media":"","overlay-type":"","overlay-color":"","overlay-opacity":"","overlay-gradient":""}},"ast-content-background-meta":{"desktop":{"background-color":"var(--ast-global-color-5)","background-image":"","background-repeat":"repeat","background-position":"center center","background-size":"auto","background-attachment":"scroll","background-type":"","background-media":"","overlay-type":"","overlay-color":"","overlay-opacity":"","overlay-gradient":""},"tablet":{"background-color":"var(--ast-global-color-5)","background-image":"","background-repeat":"repeat","background-position":"center center","background-size":"auto","background-attachment":"scroll","background-type":"","background-media":"","overlay-type":"","overlay-color":"","overlay-opacity":"","overlay-gradient":""},"mobile":{"background-color":"var(--ast-global-color-5)","background-image":"","background-repeat":"repeat","background-position":"center center","background-size":"auto","background-attachment":"scroll","background-type":"","background-media":"","overlay-type":"","overlay-color":"","overlay-opacity":"","overlay-gradient":""}},"footnotes":""},"categories":[444,443,29,691],"tags":[179,291],"class_list":["post-20690","post","type-post","status-publish","format-standard","has-post-thumbnail","hentry","category-batxillerat","category-eso","category-portada","category-treball-de-recerca","tag-educacio-secundaria","tag-premis"],"post_mailing_queue_ids":[],"_links":{"self":[{"href":"https:\/\/serveiseducatius.xtec.cat\/pladurgell\/wp-json\/wp\/v2\/posts\/20690","targetHints":{"allow":["GET"]}}],"collection":[{"href":"https:\/\/serveiseducatius.xtec.cat\/pladurgell\/wp-json\/wp\/v2\/posts"}],"about":[{"href":"https:\/\/serveiseducatius.xtec.cat\/pladurgell\/wp-json\/wp\/v2\/types\/post"}],"author":[{"embeddable":true,"href":"https:\/\/serveiseducatius.xtec.cat\/pladurgell\/wp-json\/wp\/v2\/users\/1"}],"replies":[{"embeddable":true,"href":"https:\/\/serveiseducatius.xtec.cat\/pladurgell\/wp-json\/wp\/v2\/comments?post=20690"}],"version-history":[{"count":6,"href":"https:\/\/serveiseducatius.xtec.cat\/pladurgell\/wp-json\/wp\/v2\/posts\/20690\/revisions"}],"predecessor-version":[{"id":20747,"href":"https:\/\/serveiseducatius.xtec.cat\/pladurgell\/wp-json\/wp\/v2\/posts\/20690\/revisions\/20747"}],"wp:featuredmedia":[{"embeddable":true,"href":"https:\/\/serveiseducatius.xtec.cat\/pladurgell\/wp-json\/wp\/v2\/media\/20707"}],"wp:attachment":[{"href":"https:\/\/serveiseducatius.xtec.cat\/pladurgell\/wp-json\/wp\/v2\/media?parent=20690"}],"wp:term":[{"taxonomy":"category","embeddable":true,"href":"https:\/\/serveiseducatius.xtec.cat\/pladurgell\/wp-json\/wp\/v2\/categories?post=20690"},{"taxonomy":"post_tag","embeddable":true,"href":"https:\/\/serveiseducatius.xtec.cat\/pladurgell\/wp-json\/wp\/v2\/tags?post=20690"}],"curies":[{"name":"wp","href":"https:\/\/api.w.org\/{rel}","templated":true}]}}