{"id":20566,"date":"2025-02-04T13:40:40","date_gmt":"2025-02-04T12:40:40","guid":{"rendered":"https:\/\/serveiseducatius.xtec.cat\/pladurgell\/?p=20566"},"modified":"2025-02-05T17:53:26","modified_gmt":"2025-02-05T16:53:26","slug":"lectura-literaria-a-leducacio-infantil","status":"publish","type":"post","link":"https:\/\/serveiseducatius.xtec.cat\/pladurgell\/portada\/lectura-literaria-a-leducacio-infantil\/","title":{"rendered":"Lectura liter\u00e0ria a l&#8217;educaci\u00f3 infantil"},"content":{"rendered":"<p><img loading=\"lazy\" decoding=\"async\" class=\"aligncenter wp-image-20567\" src=\"https:\/\/serveiseducatius.xtec.cat\/pladurgell\/wp-content\/uploads\/usu1141\/2025\/02\/lectura_literaria_infantil_orientacions_ensenyament_literatura_2023-1.pdf_th.jpg\" alt=\"\" width=\"342\" height=\"484\" \/><\/p>\n<p style=\"text-align: justify;\">Aquest segon trimestre comen\u00e7a la formaci\u00f3 de literatura per a l&#8217;etapa d&#8217;educaci\u00f3 infantil (0-6). Aquesta formaci\u00f3 desplega el document de la\u00a0<i>Lectura liter\u00e0ria a educaci\u00f3 infantil.\u00a0<\/i>La formaci\u00f3 va adre\u00e7ada a\u00a0educadores de llars d\u2019infants, mestres d\u2019educaci\u00f3 infantil i responsables de biblioteques escolars.<\/p>\n<p style=\"text-align: justify;\">\u00a0\u27a1 21 hores de formaci\u00f3 en 6 sessions<br \/>\n\u27a1 Formaci\u00f3 en l\u00ednia<br \/>\n\u27a1 Sessions de 17.30 a 19.30<br \/>\n\u27a1 Suma hores per al perfil docent de lectura i biblioteca escolar<\/p>\n<p style=\"text-align: justify;\">Us compartim una <a href=\"https:\/\/drive.google.com\/file\/d\/1_Yq_p54y4IbKNMi0gDdvXYYcBjFHpr9q\/view?usp=sharing\">infografia<\/a> amb tota la informaci\u00f3 i l&#8217;enlla\u00e7 a les inscripcions.<\/p>\n","protected":false},"excerpt":{"rendered":"<p>Aquest segon trimestre comen\u00e7a la formaci\u00f3 de literatura per a l&#8217;etapa d&#8217;educaci\u00f3 infantil (0-6). Aquesta formaci\u00f3 desplega el document de [&hellip;]<\/p>\n","protected":false},"author":1,"featured_media":20567,"comment_status":"closed","ping_status":"closed","sticky":false,"template":"","format":"standard","meta":{"_bbp_topic_count":0,"_bbp_reply_count":0,"_bbp_total_topic_count":0,"_bbp_total_reply_count":0,"_bbp_voice_count":0,"_bbp_anonymous_reply_count":0,"_bbp_topic_count_hidden":0,"_bbp_reply_count_hidden":0,"_bbp_forum_subforum_count":0,"site-sidebar-layout":"default","site-content-layout":"","ast-site-content-layout":"","site-content-style":"default","site-sidebar-style":"default","ast-global-header-display":"","ast-banner-title-visibility":"","ast-main-header-display":"","ast-hfb-above-header-display":"","ast-hfb-below-header-display":"","ast-hfb-mobile-header-display":"","site-post-title":"","ast-breadcrumbs-content":"","ast-featured-img":"","footer-sml-layout":"","theme-transparent-header-meta":"","adv-header-id-meta":"","stick-header-meta":"","header-above-stick-meta":"","header-main-stick-meta":"","header-below-stick-meta":"","astra-migrate-meta-layouts":"default","ast-page-background-enabled":"default","ast-page-background-meta":{"desktop":{"background-color":"var(--ast-global-color-4)","background-image":"","background-repeat":"repeat","background-position":"center center","background-size":"auto","background-attachment":"scroll","background-type":"","background-media":"","overlay-type":"","overlay-color":"","overlay-opacity":"","overlay-gradient":""},"tablet":{"background-color":"","background-image":"","background-repeat":"repeat","background-position":"center center","background-size":"auto","background-attachment":"scroll","background-type":"","background-media":"","overlay-type":"","overlay-color":"","overlay-opacity":"","overlay-gradient":""},"mobile":{"background-color":"","background-image":"","background-repeat":"repeat","background-position":"center center","background-size":"auto","background-attachment":"scroll","background-type":"","background-media":"","overlay-type":"","overlay-color":"","overlay-opacity":"","overlay-gradient":""}},"ast-content-background-meta":{"desktop":{"background-color":"var(--ast-global-color-5)","background-image":"","background-repeat":"repeat","background-position":"center center","background-size":"auto","background-attachment":"scroll","background-type":"","background-media":"","overlay-type":"","overlay-color":"","overlay-opacity":"","overlay-gradient":""},"tablet":{"background-color":"var(--ast-global-color-5)","background-image":"","background-repeat":"repeat","background-position":"center center","background-size":"auto","background-attachment":"scroll","background-type":"","background-media":"","overlay-type":"","overlay-color":"","overlay-opacity":"","overlay-gradient":""},"mobile":{"background-color":"var(--ast-global-color-5)","background-image":"","background-repeat":"repeat","background-position":"center center","background-size":"auto","background-attachment":"scroll","background-type":"","background-media":"","overlay-type":"","overlay-color":"","overlay-opacity":"","overlay-gradient":""}},"footnotes":""},"categories":[442,68,293,29],"tags":[163,226,100],"class_list":["post-20566","post","type-post","status-publish","format-standard","has-post-thumbnail","hentry","category-e-infantil","category-elic","category-lectura","category-portada","tag-educacio-infantil","tag-formacio","tag-lectura"],"post_mailing_queue_ids":[],"_links":{"self":[{"href":"https:\/\/serveiseducatius.xtec.cat\/pladurgell\/wp-json\/wp\/v2\/posts\/20566","targetHints":{"allow":["GET"]}}],"collection":[{"href":"https:\/\/serveiseducatius.xtec.cat\/pladurgell\/wp-json\/wp\/v2\/posts"}],"about":[{"href":"https:\/\/serveiseducatius.xtec.cat\/pladurgell\/wp-json\/wp\/v2\/types\/post"}],"author":[{"embeddable":true,"href":"https:\/\/serveiseducatius.xtec.cat\/pladurgell\/wp-json\/wp\/v2\/users\/1"}],"replies":[{"embeddable":true,"href":"https:\/\/serveiseducatius.xtec.cat\/pladurgell\/wp-json\/wp\/v2\/comments?post=20566"}],"version-history":[{"count":2,"href":"https:\/\/serveiseducatius.xtec.cat\/pladurgell\/wp-json\/wp\/v2\/posts\/20566\/revisions"}],"predecessor-version":[{"id":20569,"href":"https:\/\/serveiseducatius.xtec.cat\/pladurgell\/wp-json\/wp\/v2\/posts\/20566\/revisions\/20569"}],"wp:featuredmedia":[{"embeddable":true,"href":"https:\/\/serveiseducatius.xtec.cat\/pladurgell\/wp-json\/wp\/v2\/media\/20567"}],"wp:attachment":[{"href":"https:\/\/serveiseducatius.xtec.cat\/pladurgell\/wp-json\/wp\/v2\/media?parent=20566"}],"wp:term":[{"taxonomy":"category","embeddable":true,"href":"https:\/\/serveiseducatius.xtec.cat\/pladurgell\/wp-json\/wp\/v2\/categories?post=20566"},{"taxonomy":"post_tag","embeddable":true,"href":"https:\/\/serveiseducatius.xtec.cat\/pladurgell\/wp-json\/wp\/v2\/tags?post=20566"}],"curies":[{"name":"wp","href":"https:\/\/api.w.org\/{rel}","templated":true}]}}