{"id":20434,"date":"2025-01-22T09:03:43","date_gmt":"2025-01-22T08:03:43","guid":{"rendered":"https:\/\/serveiseducatius.xtec.cat\/pladurgell\/?p=20434"},"modified":"2025-01-21T12:04:34","modified_gmt":"2025-01-21T11:04:34","slug":"cicle-de-xerrades-un-dia-en-la-udgrecerca","status":"publish","type":"post","link":"https:\/\/serveiseducatius.xtec.cat\/pladurgell\/general\/cicle-de-xerrades-un-dia-en-la-udgrecerca\/","title":{"rendered":"Cicle de Xerrades \u201cUn dia en la #UdGRecerca\u201d"},"content":{"rendered":"<p><img loading=\"lazy\" decoding=\"async\" class=\"aligncenter wp-image-20435\" src=\"https:\/\/serveiseducatius.xtec.cat\/pladurgell\/wp-content\/uploads\/usu1141\/2025\/01\/Un_dia_en_la_recerca_a_la_UdG-1-1024x538.jpg\" alt=\"\" width=\"481\" height=\"253\" srcset=\"https:\/\/serveiseducatius.xtec.cat\/pladurgell\/wp-content\/uploads\/usu1141\/2025\/01\/Un_dia_en_la_recerca_a_la_UdG-1-1024x538.jpg 1024w, https:\/\/serveiseducatius.xtec.cat\/pladurgell\/wp-content\/uploads\/usu1141\/2025\/01\/Un_dia_en_la_recerca_a_la_UdG-1-300x158.jpg 300w, https:\/\/serveiseducatius.xtec.cat\/pladurgell\/wp-content\/uploads\/usu1141\/2025\/01\/Un_dia_en_la_recerca_a_la_UdG-1-768x404.jpg 768w, https:\/\/serveiseducatius.xtec.cat\/pladurgell\/wp-content\/uploads\/usu1141\/2025\/01\/Un_dia_en_la_recerca_a_la_UdG-1-1536x807.jpg 1536w, https:\/\/serveiseducatius.xtec.cat\/pladurgell\/wp-content\/uploads\/usu1141\/2025\/01\/Un_dia_en_la_recerca_a_la_UdG-1.jpg 1766w\" sizes=\"auto, (max-width: 481px) 100vw, 481px\" \/><\/p>\n<p style=\"font-weight: 400; text-align: justify;\">La <a href=\"https:\/\/www.udg.edu\/ca\/investiga\/udgdivulga\/esdeveniments\" data-saferedirecturl=\"https:\/\/www.google.com\/url?q=https:\/\/www.udg.edu\/ca\/investiga\/udgdivulga\/esdeveniments&amp;source=gmail&amp;ust=1737533644115000&amp;usg=AOvVaw3-5U5pelarwwLRcA5joi5t\">Unitat de Divulgaci\u00f3<\/a> de l\u2019\u00c0rea de Comunicaci\u00f3 i Relacions Institucionals de la Universitat de Girona, ofereix als<strong> instituts<\/strong> el <a href=\"https:\/\/www.udg.edu\/ca\/investiga\/udgdivulga\/divulgacio-i-foment-de-vocacions-cientifiques\/un-dia-en-la-recerca-a-la-udg\" target=\"_blank\" rel=\"noopener\"><strong>Cicle de Xerrades \u201cUn dia en la #UdGRecerca\u201d<\/strong><\/a>, <strong>online i gratu\u00eftes,<\/strong> per part d\u2019investigadors i investigadores. El cicle s&#8217;emmarca dins les accions que organitza la Universitat de Girona per tal d&#8217;apropar els i les investigadores als centres de secund\u00e0ria amb l\u2019objectiu de fomentar les vocacions cient\u00edfiques i tecnol\u00f2giques entre l\u2019alumnat del nostre pa\u00eds.<!--more--><\/p>\n<p style=\"font-weight: 400; text-align: justify;\">Aquesta activitat es duu a terme <strong>mensualment<\/strong> fins el mes d&#8217;abril durant el curs acad\u00e8mic 2024-2025, i consisteix en<strong>\u00a0xerrades en directe i en format virtual<\/strong>, en connexi\u00f3 amb els centres de secund\u00e0ria que aix\u00ed ho sol\u00b7licitin, adre\u00e7ades principalment\u00a0a estudiants de 3r i 4t d\u2019ESO (tot i que tamb\u00e9 poden ser interessants per Batxillerat, CFGM i CFGS), amb una durada prevista d\u2019una hora, repartida, aproximadament, en 30-40 minuts de xerrada i la resta del temps dedicada a respondre les preguntes que facin els estudiants.<\/p>\n<p style=\"font-weight: 400; text-align: justify;\">El proper\u00a0<a href=\"https:\/\/www.udg.edu\/ca\/investiga\/udgdivulga\/divulgacio-i-foment-de-vocacions-cientifiques\/un-dia-en-la-recerca-a-la-udg\/investigadors\" data-saferedirecturl=\"https:\/\/www.google.com\/url?q=https:\/\/www.udg.edu\/ca\/investiga\/udgdivulga\/divulgacio-i-foment-de-vocacions-cientifiques\/un-dia-en-la-recerca-a-la-udg\/investigadors&amp;source=gmail&amp;ust=1737533644115000&amp;usg=AOvVaw1wBon5NE8NJUu6D7zNtNBi\">30 de gener s&#8217;ofereixen tres xerrades<\/a>.<\/p>\n<table style=\"width: 61.8336%;\" border=\"0\" width=\"1091\" cellspacing=\"0\" cellpadding=\"0\">\n<tbody>\n<tr>\n<td style=\"width: 5.28715%;\">9h<\/td>\n<td style=\"width: 8.65998%;\">Judit<\/td>\n<td style=\"width: 16.2261%;\">Ons\u00e8s Segarra<\/td>\n<td style=\"width: 60.1096%;\">Qu\u00e8 \u00e9s la investigaci\u00f3 basada en les arts: potencialitats en contextos educatius i socials<\/td>\n<\/tr>\n<tr>\n<td style=\"width: 5.28715%;\" height=\"39\">11h<\/td>\n<td style=\"width: 8.65998%;\">Gerard<\/td>\n<td style=\"width: 16.2261%;\">Cabezas Guzm\u00e1n<\/td>\n<td style=\"width: 60.1096%;\">Reescrivint la hist\u00f2ria. La feina de l&#8217;historiador.<\/td>\n<\/tr>\n<tr>\n<td style=\"width: 5.28715%;\" height=\"39\">13h<\/td>\n<td style=\"width: 8.65998%;\">Mariona<\/td>\n<td style=\"width: 16.2261%;\">Illamola Daus\u00e0<\/td>\n<td style=\"width: 60.1096%;\">La Uni\u00f3 Europea i la recerca<\/td>\n<\/tr>\n<\/tbody>\n<\/table>\n<p style=\"text-align: justify;\">Els centres de secund\u00e0ria interessats en participar a alguna d\u2019aquestes xerrades nom\u00e9s cal que ho facin saber emplenant <strong><a href=\"https:\/\/www.udg.edu\/ca\/investiga\/udgdivulga\/divulgacio-i-foment-de-vocacions-cientifiques\/un-dia-en-la-recerca-a-la-udg\/inscripcio-centres\" data-icon=\"internal-link\">aquest formulari<\/a><\/strong>. Les inscripcions les poden\u00a0fer fins a una setmana abans de cada xerrada.<\/p>\n<p style=\"text-align: justify;\">A m\u00e9s, podeu consultar la resta d\u2019activitats en aquest <a href=\"https:\/\/www.udg.edu\/ca\/investiga\/udgdivulga\/esdeveniments\" data-saferedirecturl=\"https:\/\/www.google.com\/url?q=https:\/\/www.udg.edu\/ca\/investiga\/udgdivulga\/esdeveniments&amp;source=gmail&amp;ust=1737533644115000&amp;usg=AOvVaw3-5U5pelarwwLRcA5joi5t\">enlla\u00e7.<\/a><\/p>\n","protected":false},"excerpt":{"rendered":"<p>La Unitat de Divulgaci\u00f3 de l\u2019\u00c0rea de Comunicaci\u00f3 i Relacions Institucionals de la Universitat de Girona, ofereix als instituts el [&hellip;]<\/p>\n","protected":false},"author":1,"featured_media":20438,"comment_status":"closed","ping_status":"closed","sticky":false,"template":"","format":"standard","meta":{"_bbp_topic_count":0,"_bbp_reply_count":0,"_bbp_total_topic_count":0,"_bbp_total_reply_count":0,"_bbp_voice_count":0,"_bbp_anonymous_reply_count":0,"_bbp_topic_count_hidden":0,"_bbp_reply_count_hidden":0,"_bbp_forum_subforum_count":0,"site-sidebar-layout":"default","site-content-layout":"","ast-site-content-layout":"","site-content-style":"default","site-sidebar-style":"default","ast-global-header-display":"","ast-banner-title-visibility":"","ast-main-header-display":"","ast-hfb-above-header-display":"","ast-hfb-below-header-display":"","ast-hfb-mobile-header-display":"","site-post-title":"","ast-breadcrumbs-content":"","ast-featured-img":"","footer-sml-layout":"","theme-transparent-header-meta":"","adv-header-id-meta":"","stick-header-meta":"","header-above-stick-meta":"","header-main-stick-meta":"","header-below-stick-meta":"","astra-migrate-meta-layouts":"default","ast-page-background-enabled":"default","ast-page-background-meta":{"desktop":{"background-color":"var(--ast-global-color-4)","background-image":"","background-repeat":"repeat","background-position":"center center","background-size":"auto","background-attachment":"scroll","background-type":"","background-media":"","overlay-type":"","overlay-color":"","overlay-opacity":"","overlay-gradient":""},"tablet":{"background-color":"","background-image":"","background-repeat":"repeat","background-position":"center center","background-size":"auto","background-attachment":"scroll","background-type":"","background-media":"","overlay-type":"","overlay-color":"","overlay-opacity":"","overlay-gradient":""},"mobile":{"background-color":"","background-image":"","background-repeat":"repeat","background-position":"center center","background-size":"auto","background-attachment":"scroll","background-type":"","background-media":"","overlay-type":"","overlay-color":"","overlay-opacity":"","overlay-gradient":""}},"ast-content-background-meta":{"desktop":{"background-color":"var(--ast-global-color-5)","background-image":"","background-repeat":"repeat","background-position":"center center","background-size":"auto","background-attachment":"scroll","background-type":"","background-media":"","overlay-type":"","overlay-color":"","overlay-opacity":"","overlay-gradient":""},"tablet":{"background-color":"var(--ast-global-color-5)","background-image":"","background-repeat":"repeat","background-position":"center center","background-size":"auto","background-attachment":"scroll","background-type":"","background-media":"","overlay-type":"","overlay-color":"","overlay-opacity":"","overlay-gradient":""},"mobile":{"background-color":"var(--ast-global-color-5)","background-image":"","background-repeat":"repeat","background-position":"center center","background-size":"auto","background-attachment":"scroll","background-type":"","background-media":"","overlay-type":"","overlay-color":"","overlay-opacity":"","overlay-gradient":""}},"footnotes":""},"categories":[444,627,443,1,29],"tags":[250,179,317],"class_list":["post-20434","post","type-post","status-publish","format-standard","has-post-thumbnail","hentry","category-batxillerat","category-ciencia","category-eso","category-general","category-portada","tag-ciencia","tag-educacio-secundaria","tag-recursos-en-linia"],"post_mailing_queue_ids":[],"_links":{"self":[{"href":"https:\/\/serveiseducatius.xtec.cat\/pladurgell\/wp-json\/wp\/v2\/posts\/20434","targetHints":{"allow":["GET"]}}],"collection":[{"href":"https:\/\/serveiseducatius.xtec.cat\/pladurgell\/wp-json\/wp\/v2\/posts"}],"about":[{"href":"https:\/\/serveiseducatius.xtec.cat\/pladurgell\/wp-json\/wp\/v2\/types\/post"}],"author":[{"embeddable":true,"href":"https:\/\/serveiseducatius.xtec.cat\/pladurgell\/wp-json\/wp\/v2\/users\/1"}],"replies":[{"embeddable":true,"href":"https:\/\/serveiseducatius.xtec.cat\/pladurgell\/wp-json\/wp\/v2\/comments?post=20434"}],"version-history":[{"count":4,"href":"https:\/\/serveiseducatius.xtec.cat\/pladurgell\/wp-json\/wp\/v2\/posts\/20434\/revisions"}],"predecessor-version":[{"id":20440,"href":"https:\/\/serveiseducatius.xtec.cat\/pladurgell\/wp-json\/wp\/v2\/posts\/20434\/revisions\/20440"}],"wp:featuredmedia":[{"embeddable":true,"href":"https:\/\/serveiseducatius.xtec.cat\/pladurgell\/wp-json\/wp\/v2\/media\/20438"}],"wp:attachment":[{"href":"https:\/\/serveiseducatius.xtec.cat\/pladurgell\/wp-json\/wp\/v2\/media?parent=20434"}],"wp:term":[{"taxonomy":"category","embeddable":true,"href":"https:\/\/serveiseducatius.xtec.cat\/pladurgell\/wp-json\/wp\/v2\/categories?post=20434"},{"taxonomy":"post_tag","embeddable":true,"href":"https:\/\/serveiseducatius.xtec.cat\/pladurgell\/wp-json\/wp\/v2\/tags?post=20434"}],"curies":[{"name":"wp","href":"https:\/\/api.w.org\/{rel}","templated":true}]}}