{"id":20376,"date":"2025-01-15T16:18:45","date_gmt":"2025-01-15T15:18:45","guid":{"rendered":"https:\/\/serveiseducatius.xtec.cat\/pladurgell\/?p=20376"},"modified":"2025-01-23T14:56:42","modified_gmt":"2025-01-23T13:56:42","slug":"dia-escolar-de-la-pau-i-la-no-violencia-2","status":"publish","type":"post","link":"https:\/\/serveiseducatius.xtec.cat\/pladurgell\/general\/dia-escolar-de-la-pau-i-la-no-violencia-2\/","title":{"rendered":"Dia Escolar de la Pau i la No-Viol\u00e8ncia"},"content":{"rendered":"<p><img loading=\"lazy\" decoding=\"async\" class=\"aligncenter wp-image-20383\" src=\"https:\/\/serveiseducatius.xtec.cat\/pladurgell\/wp-content\/uploads\/usu1141\/2025\/01\/UNICEF-logo-5-1024x576.png\" alt=\"\" width=\"353\" height=\"199\" srcset=\"https:\/\/serveiseducatius.xtec.cat\/pladurgell\/wp-content\/uploads\/usu1141\/2025\/01\/UNICEF-logo-5-1024x576.png 1024w, https:\/\/serveiseducatius.xtec.cat\/pladurgell\/wp-content\/uploads\/usu1141\/2025\/01\/UNICEF-logo-5-300x169.png 300w, https:\/\/serveiseducatius.xtec.cat\/pladurgell\/wp-content\/uploads\/usu1141\/2025\/01\/UNICEF-logo-5-768x432.png 768w, https:\/\/serveiseducatius.xtec.cat\/pladurgell\/wp-content\/uploads\/usu1141\/2025\/01\/UNICEF-logo-5.png 1280w\" sizes=\"auto, (max-width: 353px) 100vw, 353px\" \/><\/p>\n<p>El 30 de gener se celebra cada any el<b> Dia Escolar de la Pau i la No-Viol\u00e8ncia, DENIP<\/b>(acr\u00f2nim de <i>Dia Escolar de la No-viol\u00e8ncia i la Pau<\/i>), coincidint amb l&#8217;aniversari de la mort d&#8217;en \u00a0<a title=\"\" href=\"https:\/\/es.wikipedia.org\/wiki\/Mahatma_Gandhi\">Mahatma Gandhi<\/a>.<\/p>\n<p>UNICEF us proposa una s\u00e8rie d<strong>\u00b4activitats interactives<\/strong> adaptades a diferents etapes educatives, que poden servir per introduir el tema a l\u00b4aula i aprendre que cada dia\u00a0<strong>#FemPau<\/strong><\/p>\n<p><a href=\"https:\/\/n.unicef.es\/optiext\/optiextension.dll?ID=1xw1q_a_tFjhdLPe4wvQTcAg6y3JU536AUXiCrIUWGvWyeEf8vwYhMxKsMgjHF7u3uiVtDtn8ble2EzliJAveun8G_Y9w\" target=\"_blank\" rel=\"noopener\" data-saferedirecturl=\"https:\/\/www.google.com\/url?q=https:\/\/n.unicef.es\/optiext\/optiextension.dll?ID%3D1xw1q_a_tFjhdLPe4wvQTcAg6y3JU536AUXiCrIUWGvWyeEf8vwYhMxKsMgjHF7u3uiVtDtn8ble2EzliJAveun8G_Y9w&amp;source=gmail&amp;ust=1737038295679000&amp;usg=AOvVaw2u69zt57ZA2jHOF8Ox42Pp\">Inscriviu-vos<\/a> i descarregueu el PDF amb la guia docent, que cont\u00e9 idees per desenvolupar l\u2019activitat.<\/p>\n<p>Us deixem enlla\u00e7os a m\u00e9s activitats i materials per reflexionar i promoure valors de pau i conviv\u00e8ncia a les aules:<\/p>\n<p>De l&#8217;Xtec- <a href=\"https:\/\/xtec.gencat.cat\/ca\/centres\/celebracions\/any-2025\/dia-escolar-de-la-no-violencia-i-la-pau-denip\/\" target=\"_blank\" rel=\"noopener\">\u27a1\u00a0<\/a><\/p>\n<p>De l&#8217;Institut Desenvolupament Professional (IDP): \u00a0<u><a id=\"m_1499761444305343144OWA1ab5727a-5652-4298-db14-f0a5ceb54c40\" title=\"https:\/\/www.ub.edu\/idp-educacio\/2025\/01\/21\/recursos-per-treballar-el-denip-als-centres-educatius\/\" href=\"https:\/\/www.ub.edu\/idp-educacio\/2025\/01\/21\/recursos-per-treballar-el-denip-als-centres-educatius\/\" target=\"_blank\" rel=\"noopener noreferrer\" data-saferedirecturl=\"https:\/\/www.google.com\/url?q=https:\/\/www.ub.edu\/idp-educacio\/2025\/01\/21\/recursos-per-treballar-el-denip-als-centres-educatius\/&amp;source=gmail&amp;ust=1737716797634000&amp;usg=AOvVaw2pA_L4Fj-quglxnOKS4WrI\">Recursos per treballar el DENIP (Dia Escolar de la No-viol\u00e8ncia i la<\/a><\/u><u><a id=\"m_1499761444305343144OWA1ab5727a-5652-4298-db14-f0a5ceb54c40\" title=\"https:\/\/www.ub.edu\/idp-educacio\/2025\/01\/21\/recursos-per-treballar-el-denip-als-centres-educatius\/\" href=\"https:\/\/www.ub.edu\/idp-educacio\/2025\/01\/21\/recursos-per-treballar-el-denip-als-centres-educatius\/\" target=\"_blank\" rel=\"noopener noreferrer\" data-saferedirecturl=\"https:\/\/www.google.com\/url?q=https:\/\/www.ub.edu\/idp-educacio\/2025\/01\/21\/recursos-per-treballar-el-denip-als-centres-educatius\/&amp;source=gmail&amp;ust=1737716797634000&amp;usg=AOvVaw2pA_L4Fj-quglxnOKS4WrI\"> Pau)<\/a><\/u><\/p>\n","protected":false},"excerpt":{"rendered":"<p>El 30 de gener se celebra cada any el Dia Escolar de la Pau i la No-Viol\u00e8ncia, DENIP(acr\u00f2nim de Dia [&hellip;]<\/p>\n","protected":false},"author":1,"featured_media":20377,"comment_status":"closed","ping_status":"closed","sticky":false,"template":"","format":"standard","meta":{"_bbp_topic_count":0,"_bbp_reply_count":0,"_bbp_total_topic_count":0,"_bbp_total_reply_count":0,"_bbp_voice_count":0,"_bbp_anonymous_reply_count":0,"_bbp_topic_count_hidden":0,"_bbp_reply_count_hidden":0,"_bbp_forum_subforum_count":0,"site-sidebar-layout":"default","site-content-layout":"","ast-site-content-layout":"","site-content-style":"default","site-sidebar-style":"default","ast-global-header-display":"","ast-banner-title-visibility":"","ast-main-header-display":"","ast-hfb-above-header-display":"","ast-hfb-below-header-display":"","ast-hfb-mobile-header-display":"","site-post-title":"","ast-breadcrumbs-content":"","ast-featured-img":"","footer-sml-layout":"","theme-transparent-header-meta":"","adv-header-id-meta":"","stick-header-meta":"","header-above-stick-meta":"","header-main-stick-meta":"","header-below-stick-meta":"","astra-migrate-meta-layouts":"default","ast-page-background-enabled":"default","ast-page-background-meta":{"desktop":{"background-color":"var(--ast-global-color-4)","background-image":"","background-repeat":"repeat","background-position":"center center","background-size":"auto","background-attachment":"scroll","background-type":"","background-media":"","overlay-type":"","overlay-color":"","overlay-opacity":"","overlay-gradient":""},"tablet":{"background-color":"","background-image":"","background-repeat":"repeat","background-position":"center center","background-size":"auto","background-attachment":"scroll","background-type":"","background-media":"","overlay-type":"","overlay-color":"","overlay-opacity":"","overlay-gradient":""},"mobile":{"background-color":"","background-image":"","background-repeat":"repeat","background-position":"center center","background-size":"auto","background-attachment":"scroll","background-type":"","background-media":"","overlay-type":"","overlay-color":"","overlay-opacity":"","overlay-gradient":""}},"ast-content-background-meta":{"desktop":{"background-color":"var(--ast-global-color-5)","background-image":"","background-repeat":"repeat","background-position":"center center","background-size":"auto","background-attachment":"scroll","background-type":"","background-media":"","overlay-type":"","overlay-color":"","overlay-opacity":"","overlay-gradient":""},"tablet":{"background-color":"var(--ast-global-color-5)","background-image":"","background-repeat":"repeat","background-position":"center center","background-size":"auto","background-attachment":"scroll","background-type":"","background-media":"","overlay-type":"","overlay-color":"","overlay-opacity":"","overlay-gradient":""},"mobile":{"background-color":"var(--ast-global-color-5)","background-image":"","background-repeat":"repeat","background-position":"center center","background-size":"auto","background-attachment":"scroll","background-type":"","background-media":"","overlay-type":"","overlay-color":"","overlay-opacity":"","overlay-gradient":""}},"footnotes":""},"categories":[640,1,29],"tags":[869,777,317],"class_list":["post-20376","post","type-post","status-publish","format-standard","has-post-thumbnail","hentry","category-educacio-per-a-la-pau","category-general","category-portada","tag-denim","tag-unicef","tag-recursos-en-linia"],"post_mailing_queue_ids":[],"_links":{"self":[{"href":"https:\/\/serveiseducatius.xtec.cat\/pladurgell\/wp-json\/wp\/v2\/posts\/20376","targetHints":{"allow":["GET"]}}],"collection":[{"href":"https:\/\/serveiseducatius.xtec.cat\/pladurgell\/wp-json\/wp\/v2\/posts"}],"about":[{"href":"https:\/\/serveiseducatius.xtec.cat\/pladurgell\/wp-json\/wp\/v2\/types\/post"}],"author":[{"embeddable":true,"href":"https:\/\/serveiseducatius.xtec.cat\/pladurgell\/wp-json\/wp\/v2\/users\/1"}],"replies":[{"embeddable":true,"href":"https:\/\/serveiseducatius.xtec.cat\/pladurgell\/wp-json\/wp\/v2\/comments?post=20376"}],"version-history":[{"count":6,"href":"https:\/\/serveiseducatius.xtec.cat\/pladurgell\/wp-json\/wp\/v2\/posts\/20376\/revisions"}],"predecessor-version":[{"id":20457,"href":"https:\/\/serveiseducatius.xtec.cat\/pladurgell\/wp-json\/wp\/v2\/posts\/20376\/revisions\/20457"}],"wp:featuredmedia":[{"embeddable":true,"href":"https:\/\/serveiseducatius.xtec.cat\/pladurgell\/wp-json\/wp\/v2\/media\/20377"}],"wp:attachment":[{"href":"https:\/\/serveiseducatius.xtec.cat\/pladurgell\/wp-json\/wp\/v2\/media?parent=20376"}],"wp:term":[{"taxonomy":"category","embeddable":true,"href":"https:\/\/serveiseducatius.xtec.cat\/pladurgell\/wp-json\/wp\/v2\/categories?post=20376"},{"taxonomy":"post_tag","embeddable":true,"href":"https:\/\/serveiseducatius.xtec.cat\/pladurgell\/wp-json\/wp\/v2\/tags?post=20376"}],"curies":[{"name":"wp","href":"https:\/\/api.w.org\/{rel}","templated":true}]}}