{"id":20262,"date":"2025-01-09T13:04:41","date_gmt":"2025-01-09T12:04:41","guid":{"rendered":"https:\/\/serveiseducatius.xtec.cat\/pladurgell\/?p=20262"},"modified":"2025-05-23T10:16:54","modified_gmt":"2025-05-23T08:16:54","slug":"informatiu-gener25","status":"publish","type":"post","link":"https:\/\/serveiseducatius.xtec.cat\/pladurgell\/general\/informatiu-gener25\/","title":{"rendered":"Informatiu gener&#8217;25"},"content":{"rendered":"<h5 style=\"text-align: center;\"><img loading=\"lazy\" decoding=\"async\" class=\"aligncenter wp-image-20341\" src=\"https:\/\/serveiseducatius.xtec.cat\/pladurgell\/wp-content\/uploads\/usu1141\/2025\/01\/Capcalera-informatiu9.png\" alt=\"\" width=\"1314\" height=\"394\" \/><\/h5>\n<p><!--more--><\/p>\n<table style=\"height: 1261px; width: 99.2001%; border-color: #000000; border-style: hidden; background-color: #ffffff;\" cellspacing=\"10\">\n<tbody>\n<tr style=\"height: 58px;\">\n<td style=\"width: 96.5262%; height: 57px; border-style: none; border-color: #ffffff;\" colspan=\"4\">\n<h5 style=\"text-align: center;\"><img loading=\"lazy\" decoding=\"async\" class=\"aligncenter wp-image-20341\" src=\"https:\/\/serveiseducatius.xtec.cat\/pladurgell\/wp-content\/uploads\/usu1141\/2025\/01\/Capcalera-informatiu9.png\" alt=\"\" width=\"1314\" height=\"394\" \/><\/h5>\n<\/td>\n<\/tr>\n<tr style=\"height: 59px;\">\n<td style=\"height: 36px; background-color: #abd77f; width: 96.5262%; border-style: none; border-color: #ffffff;\" colspan=\"4\">\n<h4 style=\"text-align: center;\"><strong style=\"color: #000000;\">AGENDA<\/strong><\/h4>\n<\/td>\n<\/tr>\n<tr style=\"height: 100px;\">\n<td style=\"height: 10px; width: 22.9536%; border-style: none; border-color: #ffffff;\">\n<h5><img loading=\"lazy\" decoding=\"async\" class=\"aligncenter wp-image-18689 \" src=\"https:\/\/serveiseducatius.xtec.cat\/pladurgell\/wp-content\/uploads\/usu1141\/2024\/01\/PALETA-COLORS-INFORMATIU.png\" alt=\"\" width=\"182\" height=\"182\" srcset=\"https:\/\/serveiseducatius.xtec.cat\/pladurgell\/wp-content\/uploads\/usu1141\/2024\/01\/PALETA-COLORS-INFORMATIU.png 500w, https:\/\/serveiseducatius.xtec.cat\/pladurgell\/wp-content\/uploads\/usu1141\/2024\/01\/PALETA-COLORS-INFORMATIU-300x300.png 300w, https:\/\/serveiseducatius.xtec.cat\/pladurgell\/wp-content\/uploads\/usu1141\/2024\/01\/PALETA-COLORS-INFORMATIU-150x150.png 150w\" sizes=\"auto, (max-width: 182px) 100vw, 182px\" \/><\/h5>\n<\/td>\n<td style=\"width: 73.5726%; height: 10px; border-style: none; border-color: #ffffff;\" colspan=\"3\">\n<ul>\n<li><strong>Fins el 20 de gener<\/strong>, convocat\u00f2ria oberta <a href=\"https:\/\/serveiseducatius.xtec.cat\/pladurgell\/general\/premis-baldiri-24-25\/#more-20026\" target=\"_blank\" rel=\"noopener\">Premis Baldiri 2024-2025<\/a><\/li>\n<li><strong>Inscripcions obertes<\/strong>, Tour de mates: la carrera de c\u00e0lcul mental <a href=\"https:\/\/serveiseducatius.xtec.cat\/pladurgell\/general\/tour-de-mates-la-carrera-de-calcul-mental\/\" target=\"_blank\" rel=\"noopener\">TOUR DE MATES: la carrera de c\u00e0lcul mental<\/a><\/li>\n<li><strong>A partir del 15 de gener<\/strong>, inscripcions obertes <a href=\"https:\/\/xtec.gencat.cat\/ca\/centres\/premis-i-concursos\/concursos_mschools\/mschools-student-awards\/mschools-awards-2025\/\" target=\"_blank\" rel=\"noopener\">mSchools Awards 2025<\/a><\/li>\n<li><strong>Del 17 de gener fins el 28 de mar\u00e7<\/strong>,<a href=\"https:\/\/serveiseducatius.xtec.cat\/pladurgell\/portada\/projecte-videomat\/\" target=\"_blank\" rel=\"noopener\"> lliurament de treballs v\u00eddeoMAT<\/a><\/li>\n<li><strong style=\"font-family: inherit; font-size: 1em;\">Del 10 al 31 de gener<\/strong><span style=\"font-family: inherit; font-size: 1em;\">, inscripcions obertes <\/span><a style=\"font-family: inherit; font-size: 1em;\" href=\"https:\/\/serveiseducatius.xtec.cat\/pladurgell\/portada\/30a-prova-cangur-2025\/\" target=\"_blank\" rel=\"noopener\">Proves Cangur<\/a><\/li>\n<li><strong>Fins el 23 de gener<\/strong>, inscripcions <a href=\"https:\/\/serveiseducatius.xtec.cat\/pladurgell\/general\/xxx-concurs-el-gust-per-la-lectura\/\" target=\"_blank\" rel=\"noopener\">XXX Concurs El Gust per la Lectura<\/a><\/li>\n<li><strong>Fins el 28 de gener<\/strong>, presentaci\u00f3 de projecte <a href=\"https:\/\/outreach.icfo.eu\/ca\/ypc25\/\" target=\"_blank\" rel=\"noopener\">Young photonics Congress 2025<\/a><\/li>\n<li><strong>15 de febrer,<\/strong> <a href=\"https:\/\/lleimat.feemcat.org\/jornades-i-congressos\/xxi-jornada-lleimat\/\" target=\"_blank\" rel=\"noopener\">XXI Jornada <u>LLEIMAT<\/u><\/a><\/li>\n<li><strong>9 de mar\u00e7<\/strong>, <a href=\"https:\/\/serveiseducatius.xtec.cat\/pladurgell\/general\/posat-la-gorra-a-lleida-2\/\" target=\"_blank\" rel=\"noopener\">&#8220;Posa&#8217;t la Gorra!&#8221; a Lleida<\/a><\/li>\n<li><strong>Fins el 21 de mar\u00e7<\/strong>, presentaci\u00f3 de v\u00eddeos <a title=\"XVIII Premi Federico Mayor Zaragoza. La Pau \u00e9s el cam\u00ed\" href=\"http:\/\/www.unescotortosa.cat\/\" target=\"_blank\" rel=\"noopener\"><span class=\"list-group-item-wrapper-content\">XVIII Premi Federico Mayor Zaragoza. La Pau \u00e9s el cam\u00ed<\/span><\/a><\/li>\n<\/ul>\n<\/td>\n<\/tr>\n<tr style=\"height: 49px;\">\n<td style=\"background-color: #f4cf72; height: 49px; border-style: none; border-color: #ffffff; width: 96.5262%;\" colspan=\"4\">\n<h4 style=\"text-align: center;\"><strong style=\"color: #000000;\">PLA DE FORMACI\u00d3 DE ZONA<\/strong><\/h4>\n<\/td>\n<\/tr>\n<tr style=\"height: 302px;\">\n<td style=\"background-color: #ffffff; width: 22.9536%; border-style: hidden; text-align: center; vertical-align: top; height: 302px;\">\n<ul>\n<li style=\"text-align: left;\" aria-level=\"1\"><b>13.01.25 <\/b>S. Escoles bressol<\/li>\n<li style=\"text-align: left;\" aria-level=\"1\"><b>14.01.25<\/b> S. Matem\u00e0tiques<\/li>\n<li style=\"text-align: left;\" aria-level=\"1\"><b>15.01.25<\/b> S. Caps d&#8217;estudis<\/li>\n<li style=\"text-align: left;\" aria-level=\"1\"><b>15.01.25 <\/b>S. Secretaria<\/li>\n<li style=\"text-align: left;\" aria-level=\"1\"><strong>15.01.25<\/strong> S. M\u00fasica-sec<\/li>\n<li style=\"text-align: left;\" aria-level=\"1\"><strong>16.01.25<\/strong> S. XCDC-S.\u00a0XCOMD<\/li>\n<li style=\"text-align: left;\" aria-level=\"1\"><b>16.01.25<\/b> S. Direccions<\/li>\n<li style=\"text-align: left;\" aria-level=\"1\"><strong>20.01.25<\/strong> S. Mestres suport\u00a0 inclusi\u00f3<\/li>\n<li style=\"text-align: left;\" aria-level=\"1\"><b>21.01.25<\/b> S. Educaci\u00f3 f\u00edsica-pri<\/li>\n<li style=\"text-align: left;\" aria-level=\"1\"><b>21.01.25<\/b> S. Educaci\u00f3 f\u00edsica-sec<\/li>\n<li style=\"text-align: left;\" aria-level=\"1\"><strong>22.01.25<\/strong> S. Llengua anglesa<\/li>\n<li style=\"text-align: left;\" aria-level=\"1\"><strong>23.01.25<\/strong> S. M\u00fasica- prim<\/li>\n<\/ul>\n<\/td>\n<td style=\"background-color: #ffffff; text-align: center; vertical-align: top; border-style: hidden; height: 302px; width: 48.2871%;\" colspan=\"2\"><b>ACTIVITATS DE FORMACI\u00d3 DEL 2n TORN DEL PFZ 2024-2025<\/b><\/p>\n<table style=\"border-collapse: collapse; width: 100%;\">\n<tbody>\n<tr>\n<td style=\"width: 33.3333%;\"><b>Sol\u00b7licitud de pla\u00e7a<\/b><\/td>\n<td style=\"width: 33.3333%;\"><b>Consulta d&#8217;adjudicacions<\/b><\/td>\n<td style=\"width: 33.3333%;\"><b>Inici de les activitats<\/b><\/td>\n<\/tr>\n<tr>\n<td style=\"width: 33.3333%;\">Del 7 al 15 de gener<\/td>\n<td style=\"width: 33.3333%;\">31 de gener<\/td>\n<td style=\"width: 33.3333%;\">a partir del 5 de febrer<\/td>\n<\/tr>\n<\/tbody>\n<\/table>\n<ul>\n<li style=\"text-align: left;\"><a href=\"https:\/\/aplicacions.gestioeducativa.gencat.cat\/ords\/pls\/soloas\/pk_for_mod_ins.p_for_detall_activitat?p_header=Llista%20d%27activitats^pk_for_mod_ins.p_for_cons_activitats?p_crp=607%26p_any=2024-2025%26p_totes=S%26p_inici=1%26p_excloure_crp_rec=T&amp;p_codi=6070211607&amp;p_curs=2024-2025&amp;p_excloure_crp_rec=T\" target=\"_blank\" rel=\"noopener\"><b>6070211607 Aprofundir en el nou curr\u00edculum. Situacions d&#8217;aprenentatge al 0-3<\/b><\/a><b><br \/>\n<\/b>Del 14\/2\/2025 al 15\/2\/2025 (10 hores)<\/li>\n<li style=\"text-align: left;\"><a href=\"https:\/\/aplicacions.gestioeducativa.gencat.cat\/ords\/pls\/soloas\/pk_for_mod_ins.p_for_detall_activitat?p_header=Llista%20d%27activitats^pk_for_mod_ins.p_for_cons_activitats?p_crp=607%26p_any=2024-2025%26p_totes=S%26p_inici=1%26p_excloure_crp_rec=T&amp;p_codi=6070670529&amp;p_curs=2024-2025&amp;p_excloure_crp_rec=T\" target=\"_blank\" rel=\"noopener\"><b>6070670529 Formaci\u00f3 pedag\u00f2gica de la dotaci\u00f3 d&#8217;equipaments de panells digitals<\/b><\/a><b><br \/>\n<\/b>Del 5\/2\/2025 al 31\/5\/2025 (20 hores)<\/li>\n<li style=\"text-align: left;\"><a href=\"https:\/\/aplicacions.gestioeducativa.gencat.cat\/ords\/pls\/soloas\/pk_for_mod_ins.p_for_detall_activitat?p_header=Llista%20d%27activitats^pk_for_mod_ins.p_for_cons_activitats?p_crp=607%26p_any=2024-2025%26p_totes=S%26p_inici=1%26p_excloure_crp_rec=T&amp;p_codi=6070691607&amp;p_curs=2024-2025&amp;p_excloure_crp_rec=T\" target=\"_blank\" rel=\"noopener\"><b>6070691607 Visi\u00f3, desenvolupament i aprenentatge<\/b><\/a><b><br \/>\n<\/b>Del 13\/3\/2025 al 3\/4\/2025 (10 hores)<\/li>\n<li style=\"text-align: left;\"><a href=\"https:\/\/aplicacions.gestioeducativa.gencat.cat\/ords\/pls\/soloas\/pk_for_mod_ins.p_for_detall_activitat?p_header=Llista%20d%27activitats^pk_for_mod_ins.p_for_cons_activitats?p_crp=607%26p_any=2024-2025%26p_totes=S%26p_inici=1%26p_excloure_crp_rec=T&amp;p_codi=6070720512&amp;p_curs=2024-2025&amp;p_excloure_crp_rec=T\" target=\"_blank\" rel=\"noopener\"><strong>6070720512<\/strong> <b>C\u00e0psula de sensibilitzaci\u00f3 d&#8217;educaci\u00f3<\/b> <strong>inclusiva<\/strong>\u00a0<\/a><\/li>\n<li style=\"text-align: left;\">18\/02\/2025 confer\u00e8ncia (2 hores)<\/li>\n<\/ul>\n<\/td>\n<td style=\"background-color: #ffffff; text-align: center; vertical-align: top; border-style: hidden; width: 25.2855%; height: 302px;\"><b><img loading=\"lazy\" decoding=\"async\" class=\"wp-image-20335\" src=\"https:\/\/serveiseducatius.xtec.cat\/pladurgell\/wp-content\/uploads\/usu1141\/2025\/01\/832x468-actualitat-2n-torn-formacio-24-25.png_223078711.png\" alt=\"\" width=\"383\" height=\"216\" srcset=\"https:\/\/serveiseducatius.xtec.cat\/pladurgell\/wp-content\/uploads\/usu1141\/2025\/01\/832x468-actualitat-2n-torn-formacio-24-25.png_223078711.png 832w, https:\/\/serveiseducatius.xtec.cat\/pladurgell\/wp-content\/uploads\/usu1141\/2025\/01\/832x468-actualitat-2n-torn-formacio-24-25.png_223078711-300x169.png 300w, https:\/\/serveiseducatius.xtec.cat\/pladurgell\/wp-content\/uploads\/usu1141\/2025\/01\/832x468-actualitat-2n-torn-formacio-24-25.png_223078711-768x432.png 768w\" sizes=\"auto, (max-width: 383px) 100vw, 383px\" \/><\/b><\/p>\n<ul>\n<li style=\"text-align: left;\"><a href=\"https:\/\/docs.google.com\/presentation\/d\/1pT5UoCXe0dDXip2R1iQOvBlkda0V4xRIJC7p4Tb5Fxs\/edit?usp=sharing\" target=\"_blank\" rel=\"noopener\">Oferta formativa en lleng\u00fces estrangeres<\/a><\/li>\n<li style=\"text-align: left;\">\u00a0<a href=\"https:\/\/aplicacions.gestioeducativa.gencat.cat\/ords\/pls\/soloas\/inscripcionsnp?codi=9005670540&amp;curs=2024-2025\" target=\"_blank\" rel=\"noopener\" data-saferedirecturl=\"https:\/\/www.google.com\/url?q=https:\/\/aplicacions.gestioeducativa.gencat.cat\/ords\/pls\/soloas\/inscripcionsnp?codi%3D9005670540%26curs%3D2024-2025&amp;source=gmail&amp;ust=1736509306424000&amp;usg=AOvVaw2jjK3Kmzs7fhKTjXRoZIGi\">Prevenci\u00f3 de l&#8217;assetjament escolar: sensibilitzaci\u00f3 i observaci\u00f3 conscient.<\/a><\/li>\n<li style=\"text-align: left;\">\u00a0<a href=\"https:\/\/aplicacions.gestioeducativa.gencat.cat\/ords\/pls\/soloas\/inscripcionsnp?codi=9005870540&amp;curs=2024-2025\" target=\"_blank\" rel=\"noopener\" data-saferedirecturl=\"https:\/\/www.google.com\/url?q=https:\/\/aplicacions.gestioeducativa.gencat.cat\/ords\/pls\/soloas\/inscripcionsnp?codi%3D9005870540%26curs%3D2024-2025&amp;source=gmail&amp;ust=1736509306424000&amp;usg=AOvVaw0uLeqymW3TXy8PxBwjskbT\">Prevenci\u00f3 de l&#8217;assetjament escolar: provenci\u00f3.<\/a><\/li>\n<\/ul>\n<\/td>\n<\/tr>\n<tr style=\"height: 58px;\">\n<td style=\"border-style: none; border-color: #ffffff; background-color: #f2ecdc; height: 58px; width: 46.2815%; vertical-align: top;\" colspan=\"2\">\n<h4 style=\"text-align: center;\"><strong style=\"color: #000000;\">SERVEI EDUCATIU DEL PLA D&#8217;URGELL<\/strong><\/h4>\n<\/td>\n<td style=\"border-style: none; border-color: #ffffff; background-color: #ebcdf7; vertical-align: top; width: 50.2447%; height: 58px;\" colspan=\"2\">\n<h4 style=\"text-align: center;\"><strong style=\"color: #000000;\">RECURSOS EDUCATIUS EN L\u00cdNIA<\/strong><\/h4>\n<\/td>\n<\/tr>\n<tr style=\"height: 329px;\">\n<td style=\"vertical-align: top; border-style: none; border-color: #ffffff; background-color: #ffffff; width: 46.2815%; height: 286px;\" colspan=\"2\"><a href=\"https:\/\/drive.google.com\/file\/d\/1SWYGHy8IzegHTNKSmma2VumkTW0g-9MN\/view?usp=sharing\" target=\"_blank\" rel=\"noopener\"><img loading=\"lazy\" decoding=\"async\" class=\"aligncenter size-large wp-image-20333\" src=\"https:\/\/serveiseducatius.xtec.cat\/pladurgell\/wp-content\/uploads\/usu1141\/2025\/01\/SEZ-Qui-som-2-1024x576.png\" alt=\"\" width=\"1024\" height=\"576\" srcset=\"https:\/\/serveiseducatius.xtec.cat\/pladurgell\/wp-content\/uploads\/usu1141\/2025\/01\/SEZ-Qui-som-2-1024x576.png 1024w, https:\/\/serveiseducatius.xtec.cat\/pladurgell\/wp-content\/uploads\/usu1141\/2025\/01\/SEZ-Qui-som-2-300x169.png 300w, https:\/\/serveiseducatius.xtec.cat\/pladurgell\/wp-content\/uploads\/usu1141\/2025\/01\/SEZ-Qui-som-2-768x432.png 768w, https:\/\/serveiseducatius.xtec.cat\/pladurgell\/wp-content\/uploads\/usu1141\/2025\/01\/SEZ-Qui-som-2-1536x864.png 1536w, https:\/\/serveiseducatius.xtec.cat\/pladurgell\/wp-content\/uploads\/usu1141\/2025\/01\/SEZ-Qui-som-2.png 1920w\" sizes=\"auto, (max-width: 1024px) 100vw, 1024px\" \/><\/a><\/td>\n<td style=\"vertical-align: top; border-style: none; border-color: #ffffff; background-color: #ffffff; width: 24.9592%; height: 286px; text-align: center;\"><a href=\"https:\/\/www.edu365.cat\/workshop\/joc\/index.html\" target=\"_blank\" rel=\"noopener\"><img loading=\"lazy\" decoding=\"async\" class=\"aligncenter wp-image-20338 size-full\" src=\"https:\/\/serveiseducatius.xtec.cat\/pladurgell\/wp-content\/uploads\/usu1141\/2025\/01\/actualitat-533x533-directe-a-interactius-edu365-nou.png_1980064278.png\" alt=\"\" width=\"264\" height=\"264\" srcset=\"https:\/\/serveiseducatius.xtec.cat\/pladurgell\/wp-content\/uploads\/usu1141\/2025\/01\/actualitat-533x533-directe-a-interactius-edu365-nou.png_1980064278.png 264w, https:\/\/serveiseducatius.xtec.cat\/pladurgell\/wp-content\/uploads\/usu1141\/2025\/01\/actualitat-533x533-directe-a-interactius-edu365-nou.png_1980064278-150x150.png 150w\" sizes=\"auto, (max-width: 264px) 100vw, 264px\" \/><\/a><strong><a href=\"https:\/\/www.edu365.cat\/workshop\/joc\/index.html\" target=\"_blank\" rel=\"noopener\">Interactius de l&#8217;Edu365<\/a><\/strong><\/td>\n<td style=\"vertical-align: top; border-style: none; border-color: #ffffff; background-color: #ffffff; width: 25.2855%; height: 286px;\">\n<p style=\"text-align: center;\"><a href=\"https:\/\/sites.google.com\/xtec.cat\/s-e-pla-durgell\/p%C3%A0gina-principal\" target=\"_blank\" rel=\"noopener\"><img loading=\"lazy\" decoding=\"async\" class=\"aligncenter wp-image-20080 size-full\" src=\"https:\/\/serveiseducatius.xtec.cat\/pladurgell\/wp-content\/uploads\/usu1141\/2024\/11\/maletam.png\" alt=\"\" width=\"589\" height=\"339\" srcset=\"https:\/\/serveiseducatius.xtec.cat\/pladurgell\/wp-content\/uploads\/usu1141\/2024\/11\/maletam.png 589w, https:\/\/serveiseducatius.xtec.cat\/pladurgell\/wp-content\/uploads\/usu1141\/2024\/11\/maletam-300x173.png 300w\" sizes=\"auto, (max-width: 589px) 100vw, 589px\" \/><\/a><\/p>\n<p style=\"text-align: center;\"><strong><a href=\"https:\/\/sites.google.com\/xtec.cat\/s-e-pla-durgell\/p%C3%A0gina-principal\" target=\"_blank\" rel=\"noopener\">Enlla\u00e7 activitats per a dinamitzar les maletes<\/a><\/strong><\/p>\n<p style=\"text-align: center;\"><a href=\"https:\/\/projectes.xtec.cat\/pensament-computacional\/robots-en-accio\/tria-reptes\/\" target=\"_blank\" rel=\"noopener\"><img loading=\"lazy\" decoding=\"async\" class=\"aligncenter wp-image-20280 size-full\" src=\"https:\/\/serveiseducatius.xtec.cat\/pladurgell\/wp-content\/uploads\/usu1141\/2024\/12\/robacc.png\" alt=\"\" width=\"573\" height=\"95\" srcset=\"https:\/\/serveiseducatius.xtec.cat\/pladurgell\/wp-content\/uploads\/usu1141\/2024\/12\/robacc.png 573w, https:\/\/serveiseducatius.xtec.cat\/pladurgell\/wp-content\/uploads\/usu1141\/2024\/12\/robacc-300x50.png 300w\" sizes=\"auto, (max-width: 573px) 100vw, 573px\" \/><\/a><\/p>\n<h5 style=\"text-align: center;\"><a href=\"https:\/\/projectes.xtec.cat\/pensament-computacional\/robots-en-accio\/tria-reptes\/\" target=\"_blank\" rel=\"noopener\">Repte 2<\/a><\/h5>\n<\/td>\n<\/tr>\n<tr style=\"height: 58px;\">\n<td style=\"background-color: #e6887e; height: 58px; border-style: none; border-color: #ffffff; width: 96.5262%;\" colspan=\"4\">\n<h4 style=\"text-align: center;\"><strong style=\"color: #000000;\">RECOMANACIONS<\/strong><\/h4>\n<\/td>\n<\/tr>\n<tr style=\"height: 50px;\">\n<td style=\"width: 22.9536%; height: 37px; vertical-align: top; border-style: none; border-color: #ffffff; background-color: #ffffff; text-align: center;\"><img loading=\"lazy\" decoding=\"async\" class=\"aligncenter size-large wp-image-20264\" src=\"https:\/\/serveiseducatius.xtec.cat\/pladurgell\/wp-content\/uploads\/usu1141\/2024\/12\/congres-catala-mates-1024x266.jpg\" alt=\"\" width=\"1024\" height=\"266\" srcset=\"https:\/\/serveiseducatius.xtec.cat\/pladurgell\/wp-content\/uploads\/usu1141\/2024\/12\/congres-catala-mates-1024x266.jpg 1024w, https:\/\/serveiseducatius.xtec.cat\/pladurgell\/wp-content\/uploads\/usu1141\/2024\/12\/congres-catala-mates-300x78.jpg 300w, https:\/\/serveiseducatius.xtec.cat\/pladurgell\/wp-content\/uploads\/usu1141\/2024\/12\/congres-catala-mates-768x199.jpg 768w, https:\/\/serveiseducatius.xtec.cat\/pladurgell\/wp-content\/uploads\/usu1141\/2024\/12\/congres-catala-mates-1536x398.jpg 1536w, https:\/\/serveiseducatius.xtec.cat\/pladurgell\/wp-content\/uploads\/usu1141\/2024\/12\/congres-catala-mates-2048x531.jpg 2048w\" sizes=\"auto, (max-width: 1024px) 100vw, 1024px\" \/><strong><a href=\"https:\/\/c2em.feemcat.org\/\" target=\"_blank\" rel=\"noopener\">Congr\u00e9s Catal\u00e0 d&#8217;Educaci\u00f3 Matem\u00e0tica<\/a><\/strong><\/p>\n<p><strong>Lleida 2025<\/strong><\/td>\n<td style=\"width: 23.3279%; height: 37px; vertical-align: top; border-style: none; border-color: #ffffff; background-color: #ffffff;\"><a href=\"https:\/\/serveiseducatius.xtec.cat\/pladurgell\/portada\/30a-prova-cangur-2025\/\" target=\"_blank\" rel=\"noopener\"><img loading=\"lazy\" decoding=\"async\" class=\"aligncenter wp-image-19931\" src=\"https:\/\/serveiseducatius.xtec.cat\/pladurgell\/wp-content\/uploads\/usu1141\/2024\/10\/cangur-e1730131747228.png\" alt=\"\" width=\"266\" height=\"195\" \/><\/a><\/p>\n<p style=\"text-align: center;\"><strong><a href=\"https:\/\/serveiseducatius.xtec.cat\/pladurgell\/portada\/30a-prova-cangur-2025\/\" target=\"_blank\" rel=\"noopener\">Prova Cangur<\/a><\/strong><\/p>\n<\/td>\n<td style=\"height: 37px; vertical-align: top; border-style: none; border-color: #ffffff; background-color: #ffffff; width: 24.9592%; text-align: center;\"><a href=\"https:\/\/xtec.gencat.cat\/ca\/centres\/premis-i-concursos\/concursos_mschools\/mschools-student-awards\/mschools-awards-2025\/\" target=\"_blank\" rel=\"noopener\"><img loading=\"lazy\" decoding=\"async\" class=\"aligncenter wp-image-20281 \" src=\"https:\/\/serveiseducatius.xtec.cat\/pladurgell\/wp-content\/uploads\/usu1141\/2024\/12\/MSCbases.png\" alt=\"\" width=\"307\" height=\"189\" srcset=\"https:\/\/serveiseducatius.xtec.cat\/pladurgell\/wp-content\/uploads\/usu1141\/2024\/12\/MSCbases.png 566w, https:\/\/serveiseducatius.xtec.cat\/pladurgell\/wp-content\/uploads\/usu1141\/2024\/12\/MSCbases-300x184.png 300w\" sizes=\"auto, (max-width: 307px) 100vw, 307px\" \/><\/a><\/p>\n<h5><a href=\"https:\/\/xtec.gencat.cat\/ca\/centres\/premis-i-concursos\/concursos_mschools\/mschools-student-awards\/mschools-awards-2025\/\" target=\"_blank\" rel=\"noopener\">Bases<\/a><\/h5>\n<\/td>\n<td style=\"vertical-align: top; border-style: none; border-color: #ffffff; background-color: #ffffff; width: 25.2855%; height: 37px;\"><a href=\"https:\/\/serveiseducatius.xtec.cat\/pladurgell\/general\/posat-la-gorra-a-lleida-2\/\" target=\"_blank\" rel=\"noopener\"><img loading=\"lazy\" decoding=\"async\" class=\"aligncenter wp-image-20030\" src=\"https:\/\/serveiseducatius.xtec.cat\/pladurgell\/wp-content\/uploads\/usu1141\/2024\/11\/posat-la-gorra-e1731674819683.png\" alt=\"\" width=\"328\" height=\"164\" \/><\/a><\/p>\n<p style=\"text-align: center;\"><strong><a href=\"https:\/\/serveiseducatius.xtec.cat\/pladurgell\/general\/posat-la-gorra-a-lleida-2\/\" target=\"_blank\" rel=\"noopener\">Campanya &#8220;Posa&#8217;t la Gorra!&#8221; a Lleida<\/a><\/strong><\/p>\n<\/td>\n<\/tr>\n<tr style=\"height: 368px;\">\n<td style=\"width: 96.5262%; vertical-align: top; border-style: none; border-color: #ffffff; background-color: #ffffff; text-align: center; height: 368px;\" colspan=\"4\"><a href=\"https:\/\/serveiseducatius.xtec.cat\/pladurgell\/general\/xii-jocs-florals-escolars-de-catalunya\/\" target=\"_blank\" rel=\"noopener\"><img loading=\"lazy\" decoding=\"async\" class=\"aligncenter wp-image-20246 size-full\" src=\"https:\/\/serveiseducatius.xtec.cat\/pladurgell\/wp-content\/uploads\/usu1141\/2024\/12\/actualitat-832x468-jocs-florals-XII-edicio-24-25.png_223078711-e1733393241693.png\" alt=\"\" width=\"300\" height=\"169\" \/><\/a><strong><a href=\"https:\/\/serveiseducatius.xtec.cat\/pladurgell\/general\/xii-jocs-florals-escolars-de-catalunya\/\" target=\"_blank\" rel=\"noopener\">Bases<\/a><\/strong><\/td>\n<\/tr>\n<\/tbody>\n<\/table>\n","protected":false},"excerpt":{"rendered":"","protected":false},"author":1,"featured_media":20341,"comment_status":"closed","ping_status":"closed","sticky":false,"template":"","format":"standard","meta":{"_bbp_topic_count":0,"_bbp_reply_count":0,"_bbp_total_topic_count":0,"_bbp_total_reply_count":0,"_bbp_voice_count":0,"_bbp_anonymous_reply_count":0,"_bbp_topic_count_hidden":0,"_bbp_reply_count_hidden":0,"_bbp_forum_subforum_count":0,"site-sidebar-layout":"default","site-content-layout":"","ast-site-content-layout":"default","site-content-style":"default","site-sidebar-style":"default","ast-global-header-display":"","ast-banner-title-visibility":"","ast-main-header-display":"","ast-hfb-above-header-display":"","ast-hfb-below-header-display":"","ast-hfb-mobile-header-display":"","site-post-title":"","ast-breadcrumbs-content":"","ast-featured-img":"","footer-sml-layout":"","theme-transparent-header-meta":"","adv-header-id-meta":"","stick-header-meta":"","header-above-stick-meta":"","header-main-stick-meta":"","header-below-stick-meta":"","astra-migrate-meta-layouts":"set","ast-page-background-enabled":"default","ast-page-background-meta":{"desktop":{"background-color":"var(--ast-global-color-4)","background-image":"","background-repeat":"repeat","background-position":"center center","background-size":"auto","background-attachment":"scroll","background-type":"","background-media":"","overlay-type":"","overlay-color":"","overlay-opacity":"","overlay-gradient":""},"tablet":{"background-color":"","background-image":"","background-repeat":"repeat","background-position":"center center","background-size":"auto","background-attachment":"scroll","background-type":"","background-media":"","overlay-type":"","overlay-color":"","overlay-opacity":"","overlay-gradient":""},"mobile":{"background-color":"","background-image":"","background-repeat":"repeat","background-position":"center center","background-size":"auto","background-attachment":"scroll","background-type":"","background-media":"","overlay-type":"","overlay-color":"","overlay-opacity":"","overlay-gradient":""}},"ast-content-background-meta":{"desktop":{"background-color":"var(--ast-global-color-5)","background-image":"","background-repeat":"repeat","background-position":"center center","background-size":"auto","background-attachment":"scroll","background-type":"","background-media":"","overlay-type":"","overlay-color":"","overlay-opacity":"","overlay-gradient":""},"tablet":{"background-color":"var(--ast-global-color-5)","background-image":"","background-repeat":"repeat","background-position":"center center","background-size":"auto","background-attachment":"scroll","background-type":"","background-media":"","overlay-type":"","overlay-color":"","overlay-opacity":"","overlay-gradient":""},"mobile":{"background-color":"var(--ast-global-color-5)","background-image":"","background-repeat":"repeat","background-position":"center center","background-size":"auto","background-attachment":"scroll","background-type":"","background-media":"","overlay-type":"","overlay-color":"","overlay-opacity":"","overlay-gradient":""}},"footnotes":""},"categories":[1,303,29],"tags":[304],"class_list":["post-20262","post","type-post","status-publish","format-standard","has-post-thumbnail","hentry","category-general","category-fulls-informatius","category-portada","tag-informatius"],"post_mailing_queue_ids":[],"_links":{"self":[{"href":"https:\/\/serveiseducatius.xtec.cat\/pladurgell\/wp-json\/wp\/v2\/posts\/20262","targetHints":{"allow":["GET"]}}],"collection":[{"href":"https:\/\/serveiseducatius.xtec.cat\/pladurgell\/wp-json\/wp\/v2\/posts"}],"about":[{"href":"https:\/\/serveiseducatius.xtec.cat\/pladurgell\/wp-json\/wp\/v2\/types\/post"}],"author":[{"embeddable":true,"href":"https:\/\/serveiseducatius.xtec.cat\/pladurgell\/wp-json\/wp\/v2\/users\/1"}],"replies":[{"embeddable":true,"href":"https:\/\/serveiseducatius.xtec.cat\/pladurgell\/wp-json\/wp\/v2\/comments?post=20262"}],"version-history":[{"count":6,"href":"https:\/\/serveiseducatius.xtec.cat\/pladurgell\/wp-json\/wp\/v2\/posts\/20262\/revisions"}],"predecessor-version":[{"id":21436,"href":"https:\/\/serveiseducatius.xtec.cat\/pladurgell\/wp-json\/wp\/v2\/posts\/20262\/revisions\/21436"}],"wp:featuredmedia":[{"embeddable":true,"href":"https:\/\/serveiseducatius.xtec.cat\/pladurgell\/wp-json\/wp\/v2\/media\/20341"}],"wp:attachment":[{"href":"https:\/\/serveiseducatius.xtec.cat\/pladurgell\/wp-json\/wp\/v2\/media?parent=20262"}],"wp:term":[{"taxonomy":"category","embeddable":true,"href":"https:\/\/serveiseducatius.xtec.cat\/pladurgell\/wp-json\/wp\/v2\/categories?post=20262"},{"taxonomy":"post_tag","embeddable":true,"href":"https:\/\/serveiseducatius.xtec.cat\/pladurgell\/wp-json\/wp\/v2\/tags?post=20262"}],"curies":[{"name":"wp","href":"https:\/\/api.w.org\/{rel}","templated":true}]}}