{"id":19820,"date":"2024-10-02T08:21:22","date_gmt":"2024-10-02T06:21:22","guid":{"rendered":"https:\/\/serveiseducatius.xtec.cat\/pladurgell\/?p=19820"},"modified":"2025-10-29T13:17:34","modified_gmt":"2025-10-29T12:17:34","slug":"cicle-de-xerrades-benestar-emocional-i-convivencia","status":"publish","type":"post","link":"https:\/\/serveiseducatius.xtec.cat\/pladurgell\/portada\/cicle-de-xerrades-benestar-emocional-i-convivencia\/","title":{"rendered":"Cicle de xerrades: Benestar emocional i conviv\u00e8ncia"},"content":{"rendered":"<p style=\"text-align: justify;\"><a href=\"https:\/\/docents.cat\/\" target=\"_blank\" rel=\"noopener\"><br \/>\n<img loading=\"lazy\" decoding=\"async\" class=\"aligncenter wp-image-19821\" src=\"https:\/\/serveiseducatius.xtec.cat\/pladurgell\/wp-content\/uploads\/usu1141\/2024\/10\/Cicle-Benestar-Emocional-1024x467.png\" alt=\"\" width=\"566\" height=\"258\" \/><\/a><\/p>\n<p>La plataforma\u00a0<a href=\"https:\/\/docents.cat\/\" target=\"_blank\" rel=\"noopener\">Docents <\/a>ofereix el <a href=\"https:\/\/natibergada.acblnk.com\/url\/ver\/696188791\/2848193\/4532c4dab006f991b07fdfd1841134ac\" target=\"_blank\" rel=\"noopener\" data-saferedirecturl=\"https:\/\/www.google.com\/url?q=https:\/\/natibergada.acblnk.com\/url\/ver\/696188791\/2848193\/4532c4dab006f991b07fdfd1841134ac&amp;source=gmail&amp;ust=1727860606133000&amp;usg=AOvVaw3l6J-gAGEsOXsKhp2ILVvQ\"><strong>Cicle de xerrades: Benestar emocional i conviv\u00e8ncia. Constru\u00efm espais educatius\u00a0saludables<\/strong><\/a>\u00a0durant el <strong>1r i el 2n trimestre<\/strong>.<\/p>\n<p style=\"text-align: justify;\">En el cicle gaudireu de <strong>21 xerrades<\/strong>\u00a0enfocades en el\u00a0<strong>Vector 5 del curr\u00edculum<\/strong>, dedicat al\u00a0<strong>Benestar emocional i la conviv\u00e8ncia<\/strong>.<\/p>\n<p style=\"text-align: justify;\">Descobrireu com crear <strong>espais educatius saludables<\/strong>, que afavoreixin el benestar emocional, les relacions positives i una conviv\u00e8ncia inclusiva.<\/p>\n<p style=\"text-align: justify;\">Les xerrades s\u00f3n en\u00a0<strong>l\u00ednia, gratu\u00eftes i obertes a tothom<\/strong>. Estan adre\u00e7ades a docents d&#8217;<strong>infantil, prim\u00e0ria i secund\u00e0ria<\/strong>.\u00a0<a href=\"https:\/\/natibergada.acblnk.com\/url\/ver\/696188792\/2848193\/4532c4dab006f991b07fdfd1841134ac\" target=\"_blank\" rel=\"noopener\" data-saferedirecturl=\"https:\/\/www.google.com\/url?q=https:\/\/natibergada.acblnk.com\/url\/ver\/696188792\/2848193\/4532c4dab006f991b07fdfd1841134ac&amp;source=gmail&amp;ust=1727860606133000&amp;usg=AOvVaw1NzeQp4FwKazuudhcQHo2e\"><strong>Compartim amb vosaltres el cartell del cicle.<\/strong><\/a><br \/>\nLes xerrades duraran\u00a0<strong>una hora<\/strong> i comen\u00e7aran molt <strong>puntuals (18h)<\/strong>. <img decoding=\"async\" class=\"an1\" draggable=\"false\" src=\"https:\/\/fonts.gstatic.com\/s\/e\/notoemoji\/15.1\/1f60a\/32.png\" alt=\"\ud83d\ude0a\" data-emoji=\"\ud83d\ude0a\" aria-label=\"\ud83d\ude0a\" \/><br \/>\nPer accedir a les xerrades no cal fer cap inscripci\u00f3, nom\u00e9s cal connectar el dia i hora a les xerrades que us interessin\u00a0<img decoding=\"async\" class=\"an1\" draggable=\"false\" src=\"https:\/\/fonts.gstatic.com\/s\/e\/notoemoji\/15.1\/1f609\/32.png\" alt=\"\ud83d\ude09\" data-emoji=\"\ud83d\ude09\" aria-label=\"\ud83d\ude09\" \/>\u00a0Per veure les\u00a0<strong>xerrades gravades<\/strong> cal estar subscrit a Docents.cat (15\u20ac)<!--more--><\/p>\n<p style=\"text-align: justify;\">En el cicle farem les xerrades seg\u00fcents:<\/p>\n<p style=\"text-align: justify;\"><img decoding=\"async\" class=\"an1\" draggable=\"false\" src=\"https:\/\/fonts.gstatic.com\/s\/e\/notoemoji\/15.1\/25fe_fe0f\/32.png\" alt=\"\u25fe\ufe0f\" data-emoji=\"\u25fe\ufe0f\" aria-label=\"\u25fe\ufe0f\" \/>\u00a0<a href=\"https:\/\/natibergada.acblnk.com\/url\/ver\/696188793\/2848193\/4532c4dab006f991b07fdfd1841134ac\" target=\"_blank\" rel=\"noopener\" data-saferedirecturl=\"https:\/\/www.google.com\/url?q=https:\/\/natibergada.acblnk.com\/url\/ver\/696188793\/2848193\/4532c4dab006f991b07fdfd1841134ac&amp;source=gmail&amp;ust=1727860606133000&amp;usg=AOvVaw21u3_6iMSmO-P0P11QXNY8\">Com podem afavorir el benestar als centres educatius?<\/a>\u00a0<strong>Pau L\u00f3pez\u00a0<\/strong>&#8211; 1.10.24<br \/>\n<img decoding=\"async\" class=\"an1\" draggable=\"false\" src=\"https:\/\/fonts.gstatic.com\/s\/e\/notoemoji\/15.1\/25fe_fe0f\/32.png\" alt=\"\u25fe\ufe0f\" data-emoji=\"\u25fe\ufe0f\" aria-label=\"\u25fe\ufe0f\" \/>\u00a0<a href=\"https:\/\/natibergada.acblnk.com\/url\/ver\/696188794\/2848193\/4532c4dab006f991b07fdfd1841134ac\" target=\"_blank\" rel=\"noopener\" data-saferedirecturl=\"https:\/\/www.google.com\/url?q=https:\/\/natibergada.acblnk.com\/url\/ver\/696188794\/2848193\/4532c4dab006f991b07fdfd1841134ac&amp;source=gmail&amp;ust=1727860606133000&amp;usg=AOvVaw17jlhlDRsOA8b6h6FpJMHR\">L&#8217;Ecologia Emocional, un model per la millora del benestar emocional a les aules i a la vida<\/a>.\u00a0<strong>Merc\u00e8 Conangla<\/strong>\u00a0&#8211; 8.10.24<br \/>\n<img decoding=\"async\" class=\"an1\" draggable=\"false\" src=\"https:\/\/fonts.gstatic.com\/s\/e\/notoemoji\/15.1\/25fe_fe0f\/32.png\" alt=\"\u25fe\ufe0f\" data-emoji=\"\u25fe\ufe0f\" aria-label=\"\u25fe\ufe0f\" \/>\u00a0<a href=\"https:\/\/natibergada.acblnk.com\/url\/ver\/696188795\/2848193\/4532c4dab006f991b07fdfd1841134ac\" target=\"_blank\" rel=\"noopener\" data-saferedirecturl=\"https:\/\/www.google.com\/url?q=https:\/\/natibergada.acblnk.com\/url\/ver\/696188795\/2848193\/4532c4dab006f991b07fdfd1841134ac&amp;source=gmail&amp;ust=1727860606133000&amp;usg=AOvVaw3TMdzn_TODb0tgCNxgcYb7\">La import\u00e0ncia de l&#8217;empatia i com educar-la amb infants i adolescents<\/a>.\u00a0<strong>J\u00falia Prun\u00e9s<\/strong>\u00a0&#8211; 15.10.24<br \/>\n<img decoding=\"async\" class=\"an1\" draggable=\"false\" src=\"https:\/\/fonts.gstatic.com\/s\/e\/notoemoji\/15.1\/25fe_fe0f\/32.png\" alt=\"\u25fe\ufe0f\" data-emoji=\"\u25fe\ufe0f\" aria-label=\"\u25fe\ufe0f\" \/>\u00a0<a href=\"https:\/\/natibergada.acblnk.com\/url\/ver\/696188796\/2848193\/4532c4dab006f991b07fdfd1841134ac\" target=\"_blank\" rel=\"noopener\" data-saferedirecturl=\"https:\/\/www.google.com\/url?q=https:\/\/natibergada.acblnk.com\/url\/ver\/696188796\/2848193\/4532c4dab006f991b07fdfd1841134ac&amp;source=gmail&amp;ust=1727860606133000&amp;usg=AOvVaw0vjCEuSFhi76VP2720d4Hx\">Lideratge conscient a l&#8217;aula: empoderament, cohesi\u00f3 i benestar<\/a>.\u00a0<strong>Jordi Munyoz<\/strong>\u00a0&#8211; 22.10.24<br \/>\n<img decoding=\"async\" class=\"an1\" draggable=\"false\" src=\"https:\/\/fonts.gstatic.com\/s\/e\/notoemoji\/15.1\/25fe_fe0f\/32.png\" alt=\"\u25fe\ufe0f\" data-emoji=\"\u25fe\ufe0f\" aria-label=\"\u25fe\ufe0f\" \/>\u00a0<a href=\"https:\/\/natibergada.acblnk.com\/url\/ver\/696188797\/2848193\/4532c4dab006f991b07fdfd1841134ac\" target=\"_blank\" rel=\"noopener\" data-saferedirecturl=\"https:\/\/www.google.com\/url?q=https:\/\/natibergada.acblnk.com\/url\/ver\/696188797\/2848193\/4532c4dab006f991b07fdfd1841134ac&amp;source=gmail&amp;ust=1727860606133000&amp;usg=AOvVaw1zx8zTZjKLgXCLLKq2_bZ8\">Com millorar els vincles entre docents i fam\u00edlies des d\u2019una perspectiva inclusiva?<\/a>\u00a0<strong>Jordi Collet<\/strong>\u00a0&#8211; 29.10.24<br \/>\n<img decoding=\"async\" class=\"an1\" draggable=\"false\" src=\"https:\/\/fonts.gstatic.com\/s\/e\/notoemoji\/15.1\/25fe_fe0f\/32.png\" alt=\"\u25fe\ufe0f\" data-emoji=\"\u25fe\ufe0f\" aria-label=\"\u25fe\ufe0f\" \/>\u00a0<a href=\"https:\/\/natibergada.acblnk.com\/url\/ver\/696188798\/2848193\/4532c4dab006f991b07fdfd1841134ac\" target=\"_blank\" rel=\"noopener\" data-saferedirecturl=\"https:\/\/www.google.com\/url?q=https:\/\/natibergada.acblnk.com\/url\/ver\/696188798\/2848193\/4532c4dab006f991b07fdfd1841134ac&amp;source=gmail&amp;ust=1727860606133000&amp;usg=AOvVaw1uhKKYHc09NkeCvElexJbK\">Benestars i malestars en la professi\u00f3 docent. Una proposta per cuidar i cuidar-se<\/a>.\u00a0<strong>Jaume Funes<\/strong>\u00a0&#8211; 5.11.24<br \/>\n<img decoding=\"async\" class=\"an1\" draggable=\"false\" src=\"https:\/\/fonts.gstatic.com\/s\/e\/notoemoji\/15.1\/25fe_fe0f\/32.png\" alt=\"\u25fe\ufe0f\" data-emoji=\"\u25fe\ufe0f\" aria-label=\"\u25fe\ufe0f\" \/>\u00a0<a href=\"https:\/\/natibergada.acblnk.com\/url\/ver\/696188799\/2848193\/4532c4dab006f991b07fdfd1841134ac\" target=\"_blank\" rel=\"noopener\" data-saferedirecturl=\"https:\/\/www.google.com\/url?q=https:\/\/natibergada.acblnk.com\/url\/ver\/696188799\/2848193\/4532c4dab006f991b07fdfd1841134ac&amp;source=gmail&amp;ust=1727860606133000&amp;usg=AOvVaw3WQNm2PrnM16oHvz9W1uFT\">Eines i recursos per acompanyar infants i joves en les p\u00e8rdues i el dol<\/a>.\u00a0<strong>\u00c0ngels Miret<\/strong>\u00a0&#8211; 12.11.24<br \/>\n<img decoding=\"async\" class=\"an1\" draggable=\"false\" src=\"https:\/\/fonts.gstatic.com\/s\/e\/notoemoji\/15.1\/25fe_fe0f\/32.png\" alt=\"\u25fe\ufe0f\" data-emoji=\"\u25fe\ufe0f\" aria-label=\"\u25fe\ufe0f\" \/>\u00a0<a href=\"https:\/\/natibergada.acblnk.com\/url\/ver\/696188800\/2848193\/4532c4dab006f991b07fdfd1841134ac\" target=\"_blank\" rel=\"noopener\" data-saferedirecturl=\"https:\/\/www.google.com\/url?q=https:\/\/natibergada.acblnk.com\/url\/ver\/696188800\/2848193\/4532c4dab006f991b07fdfd1841134ac&amp;source=gmail&amp;ust=1727860606133000&amp;usg=AOvVaw0WDGyJ3AVnV3-lQs4aGKyH\">L&#8217;educaci\u00f3 emocional com a factor protector del Bullying<\/a>.\u00a0<strong>Laura Torrella<\/strong>\u00a0&#8211; 19.11.24<br \/>\n<img decoding=\"async\" class=\"an1\" draggable=\"false\" src=\"https:\/\/fonts.gstatic.com\/s\/e\/notoemoji\/15.1\/25fe_fe0f\/32.png\" alt=\"\u25fe\ufe0f\" data-emoji=\"\u25fe\ufe0f\" aria-label=\"\u25fe\ufe0f\" \/>\u00a0<a href=\"https:\/\/natibergada.acblnk.com\/url\/ver\/696188801\/2848193\/4532c4dab006f991b07fdfd1841134ac\" target=\"_blank\" rel=\"noopener\" data-saferedirecturl=\"https:\/\/www.google.com\/url?q=https:\/\/natibergada.acblnk.com\/url\/ver\/696188801\/2848193\/4532c4dab006f991b07fdfd1841134ac&amp;source=gmail&amp;ust=1727860606133000&amp;usg=AOvVaw1CVbWCBBRVu0CaMAwhnZQO\">Llums d&#8217;esperan\u00e7a: la prevenci\u00f3 del su\u00efcidi en l&#8217;entorn educatiu<\/a>.\u00a0<strong>Gl\u00f2ria Iniesta<\/strong>\u00a0&#8211; 26.11.24<br \/>\n<img decoding=\"async\" class=\"an1\" draggable=\"false\" src=\"https:\/\/fonts.gstatic.com\/s\/e\/notoemoji\/15.1\/25fe_fe0f\/32.png\" alt=\"\u25fe\ufe0f\" data-emoji=\"\u25fe\ufe0f\" aria-label=\"\u25fe\ufe0f\" \/>\u00a0<a href=\"https:\/\/natibergada.acblnk.com\/url\/ver\/696188802\/2848193\/4532c4dab006f991b07fdfd1841134ac\" target=\"_blank\" rel=\"noopener\" data-saferedirecturl=\"https:\/\/www.google.com\/url?q=https:\/\/natibergada.acblnk.com\/url\/ver\/696188802\/2848193\/4532c4dab006f991b07fdfd1841134ac&amp;source=gmail&amp;ust=1727860606133000&amp;usg=AOvVaw2ooiQaRm3GuenxVb-5i6O7\">Com podem incorporar pr\u00e0ctiques de ioga a l&#8217;aula?<\/a>\u00a0<strong>Gemma Bitriu<\/strong>\u00a0&#8211; 3.12.24<br \/>\n<img decoding=\"async\" class=\"an1\" draggable=\"false\" src=\"https:\/\/fonts.gstatic.com\/s\/e\/notoemoji\/15.1\/25fe_fe0f\/32.png\" alt=\"\u25fe\ufe0f\" data-emoji=\"\u25fe\ufe0f\" aria-label=\"\u25fe\ufe0f\" \/>\u00a0<a href=\"https:\/\/natibergada.acblnk.com\/url\/ver\/696188803\/2848193\/4532c4dab006f991b07fdfd1841134ac\" target=\"_blank\" rel=\"noopener\" data-saferedirecturl=\"https:\/\/www.google.com\/url?q=https:\/\/natibergada.acblnk.com\/url\/ver\/696188803\/2848193\/4532c4dab006f991b07fdfd1841134ac&amp;source=gmail&amp;ust=1727860606133000&amp;usg=AOvVaw3gRoLDg5x5bO8eT7yGGuHL\">Compet\u00e8ncies emocionals per a un canvi de paradigma en educaci\u00f3<\/a>.\u00a0<strong>Rafael Bisquerra<\/strong>\u00a0&#8211; 14.1.25<br \/>\n<img decoding=\"async\" class=\"an1\" draggable=\"false\" src=\"https:\/\/fonts.gstatic.com\/s\/e\/notoemoji\/15.1\/25fe_fe0f\/32.png\" alt=\"\u25fe\ufe0f\" data-emoji=\"\u25fe\ufe0f\" aria-label=\"\u25fe\ufe0f\" \/>\u00a0<a href=\"https:\/\/natibergada.acblnk.com\/url\/ver\/696188804\/2848193\/4532c4dab006f991b07fdfd1841134ac\" target=\"_blank\" rel=\"noopener\" data-saferedirecturl=\"https:\/\/www.google.com\/url?q=https:\/\/natibergada.acblnk.com\/url\/ver\/696188804\/2848193\/4532c4dab006f991b07fdfd1841134ac&amp;source=gmail&amp;ust=1727860606133000&amp;usg=AOvVaw2ZqJed3ZmsShjZ5k0VKqFy\">Com podem impulsar la Comunicaci\u00f3 NoViolenta a l&#8217;aula?<\/a>\u00a0<strong>Carme Pujol<\/strong>\u00a0&#8211; 21.1.25<br \/>\n<img decoding=\"async\" class=\"an1\" draggable=\"false\" src=\"https:\/\/fonts.gstatic.com\/s\/e\/notoemoji\/15.1\/25fe_fe0f\/32.png\" alt=\"\u25fe\ufe0f\" data-emoji=\"\u25fe\ufe0f\" aria-label=\"\u25fe\ufe0f\" \/>\u00a0<a href=\"https:\/\/natibergada.acblnk.com\/url\/ver\/696188805\/2848193\/4532c4dab006f991b07fdfd1841134ac\" target=\"_blank\" rel=\"noopener\" data-saferedirecturl=\"https:\/\/www.google.com\/url?q=https:\/\/natibergada.acblnk.com\/url\/ver\/696188805\/2848193\/4532c4dab006f991b07fdfd1841134ac&amp;source=gmail&amp;ust=1727860606133000&amp;usg=AOvVaw0fNpfnn2-EHnwlSWI4cZfV\">Com podem treballar l&#8217;educaci\u00f3 socioemocional des d&#8217;una mirada integral?<\/a>\u00a0<strong>Anna Carpena<\/strong>\u00a0&#8211; 28.1.25<br \/>\n<img decoding=\"async\" class=\"an1\" draggable=\"false\" src=\"https:\/\/fonts.gstatic.com\/s\/e\/notoemoji\/15.1\/25fe_fe0f\/32.png\" alt=\"\u25fe\ufe0f\" data-emoji=\"\u25fe\ufe0f\" aria-label=\"\u25fe\ufe0f\" \/>\u00a0<a href=\"https:\/\/natibergada.acblnk.com\/url\/ver\/696188806\/2848193\/4532c4dab006f991b07fdfd1841134ac\" target=\"_blank\" rel=\"noopener\" data-saferedirecturl=\"https:\/\/www.google.com\/url?q=https:\/\/natibergada.acblnk.com\/url\/ver\/696188806\/2848193\/4532c4dab006f991b07fdfd1841134ac&amp;source=gmail&amp;ust=1727860606133000&amp;usg=AOvVaw16iiiRGCfOMBbp6kwGOR1Z\">La gesti\u00f3 de les relacions, el conflicte i la conviv\u00e8ncia des de l&#8217;enfocament restauratiu<\/a>.\u00a0<strong>M. Albert\u00ed i E. Gonz\u00e0lez<\/strong>\u00a0&#8211; 4.2.25<br \/>\n<img decoding=\"async\" class=\"an1\" draggable=\"false\" src=\"https:\/\/fonts.gstatic.com\/s\/e\/notoemoji\/15.1\/25fe_fe0f\/32.png\" alt=\"\u25fe\ufe0f\" data-emoji=\"\u25fe\ufe0f\" aria-label=\"\u25fe\ufe0f\" \/>\u00a0<a href=\"https:\/\/natibergada.acblnk.com\/url\/ver\/696188807\/2848193\/4532c4dab006f991b07fdfd1841134ac\" target=\"_blank\" rel=\"noopener\" data-saferedirecturl=\"https:\/\/www.google.com\/url?q=https:\/\/natibergada.acblnk.com\/url\/ver\/696188807\/2848193\/4532c4dab006f991b07fdfd1841134ac&amp;source=gmail&amp;ust=1727860606133000&amp;usg=AOvVaw03BLCVX2DlRxQXwlU6pDX-\">El paper de les emocions en l&#8217;educaci\u00f3 (des d&#8217;una mirada rigorosa i cr\u00edtica)<\/a>\u00a0<strong>Gino Ferri<\/strong>\u00a0&#8211; 11.2.25<br \/>\n<img decoding=\"async\" class=\"an1\" draggable=\"false\" src=\"https:\/\/fonts.gstatic.com\/s\/e\/notoemoji\/15.1\/25fe_fe0f\/32.png\" alt=\"\u25fe\ufe0f\" data-emoji=\"\u25fe\ufe0f\" aria-label=\"\u25fe\ufe0f\" \/>\u00a0<a href=\"https:\/\/natibergada.acblnk.com\/url\/ver\/696188808\/2848193\/4532c4dab006f991b07fdfd1841134ac\" target=\"_blank\" rel=\"noopener\" data-saferedirecturl=\"https:\/\/www.google.com\/url?q=https:\/\/natibergada.acblnk.com\/url\/ver\/696188808\/2848193\/4532c4dab006f991b07fdfd1841134ac&amp;source=gmail&amp;ust=1727860606133000&amp;usg=AOvVaw1mvWO_WpP11iRO5K8cNqdE\">El coaching educatiu: qu\u00e8 \u00e9s i com el podem dur a terme a l&#8217;aula?<\/a>\u00a0<strong>Rosa Miralles<\/strong>\u00a0&#8211; 18.2.25<br \/>\n<img decoding=\"async\" class=\"an1\" draggable=\"false\" src=\"https:\/\/fonts.gstatic.com\/s\/e\/notoemoji\/15.1\/25fe_fe0f\/32.png\" alt=\"\u25fe\ufe0f\" data-emoji=\"\u25fe\ufe0f\" aria-label=\"\u25fe\ufe0f\" \/>\u00a0<a href=\"https:\/\/natibergada.acblnk.com\/url\/ver\/696188809\/2848193\/4532c4dab006f991b07fdfd1841134ac\" target=\"_blank\" rel=\"noopener\" data-saferedirecturl=\"https:\/\/www.google.com\/url?q=https:\/\/natibergada.acblnk.com\/url\/ver\/696188809\/2848193\/4532c4dab006f991b07fdfd1841134ac&amp;source=gmail&amp;ust=1727860606133000&amp;usg=AOvVaw1wVc0YlI5AA8Xq8sP_TtuG\">Estrat\u00e8gies per promoure l&#8217;autoconeixement i l&#8217;autoestima a l&#8217;aula<\/a>.\u00a0<strong>S\u00f2nia M\u00e9ndez<\/strong>\u00a0&#8211; 25.2.25<br \/>\n<img decoding=\"async\" class=\"an1\" draggable=\"false\" src=\"https:\/\/fonts.gstatic.com\/s\/e\/notoemoji\/15.1\/25fe_fe0f\/32.png\" alt=\"\u25fe\ufe0f\" data-emoji=\"\u25fe\ufe0f\" aria-label=\"\u25fe\ufe0f\" \/>\u00a0<a href=\"https:\/\/natibergada.acblnk.com\/url\/ver\/696188810\/2848193\/4532c4dab006f991b07fdfd1841134ac\" target=\"_blank\" rel=\"noopener\" data-saferedirecturl=\"https:\/\/www.google.com\/url?q=https:\/\/natibergada.acblnk.com\/url\/ver\/696188810\/2848193\/4532c4dab006f991b07fdfd1841134ac&amp;source=gmail&amp;ust=1727860606133000&amp;usg=AOvVaw1k50szdnP9ogYplnpRGZ3Y\">La coeducaci\u00f3 i la gesti\u00f3 de la diversitat a les aules<\/a>.\u00a0<strong>L\u00eddia Casanova<\/strong>s &#8211; 4.3.25<br \/>\n<img decoding=\"async\" class=\"an1\" draggable=\"false\" src=\"https:\/\/fonts.gstatic.com\/s\/e\/notoemoji\/15.1\/25fe_fe0f\/32.png\" alt=\"\u25fe\ufe0f\" data-emoji=\"\u25fe\ufe0f\" aria-label=\"\u25fe\ufe0f\" \/>\u00a0<a href=\"https:\/\/natibergada.acblnk.com\/url\/ver\/696188811\/2848193\/4532c4dab006f991b07fdfd1841134ac\" target=\"_blank\" rel=\"noopener\" data-saferedirecturl=\"https:\/\/www.google.com\/url?q=https:\/\/natibergada.acblnk.com\/url\/ver\/696188811\/2848193\/4532c4dab006f991b07fdfd1841134ac&amp;source=gmail&amp;ust=1727860606133000&amp;usg=AOvVaw0MsZq68Bc8PldgeqVPMmvh\">Educar amb sentit: Com construir valors en la inf\u00e0ncia i l&#8217;adolesc\u00e8ncia?<\/a>\u00a0<strong>Jordi Nomen<\/strong>\u00a0&#8211; 11.3.25<br \/>\n<img decoding=\"async\" class=\"an1\" draggable=\"false\" src=\"https:\/\/fonts.gstatic.com\/s\/e\/notoemoji\/15.1\/25fe_fe0f\/32.png\" alt=\"\u25fe\ufe0f\" data-emoji=\"\u25fe\ufe0f\" aria-label=\"\u25fe\ufe0f\" \/>\u00a0<a href=\"https:\/\/natibergada.acblnk.com\/url\/ver\/696188812\/2848193\/4532c4dab006f991b07fdfd1841134ac\" target=\"_blank\" rel=\"noopener\" data-saferedirecturl=\"https:\/\/www.google.com\/url?q=https:\/\/natibergada.acblnk.com\/url\/ver\/696188812\/2848193\/4532c4dab006f991b07fdfd1841134ac&amp;source=gmail&amp;ust=1727860606133000&amp;usg=AOvVaw2kpwKsLe6VZ_ltGEthrxDD\">Quin \u00e9s el paper clau de les emocions en l&#8217;aprenentatge? (des de la Neuroci\u00e8ncia)<\/a>\u00a0<strong>David Bueno<\/strong>\u00a0&#8211; 18.3.25<br \/>\n<img decoding=\"async\" class=\"an1\" draggable=\"false\" src=\"https:\/\/fonts.gstatic.com\/s\/e\/notoemoji\/15.1\/25fe_fe0f\/32.png\" alt=\"\u25fe\ufe0f\" data-emoji=\"\u25fe\ufe0f\" aria-label=\"\u25fe\ufe0f\" \/>\u00a0<a href=\"https:\/\/natibergada.acblnk.com\/url\/ver\/696188813\/2848193\/4532c4dab006f991b07fdfd1841134ac\" target=\"_blank\" rel=\"noopener\" data-saferedirecturl=\"https:\/\/www.google.com\/url?q=https:\/\/natibergada.acblnk.com\/url\/ver\/696188813\/2848193\/4532c4dab006f991b07fdfd1841134ac&amp;source=gmail&amp;ust=1727860606133000&amp;usg=AOvVaw3hMRAvDQDuvG9P2OUPeP3O\">Com podem incorporar l&#8217;atenci\u00f3 plena a l&#8217;aula? Pautes i estrat\u00e8gies<\/a>.\u00a0<strong>Anna M. Rif\u00e0<\/strong>\u00a0&#8211; 25.3.25<\/p>\n","protected":false},"excerpt":{"rendered":"<p>La plataforma\u00a0Docents ofereix el Cicle de xerrades: Benestar emocional i conviv\u00e8ncia. Constru\u00efm espais educatius\u00a0saludables\u00a0durant el 1r i el 2n trimestre. [&hellip;]<\/p>\n","protected":false},"author":1,"featured_media":19821,"comment_status":"closed","ping_status":"closed","sticky":false,"template":"","format":"standard","meta":{"_bbp_topic_count":0,"_bbp_reply_count":0,"_bbp_total_topic_count":0,"_bbp_total_reply_count":0,"_bbp_voice_count":0,"_bbp_anonymous_reply_count":0,"_bbp_topic_count_hidden":0,"_bbp_reply_count_hidden":0,"_bbp_forum_subforum_count":0,"site-sidebar-layout":"default","site-content-layout":"","ast-site-content-layout":"default","site-content-style":"default","site-sidebar-style":"default","ast-global-header-display":"","ast-banner-title-visibility":"","ast-main-header-display":"","ast-hfb-above-header-display":"","ast-hfb-below-header-display":"","ast-hfb-mobile-header-display":"","site-post-title":"","ast-breadcrumbs-content":"","ast-featured-img":"","footer-sml-layout":"","theme-transparent-header-meta":"","adv-header-id-meta":"","stick-header-meta":"","header-above-stick-meta":"","header-main-stick-meta":"","header-below-stick-meta":"","astra-migrate-meta-layouts":"set","ast-page-background-enabled":"default","ast-page-background-meta":{"desktop":{"background-color":"var(--ast-global-color-4)","background-image":"","background-repeat":"repeat","background-position":"center center","background-size":"auto","background-attachment":"scroll","background-type":"","background-media":"","overlay-type":"","overlay-color":"","overlay-opacity":"","overlay-gradient":""},"tablet":{"background-color":"","background-image":"","background-repeat":"repeat","background-position":"center center","background-size":"auto","background-attachment":"scroll","background-type":"","background-media":"","overlay-type":"","overlay-color":"","overlay-opacity":"","overlay-gradient":""},"mobile":{"background-color":"","background-image":"","background-repeat":"repeat","background-position":"center center","background-size":"auto","background-attachment":"scroll","background-type":"","background-media":"","overlay-type":"","overlay-color":"","overlay-opacity":"","overlay-gradient":""}},"ast-content-background-meta":{"desktop":{"background-color":"var(--ast-global-color-5)","background-image":"","background-repeat":"repeat","background-position":"center center","background-size":"auto","background-attachment":"scroll","background-type":"","background-media":"","overlay-type":"","overlay-color":"","overlay-opacity":"","overlay-gradient":""},"tablet":{"background-color":"var(--ast-global-color-5)","background-image":"","background-repeat":"repeat","background-position":"center center","background-size":"auto","background-attachment":"scroll","background-type":"","background-media":"","overlay-type":"","overlay-color":"","overlay-opacity":"","overlay-gradient":""},"mobile":{"background-color":"var(--ast-global-color-5)","background-image":"","background-repeat":"repeat","background-position":"center center","background-size":"auto","background-attachment":"scroll","background-type":"","background-media":"","overlay-type":"","overlay-color":"","overlay-opacity":"","overlay-gradient":""}},"footnotes":""},"categories":[29],"tags":[831,367,317],"class_list":["post-19820","post","type-post","status-publish","format-standard","has-post-thumbnail","hentry","category-portada","tag-educacioemocional","tag-conferencia","tag-recursos-en-linia"],"post_mailing_queue_ids":[],"_links":{"self":[{"href":"https:\/\/serveiseducatius.xtec.cat\/pladurgell\/wp-json\/wp\/v2\/posts\/19820","targetHints":{"allow":["GET"]}}],"collection":[{"href":"https:\/\/serveiseducatius.xtec.cat\/pladurgell\/wp-json\/wp\/v2\/posts"}],"about":[{"href":"https:\/\/serveiseducatius.xtec.cat\/pladurgell\/wp-json\/wp\/v2\/types\/post"}],"author":[{"embeddable":true,"href":"https:\/\/serveiseducatius.xtec.cat\/pladurgell\/wp-json\/wp\/v2\/users\/1"}],"replies":[{"embeddable":true,"href":"https:\/\/serveiseducatius.xtec.cat\/pladurgell\/wp-json\/wp\/v2\/comments?post=19820"}],"version-history":[{"count":6,"href":"https:\/\/serveiseducatius.xtec.cat\/pladurgell\/wp-json\/wp\/v2\/posts\/19820\/revisions"}],"predecessor-version":[{"id":21893,"href":"https:\/\/serveiseducatius.xtec.cat\/pladurgell\/wp-json\/wp\/v2\/posts\/19820\/revisions\/21893"}],"wp:featuredmedia":[{"embeddable":true,"href":"https:\/\/serveiseducatius.xtec.cat\/pladurgell\/wp-json\/wp\/v2\/media\/19821"}],"wp:attachment":[{"href":"https:\/\/serveiseducatius.xtec.cat\/pladurgell\/wp-json\/wp\/v2\/media?parent=19820"}],"wp:term":[{"taxonomy":"category","embeddable":true,"href":"https:\/\/serveiseducatius.xtec.cat\/pladurgell\/wp-json\/wp\/v2\/categories?post=19820"},{"taxonomy":"post_tag","embeddable":true,"href":"https:\/\/serveiseducatius.xtec.cat\/pladurgell\/wp-json\/wp\/v2\/tags?post=19820"}],"curies":[{"name":"wp","href":"https:\/\/api.w.org\/{rel}","templated":true}]}}