{"id":19745,"date":"2024-10-01T14:34:50","date_gmt":"2024-10-01T12:34:50","guid":{"rendered":"https:\/\/serveiseducatius.xtec.cat\/pladurgell\/?p=19745"},"modified":"2024-10-16T10:00:26","modified_gmt":"2024-10-16T08:00:26","slug":"informatiu-octubre24","status":"publish","type":"post","link":"https:\/\/serveiseducatius.xtec.cat\/pladurgell\/general\/informatiu-octubre24\/","title":{"rendered":"Informatiu Octubre&#8217;24"},"content":{"rendered":"<h5 style=\"text-align: center;\"><img loading=\"lazy\" decoding=\"async\" class=\"aligncenter wp-image-19804\" src=\"https:\/\/serveiseducatius.xtec.cat\/pladurgell\/wp-content\/uploads\/usu1141\/2024\/09\/Capcalera-informatiu5.png\" alt=\"\" width=\"1360\" height=\"408\" srcset=\"https:\/\/serveiseducatius.xtec.cat\/pladurgell\/wp-content\/uploads\/usu1141\/2024\/09\/Capcalera-informatiu5.png 1024w, https:\/\/serveiseducatius.xtec.cat\/pladurgell\/wp-content\/uploads\/usu1141\/2024\/09\/Capcalera-informatiu5-300x90.png 300w, https:\/\/serveiseducatius.xtec.cat\/pladurgell\/wp-content\/uploads\/usu1141\/2024\/09\/Capcalera-informatiu5-768x230.png 768w\" sizes=\"auto, (max-width: 1360px) 100vw, 1360px\" \/><\/h5>\n<p><!--more--><\/p>\n<table style=\"height: 1075px; width: 99.2001%; border-color: #000000; border-style: hidden; background-color: #ffffff;\" cellspacing=\"10\">\n<tbody>\n<tr style=\"height: 58px;\">\n<td style=\"width: 96.7109%; height: 57px; border-style: none; border-color: #ffffff;\" colspan=\"4\">\n<h5 style=\"text-align: center;\"><img loading=\"lazy\" decoding=\"async\" class=\"aligncenter wp-image-19804\" src=\"https:\/\/serveiseducatius.xtec.cat\/pladurgell\/wp-content\/uploads\/usu1141\/2024\/09\/Capcalera-informatiu5.png\" alt=\"\" width=\"1360\" height=\"408\" srcset=\"https:\/\/serveiseducatius.xtec.cat\/pladurgell\/wp-content\/uploads\/usu1141\/2024\/09\/Capcalera-informatiu5.png 1024w, https:\/\/serveiseducatius.xtec.cat\/pladurgell\/wp-content\/uploads\/usu1141\/2024\/09\/Capcalera-informatiu5-300x90.png 300w, https:\/\/serveiseducatius.xtec.cat\/pladurgell\/wp-content\/uploads\/usu1141\/2024\/09\/Capcalera-informatiu5-768x230.png 768w\" sizes=\"auto, (max-width: 1360px) 100vw, 1360px\" \/><\/h5>\n<\/td>\n<\/tr>\n<tr style=\"height: 59px;\">\n<td style=\"height: 36px; background-color: #abd77f; width: 96.7109%; border-style: none; border-color: #ffffff;\" colspan=\"4\">\n<h4 style=\"text-align: center;\"><strong style=\"color: #000000;\">AGENDA<\/strong><\/h4>\n<\/td>\n<\/tr>\n<tr style=\"height: 100px;\">\n<td style=\"height: 10px; width: 24.1963%; border-style: none; border-color: #ffffff;\">\n<h5><img loading=\"lazy\" decoding=\"async\" class=\"aligncenter wp-image-18689 \" src=\"https:\/\/serveiseducatius.xtec.cat\/pladurgell\/wp-content\/uploads\/usu1141\/2024\/01\/PALETA-COLORS-INFORMATIU.png\" alt=\"\" width=\"182\" height=\"182\" srcset=\"https:\/\/serveiseducatius.xtec.cat\/pladurgell\/wp-content\/uploads\/usu1141\/2024\/01\/PALETA-COLORS-INFORMATIU.png 500w, https:\/\/serveiseducatius.xtec.cat\/pladurgell\/wp-content\/uploads\/usu1141\/2024\/01\/PALETA-COLORS-INFORMATIU-300x300.png 300w, https:\/\/serveiseducatius.xtec.cat\/pladurgell\/wp-content\/uploads\/usu1141\/2024\/01\/PALETA-COLORS-INFORMATIU-150x150.png 150w\" sizes=\"auto, (max-width: 182px) 100vw, 182px\" \/><\/h5>\n<\/td>\n<td style=\"width: 72.5146%; height: 10px; border-style: none; border-color: #ffffff;\" colspan=\"3\">&nbsp;<\/p>\n<ul>\n<li><strong>Fins el 4 d&#8217;octubre<\/strong>, inscripcions al taller <a href=\"https:\/\/fbernadet.org\/producto\/abus-sexual-infantil-abordatge-des-dels-centres-educatius-4259\/?_gl=1*3r8y8h*_up*MQ..*_ga*OTAxNDc4NTI0LjE3MjY0NzkzMzE.*_ga_TW0C1ENK99*MTcyNjQ3OTMzMC4xLjEuMTcyNjQ3OTUzMy4wLjAuMA\" target=\"_blank\" rel=\"noopener\">Ab\u00fas sexual infantil. Abordatge des dels centres educatius<\/a>, de Mollerussa<\/li>\n<li><strong>14 al 27 d&#8217;octubre<\/strong>, <a href=\"https:\/\/codeweek.eu\/\" target=\"_blank\" rel=\"noopener\"><strong>EU Code Week<\/strong><\/a><\/li>\n<li><strong>Fins el 15 d&#8217;octubre<\/strong>,<a href=\"https:\/\/aplicacions.gestioeducativa.gencat.cat\/pls\/soloas\/pk_for_mod_ins.p_for_exhaustiu_activitat?p_header=Detall%20d%27activitat%5Epk_for_mod_ins.p_for_detall_activitat?p_codi=6004000506%26p_curs=2024-2025%26p_es_inscr=S&amp;p_codi=6004000506&amp;p_curs=2024-2025&amp;p_es_inscr=S\" target=\"_blank\" rel=\"noopener\"> inscripcions al Programa <strong>Petits talents cient\u00edfics<\/strong><\/a><\/li>\n<li><strong>Fins el 16 d&#8217;octubre<\/strong>, <a href=\"https:\/\/memoria.gencat.cat\/ca\/tramits\/detalls\/tramit\/Premi-de-Recerca-en-Memoria-Democratica-00001?moda=1\" target=\"_blank\" rel=\"noopener\">10a edici\u00f3 <strong>Premi de Recerca en Mem\u00f2ria <span class=\"il\">Democr<\/span>\u00e0tica<\/strong>\u00a0 <\/a>per a Batxillerat<\/li>\n<li><strong>24 al 31 d&#8217;octubre<\/strong>, <a href=\"https:\/\/projectes.xtec.cat\/canaldereporters\/setmana-ami\/\" target=\"_blank\" rel=\"noopener\">Setmana Mundial AMI<\/a> &#8211; Canal de reporters<\/li>\n<li><strong>De l&#8217;1 al 31 d&#8217;octubre<\/strong>, inscripcions <a href=\"https:\/\/www.lecturaenveualta.cat\/certamen-de-lectura-en-veu-alta-escolar\/\" target=\"_blank\" rel=\"noopener\"><strong>XXI Certamen de lectura en Veu Alta<\/strong><\/a><\/li>\n<\/ul>\n<\/td>\n<\/tr>\n<tr style=\"height: 49px;\">\n<td style=\"background-color: #f4cf72; height: 49px; border-style: none; border-color: #ffffff; width: 47.8805%;\" colspan=\"2\">\n<h4 style=\"text-align: center;\"><strong style=\"color: #000000;\">PLA DE FORMACI\u00d3 DE ZONA<\/strong><\/h4>\n<\/td>\n<td style=\"background-color: #d8e8f8; border-style: none; border-color: #ffffff; width: 48.8304%; height: 49px;\" colspan=\"2\">\n<h4 style=\"text-align: center;\"><strong style=\"color: #000000;\">ALTRES FORMACIONS i PROGRAMES<\/strong><\/h4>\n<\/td>\n<\/tr>\n<tr style=\"height: 212px;\">\n<td style=\"height: 10px; vertical-align: top; border-style: none; border-color: #ffffff; background-color: #ffffff; width: 47.8805%;\" colspan=\"2\"><img loading=\"lazy\" decoding=\"async\" class=\"wp-image-12069 aligncenter\" src=\"https:\/\/serveiseducatius.xtec.cat\/pladurgell\/wp-content\/uploads\/usu1141\/2020\/09\/PFZ_gran_trans-300x247-1.png\" alt=\"\" width=\"100\" height=\"82\" \/><\/p>\n<ul>\n<li><strong>09.10.24<\/strong> Seminari de secretaria de centres<\/li>\n<li><strong>14.10.24<\/strong> Seminari d&#8217;escoles Bressol<\/li>\n<li><strong>15.10.24<\/strong> Seminari de Matem\u00e0tiques<\/li>\n<li><strong>16.10.24<\/strong> Seminari de Caps d&#8217;estudis<\/li>\n<li><strong>16.10.24<\/strong> Seminari llengua anglesa<\/li>\n<li><strong>16.10.24<\/strong> Seminari d&#8217;Aules d&#8217;Acollida<\/li>\n<li><strong>17.10.24<\/strong> Seminari de Direcci\u00f3 escolar<\/li>\n<li><strong>17.10.24<\/strong> Seminari de m\u00fasica &#8211; Prim\u00e0ria<\/li>\n<li><strong>17.10.24<\/strong> Subxarxa coordinaci\u00f3 digital de centre<\/li>\n<li><strong>21.10.24<\/strong> Seminari de Mestres de suport a la inclusi\u00f3<\/li>\n<li><strong>22.10.24<\/strong> Seminari d&#8217;educaci\u00f3 f\u00edsica &#8211; Secund\u00e0ria<\/li>\n<li><strong>22.10.24<\/strong> Seminari d\u2019educaci\u00f3 f\u00edsica &#8211; Prim\u00e0ria<\/li>\n<li><strong>23.10.24<\/strong> Seminari de m\u00fasica &#8211; Secund\u00e0ria<\/li>\n<li><strong>23.10.23<\/strong> Seminari d\u2019educaci\u00f3 per a la sostenibilitat<\/li>\n<li><strong>24.10.24<\/strong> Subxarxa comissi\u00f3 digital de centre<\/li>\n<\/ul>\n<\/td>\n<td style=\"vertical-align: top; border-style: none; border-color: #ffffff; background-color: #ffffff; width: 24.3421%; height: 10px;\"><a href=\"https:\/\/serveiseducatius.xtec.cat\/pladurgell\/general\/programa-suport-vital-basic\/\" target=\"_blank\" rel=\"noopener\"><img loading=\"lazy\" decoding=\"async\" class=\"aligncenter wp-image-19779\" src=\"https:\/\/serveiseducatius.xtec.cat\/pladurgell\/wp-content\/uploads\/usu1141\/2024\/09\/svb-1.png\" alt=\"\" width=\"390\" height=\"81\" srcset=\"https:\/\/serveiseducatius.xtec.cat\/pladurgell\/wp-content\/uploads\/usu1141\/2024\/09\/svb-1.png 745w, https:\/\/serveiseducatius.xtec.cat\/pladurgell\/wp-content\/uploads\/usu1141\/2024\/09\/svb-1-300x62.png 300w\" sizes=\"auto, (max-width: 390px) 100vw, 390px\" \/><\/a><\/p>\n<p style=\"text-align: center;\"><a href=\"https:\/\/serveiseducatius.xtec.cat\/pladurgell\/general\/programa-suport-vital-basic\/\" target=\"_blank\" rel=\"noopener\"><strong>FORMACIONS DE SVB<\/strong><\/a><\/p>\n<\/td>\n<td style=\"vertical-align: top; border-style: none; border-color: #ffffff; background-color: #ffffff; width: 24.4883%; height: 10px;\">\n<p style=\"text-align: center;\"><a href=\"https:\/\/fundaciorecerca.cat\/ca\/vocacions-cientifiques\/petits-talents-cientifics\/petits-talents-cientifics-lleida\/\"><img loading=\"lazy\" decoding=\"async\" class=\"size-full wp-image-19809 aligncenter\" src=\"https:\/\/serveiseducatius.xtec.cat\/pladurgell\/wp-content\/uploads\/usu1141\/2024\/10\/ptc.png\" alt=\"\" width=\"159\" height=\"163\" \/><\/a><\/p>\n<p style=\"text-align: center;\"><a href=\"https:\/\/fundaciorecerca.cat\/ca\/vocacions-cientifiques\/petits-talents-cientifics\/petits-talents-cientifics-lleida\/\" target=\"_blank\" rel=\"noopener\"><strong>Petits Talents cient\u00edfics Lleida<\/strong><\/a><\/p>\n<\/td>\n<\/tr>\n<tr style=\"height: 49px;\">\n<td style=\"background-color: #f29de1; height: 49px; border-style: none; border-color: #ffffff; width: 47.8805%;\" colspan=\"2\">\n<h4 style=\"text-align: center;\"><strong style=\"color: #000000;\">PENSAMENT COMPUTACIONAL<br \/>\n<\/strong><\/h4>\n<\/td>\n<td style=\"background-color: #a6baf5; border-style: none; border-color: #ffffff; height: 49px; width: 24.3421%;\">\n<h4 style=\"text-align: center;\"><strong style=\"color: #000000;\">NOVA MALETA NANOEXPLORA<br \/>\n<\/strong><\/h4>\n<\/td>\n<td style=\"background-color: #f89c7d; border-style: none; border-color: #ffffff; width: 24.4883%; height: 49px;\">\n<h4 style=\"text-align: center;\"><strong style=\"color: #000000;\">FLORENCE<br \/>\n<\/strong><\/h4>\n<\/td>\n<\/tr>\n<tr style=\"height: 45px;\">\n<td style=\"vertical-align: top; border-style: none; border-color: #ffffff; background-color: #ffffff; width: 24.1963%; height: 45px;\">&nbsp;<\/p>\n<p><a href=\"https:\/\/drive.google.com\/file\/d\/1nFTzGoCGyyNepWqGxDi6tp04NiJJuGfw\/view\" target=\"_blank\" rel=\"noopener\"><img loading=\"lazy\" decoding=\"async\" class=\"aligncenter wp-image-19785 size-full\" src=\"https:\/\/serveiseducatius.xtec.cat\/pladurgell\/wp-content\/uploads\/usu1141\/2024\/09\/PCnou.png\" alt=\"\" width=\"725\" height=\"1024\" srcset=\"https:\/\/serveiseducatius.xtec.cat\/pladurgell\/wp-content\/uploads\/usu1141\/2024\/09\/PCnou.png 725w, https:\/\/serveiseducatius.xtec.cat\/pladurgell\/wp-content\/uploads\/usu1141\/2024\/09\/PCnou-212x300.png 212w\" sizes=\"auto, (max-width: 725px) 100vw, 725px\" \/><\/a><\/td>\n<td style=\"vertical-align: top; border-style: none; border-color: #ffffff; background-color: #ffffff; width: 23.6842%; height: 45px;\">&nbsp;<\/p>\n<p><figure id=\"attachment_19786\" aria-describedby=\"caption-attachment-19786\" style=\"width: 300px\" class=\"wp-caption aligncenter\"><a href=\"https:\/\/projectes.xtec.cat\/pensament-computacional\/activitats-robotica\/cataleg-activitats-robotica\/\" target=\"_blank\" rel=\"noopener\"><img loading=\"lazy\" decoding=\"async\" class=\"wp-image-19786 size-full\" src=\"https:\/\/serveiseducatius.xtec.cat\/pladurgell\/wp-content\/uploads\/usu1141\/2024\/09\/Activitats-cataleg.png\" alt=\"\" width=\"300\" height=\"300\" srcset=\"https:\/\/serveiseducatius.xtec.cat\/pladurgell\/wp-content\/uploads\/usu1141\/2024\/09\/Activitats-cataleg.png 300w, https:\/\/serveiseducatius.xtec.cat\/pladurgell\/wp-content\/uploads\/usu1141\/2024\/09\/Activitats-cataleg-150x150.png 150w\" sizes=\"auto, (max-width: 300px) 100vw, 300px\" \/><\/a><figcaption id=\"caption-attachment-19786\" class=\"wp-caption-text\"><a href=\"https:\/\/projectes.xtec.cat\/pensament-computacional\/activitats-robotica\/cataleg-activitats-robotica\/\" target=\"_blank\" rel=\"noopener\"> <strong>CAT\u00c0LEG D&#8217;ACTIVITATS DE ROB\u00d2TICA<\/strong><\/a><\/figcaption><\/figure><\/td>\n<td style=\"vertical-align: top; border-style: none; border-color: #ffffff; background-color: #ffffff; height: 45px; width: 24.3421%;\">\n<h5><a href=\"https:\/\/serveiseducatius.xtec.cat\/pladurgell\/general\/maleta-nanoexplora\/\" target=\"_blank\" rel=\"noopener\"><img loading=\"lazy\" decoding=\"async\" class=\"aligncenter wp-image-19808 size-large\" src=\"https:\/\/serveiseducatius.xtec.cat\/pladurgell\/wp-content\/uploads\/usu1141\/2024\/10\/Disseny-sense-titol6-1024x724.png\" alt=\"\" width=\"1024\" height=\"724\" srcset=\"https:\/\/serveiseducatius.xtec.cat\/pladurgell\/wp-content\/uploads\/usu1141\/2024\/10\/Disseny-sense-titol6-1024x724.png 1024w, https:\/\/serveiseducatius.xtec.cat\/pladurgell\/wp-content\/uploads\/usu1141\/2024\/10\/Disseny-sense-titol6-300x212.png 300w, https:\/\/serveiseducatius.xtec.cat\/pladurgell\/wp-content\/uploads\/usu1141\/2024\/10\/Disseny-sense-titol6-768x543.png 768w, https:\/\/serveiseducatius.xtec.cat\/pladurgell\/wp-content\/uploads\/usu1141\/2024\/10\/Disseny-sense-titol6-1536x1086.png 1536w, https:\/\/serveiseducatius.xtec.cat\/pladurgell\/wp-content\/uploads\/usu1141\/2024\/10\/Disseny-sense-titol6.png 2000w\" sizes=\"auto, (max-width: 1024px) 100vw, 1024px\" \/><\/a><\/h5>\n<p style=\"text-align: center;\"><strong>FORMACI\u00d3 PR\u00c8VIA DE 3 SESSIONS REQUERIDA PER AL SEU PR\u00c9STEC<\/strong><\/p>\n<p style=\"text-align: center;\">INTERESSATS CONSULTEU AL CRP<\/p>\n<h5><\/h5>\n<\/td>\n<td style=\"vertical-align: top; border-style: none; border-color: #ffffff; background-color: #ffffff; width: 24.4883%; height: 45px;\"><a href=\"https:\/\/projectes.xtec.cat\/nou-curriculum\/educacio-basica\/projecte-florence\/\" target=\"_blank\" rel=\"noopener\"><img loading=\"lazy\" decoding=\"async\" class=\"aligncenter wp-image-19780 size-full\" src=\"https:\/\/serveiseducatius.xtec.cat\/pladurgell\/wp-content\/uploads\/usu1141\/2024\/09\/florenceLogo.png\" alt=\"\" width=\"750\" height=\"225\" srcset=\"https:\/\/serveiseducatius.xtec.cat\/pladurgell\/wp-content\/uploads\/usu1141\/2024\/09\/florenceLogo.png 750w, https:\/\/serveiseducatius.xtec.cat\/pladurgell\/wp-content\/uploads\/usu1141\/2024\/09\/florenceLogo-300x90.png 300w\" sizes=\"auto, (max-width: 750px) 100vw, 750px\" \/><\/a><\/p>\n<p><strong>Durant el mes d&#8217;octubre nova convocat\u00f2ria al<a href=\"https:\/\/projectes.xtec.cat\/nou-curriculum\/educacio-basica\/projecte-florence\/\" target=\"_blank\" rel=\"noopener\"> Programa Florence de Matem\u00e0tiques<\/a><\/strong><\/td>\n<\/tr>\n<tr style=\"height: 58px;\">\n<td style=\"border-style: none; border-color: #ffffff; background-color: #ebcdf7; vertical-align: top; height: 58px; width: 24.1963%;\">\n<h4 style=\"text-align: center;\"><strong style=\"color: #000000;\">DOSSIER LA BICI DE LA LOLA<\/strong><\/h4>\n<\/td>\n<td style=\"border-style: none; border-color: #ffffff; background-color: #a6d8d7; width: 72.5146%; vertical-align: top; height: 58px;\" colspan=\"3\">\n<h4 style=\"text-align: center;\"><strong style=\"color: #000000;\">PROPOSTES EDUCATIVES 24-25<\/strong><\/h4>\n<\/td>\n<\/tr>\n<tr style=\"height: 50px;\">\n<td style=\"vertical-align: top; border-style: none; border-color: #ffffff; background-color: #ffffff; height: 513px; width: 24.1963%;\">\n<h5><a href=\"https:\/\/serveiseducatius.xtec.cat\/pladurgell\/general\/la-bici-de-la-lola-album-i-guia-didactica\/\" target=\"_blank\" rel=\"noopener\"><img loading=\"lazy\" decoding=\"async\" class=\"aligncenter wp-image-19570 \" src=\"https:\/\/serveiseducatius.xtec.cat\/pladurgell\/wp-content\/uploads\/usu1141\/2024\/06\/61BdXW-81gL._AC_UF8941000_QL80_-e1719312005396.jpg\" alt=\"\" width=\"331\" height=\"391\" \/><\/a><\/h5>\n<\/td>\n<td style=\"vertical-align: top; border-style: none; border-color: #ffffff; background-color: #ffffff; width: 23.6842%; height: 513px;\">\n<h5><a href=\"https:\/\/serveiseducatius.xtec.cat\/pladurgell\/wp-content\/uploads\/usu1141\/2024\/09\/TEATRE-PER-A-INFANTS-24_25.png\" target=\"_blank\" rel=\"noopener\"><img loading=\"lazy\" decoding=\"async\" class=\"aligncenter wp-image-19802 size-large\" src=\"https:\/\/serveiseducatius.xtec.cat\/pladurgell\/wp-content\/uploads\/usu1141\/2024\/09\/TEATRE-PER-A-INFANTS-24_25-724x1024.png\" alt=\"\" width=\"724\" height=\"1024\" \/><\/a><\/h5>\n<\/td>\n<td style=\"vertical-align: top; border-style: none; border-color: #ffffff; background-color: #ffffff; height: 513px; width: 24.3421%;\"><a href=\"https:\/\/drive.google.com\/file\/d\/1KbKFguG_h2Sb5QuPIoXtn6Suv05lypKO\/view?usp=sharing\" target=\"_blank\" rel=\"noopener\"><img loading=\"lazy\" decoding=\"async\" class=\"aligncenter wp-image-19695\" src=\"https:\/\/serveiseducatius.xtec.cat\/pladurgell\/wp-content\/uploads\/usu1141\/2024\/09\/PROP.png\" alt=\"\" width=\"335\" height=\"481\" srcset=\"https:\/\/serveiseducatius.xtec.cat\/pladurgell\/wp-content\/uploads\/usu1141\/2024\/09\/PROP.png 544w, https:\/\/serveiseducatius.xtec.cat\/pladurgell\/wp-content\/uploads\/usu1141\/2024\/09\/PROP-209x300.png 209w\" sizes=\"auto, (max-width: 335px) 100vw, 335px\" \/><\/a><\/td>\n<td style=\"vertical-align: top; border-style: none; border-color: #ffffff; background-color: #ffffff; width: 24.4883%; height: 513px;\"><a href=\"https:\/\/serveiseducatius.xtec.cat\/pladurgell\/portada\/cupula-gustum-al-pla-durgell\/\"><img loading=\"lazy\" decoding=\"async\" class=\"aligncenter wp-image-16375 size-large\" src=\"https:\/\/serveiseducatius.xtec.cat\/pladurgell\/wp-content\/uploads\/usu1141\/2022\/10\/gustum-1024x680.jpg\" alt=\"\" width=\"1024\" height=\"680\" \/><\/a><\/p>\n<p style=\"text-align: center;\"><a href=\"https:\/\/serveiseducatius.xtec.cat\/pladurgell\/portada\/cupula-gustum-al-pla-durgell\/\" target=\"_blank\" rel=\"noopener\"><strong>C\u00daPULA GUSTUM AL PLA D&#8217;URGELL<\/strong><\/a><\/p>\n<\/td>\n<\/tr>\n<tr style=\"height: 58px;\">\n<td style=\"background-color: #e6887e; height: 58px; border-style: none; border-color: #ffffff; width: 96.7109%;\" colspan=\"4\">\n<h4 style=\"text-align: center;\"><strong style=\"color: #000000;\">RECOMANACIONS<\/strong><\/h4>\n<\/td>\n<\/tr>\n<tr style=\"height: 50px;\">\n<td style=\"width: 24.1963%; height: 95px; vertical-align: top; border-style: none; border-color: #ffffff; background-color: #ffffff; text-align: center;\"><a href=\"https:\/\/serveiseducatius.xtec.cat\/pladurgell\/wp-content\/uploads\/usu1141\/2024\/09\/Publicacions-1r-TRI-24-25.png\" target=\"_blank\" rel=\"noopener\"><img loading=\"lazy\" decoding=\"async\" class=\"aligncenter wp-image-19754 size-large\" src=\"https:\/\/serveiseducatius.xtec.cat\/pladurgell\/wp-content\/uploads\/usu1141\/2024\/09\/Publicacions-1r-TRI-24-25-1024x1024.png\" alt=\"\" width=\"1024\" height=\"1024\" srcset=\"https:\/\/serveiseducatius.xtec.cat\/pladurgell\/wp-content\/uploads\/usu1141\/2024\/09\/Publicacions-1r-TRI-24-25-1024x1024.png 1024w, https:\/\/serveiseducatius.xtec.cat\/pladurgell\/wp-content\/uploads\/usu1141\/2024\/09\/Publicacions-1r-TRI-24-25-300x300.png 300w, https:\/\/serveiseducatius.xtec.cat\/pladurgell\/wp-content\/uploads\/usu1141\/2024\/09\/Publicacions-1r-TRI-24-25-150x150.png 150w, https:\/\/serveiseducatius.xtec.cat\/pladurgell\/wp-content\/uploads\/usu1141\/2024\/09\/Publicacions-1r-TRI-24-25-768x768.png 768w, https:\/\/serveiseducatius.xtec.cat\/pladurgell\/wp-content\/uploads\/usu1141\/2024\/09\/Publicacions-1r-TRI-24-25.png 1080w\" sizes=\"auto, (max-width: 1024px) 100vw, 1024px\" \/><\/a><\/p>\n<p>&nbsp;<\/td>\n<td style=\"width: 23.6842%; height: 95px; vertical-align: top; border-style: none; border-color: #ffffff; background-color: #ffffff;\">&nbsp;<\/p>\n<p style=\"text-align: center;\"><a href=\"https:\/\/serveiseducatius.xtec.cat\/pladurgell\/wp-content\/uploads\/usu1141\/2024\/09\/programaeducatiu_museudelleida_2024_25_CA.pdf\" target=\"_blank\" rel=\"noopener\"><img loading=\"lazy\" decoding=\"async\" class=\"aligncenter wp-image-19755 size-full\" src=\"https:\/\/serveiseducatius.xtec.cat\/pladurgell\/wp-content\/uploads\/usu1141\/2024\/09\/MUSEUll.png\" alt=\"\" width=\"513\" height=\"736\" srcset=\"https:\/\/serveiseducatius.xtec.cat\/pladurgell\/wp-content\/uploads\/usu1141\/2024\/09\/MUSEUll.png 513w, https:\/\/serveiseducatius.xtec.cat\/pladurgell\/wp-content\/uploads\/usu1141\/2024\/09\/MUSEUll-209x300.png 209w\" sizes=\"auto, (max-width: 513px) 100vw, 513px\" \/><\/a><\/p>\n<\/td>\n<td style=\"height: 95px; vertical-align: top; border-style: none; border-color: #ffffff; background-color: #ffffff; width: 24.3421%; text-align: center;\"><a href=\"https:\/\/cienciaciutadana.museudelesaigues.cat\/\" target=\"_blank\" rel=\"noopener\"><img loading=\"lazy\" decoding=\"async\" class=\"wp-image-19757 alignnone\" src=\"https:\/\/serveiseducatius.xtec.cat\/pladurgell\/wp-content\/uploads\/usu1141\/2024\/09\/aigua.png\" alt=\"\" width=\"361\" height=\"324\" srcset=\"https:\/\/serveiseducatius.xtec.cat\/pladurgell\/wp-content\/uploads\/usu1141\/2024\/09\/aigua.png 903w, https:\/\/serveiseducatius.xtec.cat\/pladurgell\/wp-content\/uploads\/usu1141\/2024\/09\/aigua-300x269.png 300w, https:\/\/serveiseducatius.xtec.cat\/pladurgell\/wp-content\/uploads\/usu1141\/2024\/09\/aigua-768x689.png 768w\" sizes=\"auto, (max-width: 361px) 100vw, 361px\" \/><\/a><\/td>\n<td style=\"vertical-align: top; border-style: none; border-color: #ffffff; background-color: #ffffff; width: 24.4883%; height: 95px;\">\n<p style=\"text-align: center;\"><a href=\"https:\/\/serveiseducatius.xtec.cat\/pladurgell\/wp-content\/uploads\/usu1141\/2024\/09\/Estrat_regulacio-conducta_SET24.pdf\" target=\"_blank\" rel=\"noopener\"><img loading=\"lazy\" decoding=\"async\" class=\"aligncenter wp-image-19787 size-full\" src=\"https:\/\/serveiseducatius.xtec.cat\/pladurgell\/wp-content\/uploads\/usu1141\/2024\/09\/COND.png\" alt=\"\" width=\"628\" height=\"889\" srcset=\"https:\/\/serveiseducatius.xtec.cat\/pladurgell\/wp-content\/uploads\/usu1141\/2024\/09\/COND.png 628w, https:\/\/serveiseducatius.xtec.cat\/pladurgell\/wp-content\/uploads\/usu1141\/2024\/09\/COND-212x300.png 212w\" sizes=\"auto, (max-width: 628px) 100vw, 628px\" \/><\/a><\/p>\n<\/td>\n<\/tr>\n<tr style=\"height: 95px;\">\n<td style=\"width: 24.1963%; vertical-align: top; border-style: none; border-color: #ffffff; background-color: #ffffff; text-align: center; height: 95px;\"><strong><a href=\"https:\/\/serveiseducatius.xtec.cat\/pladurgell\/general\/xxi-certamen-de-lectura-en-veu-alta\/\" target=\"_blank\" rel=\"noopener\"><img loading=\"lazy\" decoding=\"async\" class=\"aligncenter wp-image-19610 size-full\" src=\"https:\/\/serveiseducatius.xtec.cat\/pladurgell\/wp-content\/uploads\/usu1141\/2024\/08\/veu-alta-escolar.png\" alt=\"\" width=\"504\" height=\"160\" srcset=\"https:\/\/serveiseducatius.xtec.cat\/pladurgell\/wp-content\/uploads\/usu1141\/2024\/08\/veu-alta-escolar.png 504w, https:\/\/serveiseducatius.xtec.cat\/pladurgell\/wp-content\/uploads\/usu1141\/2024\/08\/veu-alta-escolar-300x95.png 300w\" sizes=\"auto, (max-width: 504px) 100vw, 504px\" \/><\/a><\/strong><\/p>\n<p><a href=\"https:\/\/serveiseducatius.xtec.cat\/pladurgell\/general\/xxi-certamen-de-lectura-en-veu-alta\/\" target=\"_blank\" rel=\"noopener\"><strong>XXI Certamen de lectura en Veu Alta<\/strong><\/a><\/p>\n<p><strong>Lectures curs 2024-2025<\/strong><\/td>\n<td style=\"width: 23.6842%; vertical-align: top; border-style: none; border-color: #ffffff; background-color: #ffffff; height: 95px;\"><a href=\"https:\/\/serveiseducatius.xtec.cat\/cesire\/category\/matematiques\/\" target=\"_blank\" rel=\"noopener\"><img loading=\"lazy\" decoding=\"async\" class=\"aligncenter wp-image-19791 size-full\" src=\"https:\/\/serveiseducatius.xtec.cat\/pladurgell\/wp-content\/uploads\/usu1141\/2024\/09\/cream2.png\" alt=\"\" width=\"374\" height=\"152\" srcset=\"https:\/\/serveiseducatius.xtec.cat\/pladurgell\/wp-content\/uploads\/usu1141\/2024\/09\/cream2.png 374w, https:\/\/serveiseducatius.xtec.cat\/pladurgell\/wp-content\/uploads\/usu1141\/2024\/09\/cream2-300x122.png 300w\" sizes=\"auto, (max-width: 374px) 100vw, 374px\" \/><img loading=\"lazy\" decoding=\"async\" class=\"aligncenter wp-image-19790 size-full\" src=\"https:\/\/serveiseducatius.xtec.cat\/pladurgell\/wp-content\/uploads\/usu1141\/2024\/09\/creamat.png\" alt=\"\" width=\"797\" height=\"243\" srcset=\"https:\/\/serveiseducatius.xtec.cat\/pladurgell\/wp-content\/uploads\/usu1141\/2024\/09\/creamat.png 797w, https:\/\/serveiseducatius.xtec.cat\/pladurgell\/wp-content\/uploads\/usu1141\/2024\/09\/creamat-300x91.png 300w, https:\/\/serveiseducatius.xtec.cat\/pladurgell\/wp-content\/uploads\/usu1141\/2024\/09\/creamat-768x234.png 768w\" sizes=\"auto, (max-width: 797px) 100vw, 797px\" \/><\/a><\/td>\n<td style=\"vertical-align: top; border-style: none; border-color: #ffffff; background-color: #ffffff; height: 95px; width: 24.3421%;\"><a href=\"https:\/\/solidaritat.santjoandedeu.org\/ca\/sensibilitzacio\/educaSJD\/\" target=\"_blank\" rel=\"noopener\"><img loading=\"lazy\" decoding=\"async\" class=\"aligncenter wp-image-19793 size-full\" src=\"https:\/\/serveiseducatius.xtec.cat\/pladurgell\/wp-content\/uploads\/usu1141\/2024\/09\/edusjd.png\" alt=\"\" width=\"284\" height=\"73\" \/><\/a><a href=\"https:\/\/solidaritat.santjoandedeu.org\/ca\/sensibilitzacio\/educaSJD\/\" target=\"_blank\" rel=\"noopener\"><img loading=\"lazy\" decoding=\"async\" class=\"aligncenter wp-image-19792 size-full\" src=\"https:\/\/serveiseducatius.xtec.cat\/pladurgell\/wp-content\/uploads\/usu1141\/2024\/09\/sjd.png\" alt=\"\" width=\"200\" height=\"30\" \/><\/a><\/td>\n<td style=\"vertical-align: top; border-style: none; border-color: #ffffff; background-color: #ffffff; width: 24.4883%; height: 95px;\"><a href=\"https:\/\/serveiseducatius.xtec.cat\/pladurgell\/wp-content\/uploads\/usu1141\/2024\/09\/Unicef24_25.pdf\" target=\"_blank\" rel=\"noopener\"><img loading=\"lazy\" decoding=\"async\" class=\"aligncenter wp-image-19794 size-full\" src=\"https:\/\/serveiseducatius.xtec.cat\/pladurgell\/wp-content\/uploads\/usu1141\/2024\/09\/actsunic.png\" alt=\"\" width=\"637\" height=\"464\" srcset=\"https:\/\/serveiseducatius.xtec.cat\/pladurgell\/wp-content\/uploads\/usu1141\/2024\/09\/actsunic.png 637w, https:\/\/serveiseducatius.xtec.cat\/pladurgell\/wp-content\/uploads\/usu1141\/2024\/09\/actsunic-300x219.png 300w\" sizes=\"auto, (max-width: 637px) 100vw, 637px\" \/><\/a><\/td>\n<\/tr>\n<\/tbody>\n<\/table>\n<p>&nbsp;<\/p>\n","protected":false},"excerpt":{"rendered":"","protected":false},"author":1,"featured_media":0,"comment_status":"closed","ping_status":"closed","sticky":false,"template":"","format":"standard","meta":{"_bbp_topic_count":0,"_bbp_reply_count":0,"_bbp_total_topic_count":0,"_bbp_total_reply_count":0,"_bbp_voice_count":0,"_bbp_anonymous_reply_count":0,"_bbp_topic_count_hidden":0,"_bbp_reply_count_hidden":0,"_bbp_forum_subforum_count":0,"site-sidebar-layout":"default","site-content-layout":"","ast-site-content-layout":"","site-content-style":"default","site-sidebar-style":"default","ast-global-header-display":"","ast-banner-title-visibility":"","ast-main-header-display":"","ast-hfb-above-header-display":"","ast-hfb-below-header-display":"","ast-hfb-mobile-header-display":"","site-post-title":"","ast-breadcrumbs-content":"","ast-featured-img":"","footer-sml-layout":"","theme-transparent-header-meta":"","adv-header-id-meta":"","stick-header-meta":"","header-above-stick-meta":"","header-main-stick-meta":"","header-below-stick-meta":"","astra-migrate-meta-layouts":"default","ast-page-background-enabled":"default","ast-page-background-meta":{"desktop":{"background-color":"var(--ast-global-color-4)","background-image":"","background-repeat":"repeat","background-position":"center center","background-size":"auto","background-attachment":"scroll","background-type":"","background-media":"","overlay-type":"","overlay-color":"","overlay-opacity":"","overlay-gradient":""},"tablet":{"background-color":"","background-image":"","background-repeat":"repeat","background-position":"center center","background-size":"auto","background-attachment":"scroll","background-type":"","background-media":"","overlay-type":"","overlay-color":"","overlay-opacity":"","overlay-gradient":""},"mobile":{"background-color":"","background-image":"","background-repeat":"repeat","background-position":"center center","background-size":"auto","background-attachment":"scroll","background-type":"","background-media":"","overlay-type":"","overlay-color":"","overlay-opacity":"","overlay-gradient":""}},"ast-content-background-meta":{"desktop":{"background-color":"var(--ast-global-color-5)","background-image":"","background-repeat":"repeat","background-position":"center center","background-size":"auto","background-attachment":"scroll","background-type":"","background-media":"","overlay-type":"","overlay-color":"","overlay-opacity":"","overlay-gradient":""},"tablet":{"background-color":"var(--ast-global-color-5)","background-image":"","background-repeat":"repeat","background-position":"center center","background-size":"auto","background-attachment":"scroll","background-type":"","background-media":"","overlay-type":"","overlay-color":"","overlay-opacity":"","overlay-gradient":""},"mobile":{"background-color":"var(--ast-global-color-5)","background-image":"","background-repeat":"repeat","background-position":"center center","background-size":"auto","background-attachment":"scroll","background-type":"","background-media":"","overlay-type":"","overlay-color":"","overlay-opacity":"","overlay-gradient":""}},"footnotes":""},"categories":[1,303,29],"tags":[423,352],"class_list":["post-19745","post","type-post","status-publish","format-standard","hentry","category-general","category-fulls-informatius","category-portada","tag-informatiu","tag-full-informatiu"],"post_mailing_queue_ids":[],"_links":{"self":[{"href":"https:\/\/serveiseducatius.xtec.cat\/pladurgell\/wp-json\/wp\/v2\/posts\/19745","targetHints":{"allow":["GET"]}}],"collection":[{"href":"https:\/\/serveiseducatius.xtec.cat\/pladurgell\/wp-json\/wp\/v2\/posts"}],"about":[{"href":"https:\/\/serveiseducatius.xtec.cat\/pladurgell\/wp-json\/wp\/v2\/types\/post"}],"author":[{"embeddable":true,"href":"https:\/\/serveiseducatius.xtec.cat\/pladurgell\/wp-json\/wp\/v2\/users\/1"}],"replies":[{"embeddable":true,"href":"https:\/\/serveiseducatius.xtec.cat\/pladurgell\/wp-json\/wp\/v2\/comments?post=19745"}],"version-history":[{"count":6,"href":"https:\/\/serveiseducatius.xtec.cat\/pladurgell\/wp-json\/wp\/v2\/posts\/19745\/revisions"}],"predecessor-version":[{"id":19888,"href":"https:\/\/serveiseducatius.xtec.cat\/pladurgell\/wp-json\/wp\/v2\/posts\/19745\/revisions\/19888"}],"wp:attachment":[{"href":"https:\/\/serveiseducatius.xtec.cat\/pladurgell\/wp-json\/wp\/v2\/media?parent=19745"}],"wp:term":[{"taxonomy":"category","embeddable":true,"href":"https:\/\/serveiseducatius.xtec.cat\/pladurgell\/wp-json\/wp\/v2\/categories?post=19745"},{"taxonomy":"post_tag","embeddable":true,"href":"https:\/\/serveiseducatius.xtec.cat\/pladurgell\/wp-json\/wp\/v2\/tags?post=19745"}],"curies":[{"name":"wp","href":"https:\/\/api.w.org\/{rel}","templated":true}]}}