{"id":19196,"date":"2024-04-16T08:00:33","date_gmt":"2024-04-16T06:00:33","guid":{"rendered":"https:\/\/serveiseducatius.xtec.cat\/pladurgell\/?p=19196"},"modified":"2024-04-15T12:35:29","modified_gmt":"2024-04-15T10:35:29","slug":"emocio-i-creativitat-un-cami-cap-a-la-prevencio-de-lassetjament-escolar","status":"publish","type":"post","link":"https:\/\/serveiseducatius.xtec.cat\/pladurgell\/portada\/emocio-i-creativitat-un-cami-cap-a-la-prevencio-de-lassetjament-escolar\/","title":{"rendered":"Emoci\u00f3 i creativitat, un cam\u00ed cap a la prevenci\u00f3 de l&#8217;assetjament escolar"},"content":{"rendered":"<p dir=\"ltr\"><img loading=\"lazy\" decoding=\"async\" class=\"aligncenter wp-image-19197\" src=\"https:\/\/serveiseducatius.xtec.cat\/pladurgell\/wp-content\/uploads\/usu1141\/2024\/04\/Jornada-formativa-per-a-docents.png\" alt=\"\" width=\"526\" height=\"372\" \/><\/p>\n<p dir=\"ltr\"><span style=\"font-family: arial, sans-serif;\">L&#8217;equip t\u00e8cnic del programa <\/span><span style=\"color: #00ccff;\">#aquiproubullying<\/span> ha preparat una Jornada formativa en commemoraci\u00f3 del dia Internacional contra l&#8217;Assetjament Escolar oberta per a tots els docents.<\/p>\n<p dir=\"ltr\">La jornada de sensibilitzaci\u00f3 tindr\u00e0 lloc el\u00a0dissabte 4 de maig de 9:30 h a 14 h al recinte de la Fabra i Coats de Barcelona, sota el t\u00edtol\u00a0<strong>Emoci\u00f3 i creativitat, un cam\u00ed cap a la prevenci\u00f3 de l&#8217;assetjament escolar.<\/strong><\/p>\n<p dir=\"ltr\">L&#8217;objectiu de la formaci\u00f3 \u00e9s actualitzar el treball preventiu en el fenomen de l\u2019assetjament escolar i el ciberassetjament i dotar d\u2019eines als docents per a dinamitzar activitats sensibilitzadores vivencials a l&#8217;aula.<\/p>\n<p dir=\"ltr\">Us enllacem tota la <a href=\"https:\/\/projectes.xtec.cat\/convivenciapositiva\/general\/jornada-pel-dia-internacional-contra-lassetjament-escolar\/\" target=\"_blank\" rel=\"noopener\" data-saferedirecturl=\"https:\/\/www.google.com\/url?q=https:\/\/projectes.xtec.cat\/convivenciapositiva\/general\/jornada-pel-dia-internacional-contra-lassetjament-escolar\/&amp;source=gmail&amp;ust=1713255048753000&amp;usg=AOvVaw2Sll4l5deJbyb6IH-xra_j\">informaci\u00f3 sobre l\u2019esdeveniment<\/a>\u00a0i el\u00a0<a href=\"https:\/\/forms.gle\/h9CupsZu8uq1B1hG8\" target=\"_blank\" rel=\"noopener\" data-saferedirecturl=\"https:\/\/www.google.com\/url?q=https:\/\/forms.gle\/h9CupsZu8uq1B1hG8&amp;source=gmail&amp;ust=1713255048753000&amp;usg=AOvVaw2k88e6Ti9l7Hz3qV9TG24W\">formulari d\u2019inscripci\u00f3<\/a>.\u00a0Per\u00edode d&#8217;inscripci\u00f3 del 5 al 25 d&#8217;abril.<\/p>\n<p dir=\"ltr\">Us compartim aquest<a href=\"https:\/\/xtec.gencat.cat\/ca\/centres\/celebracions\/2024\/dia-internacional-assetjament-escolar\/\"> enlla\u00e7<\/a> on trobareu recursos per treballar amb l&#8217;alumnat.<\/p>\n","protected":false},"excerpt":{"rendered":"<p>L&#8217;equip t\u00e8cnic del programa #aquiproubullying ha preparat una Jornada formativa en commemoraci\u00f3 del dia Internacional contra l&#8217;Assetjament Escolar oberta per [&hellip;]<\/p>\n","protected":false},"author":1,"featured_media":19197,"comment_status":"closed","ping_status":"closed","sticky":false,"template":"","format":"standard","meta":{"_bbp_topic_count":0,"_bbp_reply_count":0,"_bbp_total_topic_count":0,"_bbp_total_reply_count":0,"_bbp_voice_count":0,"_bbp_anonymous_reply_count":0,"_bbp_topic_count_hidden":0,"_bbp_reply_count_hidden":0,"_bbp_forum_subforum_count":0,"site-sidebar-layout":"default","site-content-layout":"","ast-site-content-layout":"","site-content-style":"default","site-sidebar-style":"default","ast-global-header-display":"","ast-banner-title-visibility":"","ast-main-header-display":"","ast-hfb-above-header-display":"","ast-hfb-below-header-display":"","ast-hfb-mobile-header-display":"","site-post-title":"","ast-breadcrumbs-content":"","ast-featured-img":"","footer-sml-layout":"","theme-transparent-header-meta":"","adv-header-id-meta":"","stick-header-meta":"","header-above-stick-meta":"","header-main-stick-meta":"","header-below-stick-meta":"","astra-migrate-meta-layouts":"default","ast-page-background-enabled":"default","ast-page-background-meta":{"desktop":{"background-color":"var(--ast-global-color-4)","background-image":"","background-repeat":"repeat","background-position":"center center","background-size":"auto","background-attachment":"scroll","background-type":"","background-media":"","overlay-type":"","overlay-color":"","overlay-opacity":"","overlay-gradient":""},"tablet":{"background-color":"","background-image":"","background-repeat":"repeat","background-position":"center center","background-size":"auto","background-attachment":"scroll","background-type":"","background-media":"","overlay-type":"","overlay-color":"","overlay-opacity":"","overlay-gradient":""},"mobile":{"background-color":"","background-image":"","background-repeat":"repeat","background-position":"center center","background-size":"auto","background-attachment":"scroll","background-type":"","background-media":"","overlay-type":"","overlay-color":"","overlay-opacity":"","overlay-gradient":""}},"ast-content-background-meta":{"desktop":{"background-color":"var(--ast-global-color-5)","background-image":"","background-repeat":"repeat","background-position":"center center","background-size":"auto","background-attachment":"scroll","background-type":"","background-media":"","overlay-type":"","overlay-color":"","overlay-opacity":"","overlay-gradient":""},"tablet":{"background-color":"var(--ast-global-color-5)","background-image":"","background-repeat":"repeat","background-position":"center center","background-size":"auto","background-attachment":"scroll","background-type":"","background-media":"","overlay-type":"","overlay-color":"","overlay-opacity":"","overlay-gradient":""},"mobile":{"background-color":"var(--ast-global-color-5)","background-image":"","background-repeat":"repeat","background-position":"center center","background-size":"auto","background-attachment":"scroll","background-type":"","background-media":"","overlay-type":"","overlay-color":"","overlay-opacity":"","overlay-gradient":""}},"footnotes":""},"categories":[364,29],"tags":[396,226,317],"class_list":["post-19196","post","type-post","status-publish","format-standard","has-post-thumbnail","hentry","category-convivencia","category-portada","tag-aquiproubullying","tag-formacio","tag-recursos-en-linia"],"post_mailing_queue_ids":[],"_links":{"self":[{"href":"https:\/\/serveiseducatius.xtec.cat\/pladurgell\/wp-json\/wp\/v2\/posts\/19196","targetHints":{"allow":["GET"]}}],"collection":[{"href":"https:\/\/serveiseducatius.xtec.cat\/pladurgell\/wp-json\/wp\/v2\/posts"}],"about":[{"href":"https:\/\/serveiseducatius.xtec.cat\/pladurgell\/wp-json\/wp\/v2\/types\/post"}],"author":[{"embeddable":true,"href":"https:\/\/serveiseducatius.xtec.cat\/pladurgell\/wp-json\/wp\/v2\/users\/1"}],"replies":[{"embeddable":true,"href":"https:\/\/serveiseducatius.xtec.cat\/pladurgell\/wp-json\/wp\/v2\/comments?post=19196"}],"version-history":[{"count":1,"href":"https:\/\/serveiseducatius.xtec.cat\/pladurgell\/wp-json\/wp\/v2\/posts\/19196\/revisions"}],"predecessor-version":[{"id":19198,"href":"https:\/\/serveiseducatius.xtec.cat\/pladurgell\/wp-json\/wp\/v2\/posts\/19196\/revisions\/19198"}],"wp:featuredmedia":[{"embeddable":true,"href":"https:\/\/serveiseducatius.xtec.cat\/pladurgell\/wp-json\/wp\/v2\/media\/19197"}],"wp:attachment":[{"href":"https:\/\/serveiseducatius.xtec.cat\/pladurgell\/wp-json\/wp\/v2\/media?parent=19196"}],"wp:term":[{"taxonomy":"category","embeddable":true,"href":"https:\/\/serveiseducatius.xtec.cat\/pladurgell\/wp-json\/wp\/v2\/categories?post=19196"},{"taxonomy":"post_tag","embeddable":true,"href":"https:\/\/serveiseducatius.xtec.cat\/pladurgell\/wp-json\/wp\/v2\/tags?post=19196"}],"curies":[{"name":"wp","href":"https:\/\/api.w.org\/{rel}","templated":true}]}}