{"id":18510,"date":"2024-01-31T12:54:17","date_gmt":"2024-01-31T11:54:17","guid":{"rendered":"https:\/\/serveiseducatius.xtec.cat\/pladurgell\/?p=18510"},"modified":"2024-02-14T16:55:24","modified_gmt":"2024-02-14T15:55:24","slug":"informatiu-febrer24","status":"publish","type":"post","link":"https:\/\/serveiseducatius.xtec.cat\/pladurgell\/general\/informatiu-febrer24\/","title":{"rendered":"Informatiu Febrer&#8217;24"},"content":{"rendered":"<h5 style=\"text-align: center;\"><strong><img loading=\"lazy\" decoding=\"async\" class=\"aligncenter size-full wp-image-18750\" src=\"https:\/\/serveiseducatius.xtec.cat\/pladurgell\/wp-content\/uploads\/usu1141\/2024\/01\/Capcalera-informatiu-1.png\" alt=\"\" width=\"1024\" height=\"307\" \/><\/strong><\/h5>\n<p><!--more--><\/p>\n<table style=\"height: 1369px; width: 99.2001%; border-color: #000000; border-style: hidden; background-color: #ffffff;\" cellspacing=\"10\">\n<tbody>\n<tr style=\"height: 58px;\">\n<td style=\"width: 98.3811%; height: 57px; border-style: none; border-color: #ffffff;\" colspan=\"4\">\n<h5 style=\"text-align: center;\"><strong><img loading=\"lazy\" decoding=\"async\" class=\"aligncenter size-full wp-image-18750\" src=\"https:\/\/serveiseducatius.xtec.cat\/pladurgell\/wp-content\/uploads\/usu1141\/2024\/01\/Capcalera-informatiu-1.png\" alt=\"\" width=\"1024\" height=\"307\" \/><\/strong><\/h5>\n<\/td>\n<\/tr>\n<tr style=\"height: 59px;\">\n<td style=\"height: 36px; background-color: #abd77f; width: 98.3811%; border-style: none; border-color: #ffffff;\" colspan=\"4\">\n<h4 style=\"text-align: center;\"><strong style=\"color: #000000;\">AGENDA<\/strong><\/h4>\n<\/td>\n<\/tr>\n<tr style=\"height: 100px;\">\n<td style=\"height: 10px; width: 24.1963%; border-style: none; border-color: #ffffff;\">\n<h5><img loading=\"lazy\" decoding=\"async\" class=\"aligncenter wp-image-18689 \" src=\"https:\/\/serveiseducatius.xtec.cat\/pladurgell\/wp-content\/uploads\/usu1141\/2024\/01\/PALETA-COLORS-INFORMATIU.png\" alt=\"\" width=\"182\" height=\"182\" srcset=\"https:\/\/serveiseducatius.xtec.cat\/pladurgell\/wp-content\/uploads\/usu1141\/2024\/01\/PALETA-COLORS-INFORMATIU.png 500w, https:\/\/serveiseducatius.xtec.cat\/pladurgell\/wp-content\/uploads\/usu1141\/2024\/01\/PALETA-COLORS-INFORMATIU-300x300.png 300w, https:\/\/serveiseducatius.xtec.cat\/pladurgell\/wp-content\/uploads\/usu1141\/2024\/01\/PALETA-COLORS-INFORMATIU-150x150.png 150w\" sizes=\"auto, (max-width: 182px) 100vw, 182px\" \/><\/h5>\n<\/td>\n<td style=\"width: 74.1848%; height: 10px; border-style: none; border-color: #ffffff;\" colspan=\"3\">\n<ul>\n<li><strong>6 de febrer<\/strong>,<a href=\"https:\/\/serveiseducatius.xtec.cat\/pladurgell\/general\/troba-el-fake-videos-imatges-i-audios-no-sempre-son-el-que-sembla\/\" target=\"_blank\" rel=\"noopener\"> Dia de la Internet Segura<\/a><\/li>\n<li><strong>7 de febrer<\/strong> Xerrades simult\u00e0nies de la<strong><a href=\"https:\/\/serveiseducatius.xtec.cat\/pladurgell\/general\/6a-edicio-100tifiques\/\" target=\"_blank\" rel=\"noopener\">\u00a06a edici\u00f3 #100t\u00edfiques<\/a><\/strong><\/li>\n<li><strong>7 de febrer<\/strong>, data l\u00edmit<a href=\"https:\/\/docs.google.com\/forms\/d\/1dYeoM4vct-gYQOvd5Fr_a7AWwPoknXHolYu5osyKLX4\/edit\" target=\"_blank\" rel=\"noopener\">\u00a0comunicaci\u00f3 lectors i lectores<\/a> que participaran en la semifinal del Certamen de lectura en veu alta del Pla d&#8217;Urgell.<\/li>\n<li><strong>19 de febrer<\/strong>, l\u00edmit per fer les inscripcions al <a href=\"https:\/\/biysc.org\/\" target=\"_blank\" rel=\"noopener\">Barcelona International Youth Science Challenge<\/a><\/li>\n<li><strong>29 de febrer<\/strong>, l\u00edmit per fer arribar redaccions al<strong> XI Concurs de Redacci\u00f3: CIUTAD\u00c0 XXI, <\/strong>de<strong> <a href=\"https:\/\/downlleida.org\/?lang=ca\" target=\"_blank\" rel=\"noopener\">Down Lleida<\/a><\/strong><\/li>\n<li><strong>29 de febrer<\/strong>, l\u00edmit per enviar propostes a<strong> <a href=\"https:\/\/www.ub.edu\/laubdivulga\/denenesacientifiques\/\" target=\"_blank\" rel=\"noopener\">De nenes a cient\u00edfiques<\/a><\/strong><\/li>\n<li><strong>3 de mar\u00e7<\/strong>, <strong><a style=\"font-family: inherit; font-size: 1em;\" href=\"https:\/\/serveiseducatius.xtec.cat\/pladurgell\/general\/posat-la-gorra-a-lleida\/\" target=\"_blank\" rel=\"noopener\">Posa\u2019t la Gorra a Lleida<\/a><\/strong><\/li>\n<li><strong>Fins el 4 de mar\u00e7,<\/strong> lliurament de v\u00eddeos <strong><a title=\"IV Concurs jo tinc la paraula \" href=\"https:\/\/xtec.gencat.cat\/ca\/centres\/premis-i-concursos\/concurs-jo-tinc-la-paraula\/\" target=\"_blank\" rel=\"noopener\"><span class=\"col-sm-12 dekstop\">IV Concurs jo tinc la paraula<\/span><\/a><\/strong><\/li>\n<li><strong>7 de mar\u00e7,<\/strong> Semifinal Certamen de lectura en veu alta del Pla d&#8217;Urgell<\/li>\n<li><strong>Fins el 15 de mar\u00e7<\/strong>, oberta la <strong><a style=\"font-family: inherit; font-size: 1em;\" href=\"https:\/\/educaixa.org\/ca\/convocatoria-educaixa?utm_source=newsletter&amp;utm_medium=email&amp;utm_campaign=11789_EDU&amp;utm_content=CA&amp;utm_term=Educacion-y-becas&amp;crm_i=EDU_1_GEN\" target=\"_blank\" rel=\"noopener\">Convocat\u00f2ria EduCaixa 2024<\/a><\/strong><\/li>\n<li><strong>Fins el 21 de mar\u00e7<\/strong>, termini obert per presentar els treballs al\u00a0<strong> <a href=\"https:\/\/ibbycat.us18.list-manage.com\/track\/click?u=57d5c37e4e968a84867b70545&amp;id=f484f19586&amp;e=8565c059aa\" target=\"_blank\" rel=\"noopener\" data-saferedirecturl=\"https:\/\/www.google.com\/url?q=https:\/\/ibbycat.us18.list-manage.com\/track\/click?u%3D57d5c37e4e968a84867b70545%26id%3Df484f19586%26e%3D8565c059aa&amp;source=gmail&amp;ust=1702973581351000&amp;usg=AOvVaw2pUdN9eECn_iTEnByGOq5k\">Premi de Poesia per a Infants Rosa Sensat<\/a><\/strong><\/li>\n<li><strong>Fins el 19 d&#8217;abril,<\/strong> termini de presentaci\u00f3 de treballs <strong><a href=\"http:\/\/www.jovesimobilitat.cat\/\" target=\"_blank\" rel=\"noopener\">17a edici\u00f3 Concurs Joves i Mobilitat<\/a><\/strong><\/li>\n<\/ul>\n<\/td>\n<\/tr>\n<tr style=\"height: 49px;\">\n<td style=\"background-color: #f4cf72; height: 49px; width: 24.1963%; border-style: none; border-color: #ffffff;\">\n<h4 style=\"text-align: center;\"><strong style=\"color: #000000;\">AGENDA PFZ<\/strong><\/h4>\n<\/td>\n<td style=\"background-color: #d8e8f8; width: 48.0152%; height: 49px; border-style: none; border-color: #ffffff;\" colspan=\"2\">\n<h4 style=\"text-align: center;\"><strong style=\"color: #ffffff;\"><span style=\"color: #000000;\">NOVES PROPOSTES FORMATIVES DE ZONA<\/span><\/strong><\/h4>\n<\/td>\n<td style=\"background-color: #f29de1; width: 26.1696%; height: 49px; border-style: none; border-color: #ffffff;\">\n<h4 style=\"text-align: center;\"><strong style=\"color: #000000;\">FORMACI\u00d3 DE ROB\u00d2TICA<\/strong><\/h4>\n<\/td>\n<\/tr>\n<tr style=\"height: 212px;\">\n<td style=\"height: 10px; width: 24.1963%; vertical-align: top; border-style: none; border-color: #ffffff; background-color: #ffffff;\">\n<ul>\n<li><strong>06.02.24<\/strong> S. Ed. F\u00edsica-Sec<\/li>\n<li style=\"text-align: left;\"><strong>08.02.24<\/strong>\u00a0 i <strong>23.02.24<\/strong> S. M\u00fasica<\/li>\n<li style=\"text-align: left;\"><strong>13.02.24<\/strong> S. Educaci\u00f3 f\u00edsica<\/li>\n<li><strong>14.02.24<\/strong> S. Secretaria<\/li>\n<li style=\"text-align: left;\"><strong>21.02.24<\/strong> S. Caps d&#8217;Estudis<\/li>\n<li><strong>21.02.24<\/strong> S. Llengua anglesa<\/li>\n<li style=\"text-align: left;\"><strong><img loading=\"lazy\" decoding=\"async\" class=\"alignright\" style=\"font-weight: 400;\" src=\"https:\/\/serveiseducatius.xtec.cat\/pladurgell\/wp-content\/uploads\/usu1141\/2020\/09\/PFZ_gran_trans-300x247-1.png\" width=\"60\" height=\"49\" \/>22.02.24<\/strong> MM Lector<\/li>\n<li style=\"text-align: left;\"><strong>27.02.24<\/strong> S. CLIC<\/li>\n<li style=\"text-align: left;\"><strong>29.02.24<\/strong> SXCDC<\/li>\n<li style=\"text-align: left;\"><strong>29.02.24<\/strong> SXCOMD<\/li>\n<li style=\"text-align: left;\"><strong>29.02.24<\/strong> S. Direccions<\/li>\n<\/ul>\n<\/td>\n<td style=\"height: 10px; vertical-align: top; border-style: none; border-color: #ffffff; background-color: #ffffff; width: 23.491%;\">\n<h5><a href=\"https:\/\/aplicacions.gestioeducativa.gencat.cat\/pls\/soloas\/pk_for_mod_ins.p_for_detall_activitat?p_header=Llista%20d%27activitats^pk_for_mod_ins.p_for_cons_activitats?p_crp=607%26p_any=2023-2024%26p_totes=S%26p_inici=1%26p_excloure_crp_rec=T&amp;p_codi=6070551607&amp;p_curs=2023-2024&amp;p_excloure_crp_rec=T\" target=\"_blank\" rel=\"noopener\"><img loading=\"lazy\" decoding=\"async\" class=\"aligncenter wp-image-18452\" src=\"https:\/\/serveiseducatius.xtec.cat\/pladurgell\/wp-content\/uploads\/usu1141\/2023\/12\/Conferencia-Primers-Auxilis.png\" alt=\"\" width=\"257\" height=\"364\" srcset=\"https:\/\/serveiseducatius.xtec.cat\/pladurgell\/wp-content\/uploads\/usu1141\/2023\/12\/Conferencia-Primers-Auxilis.png 1414w, https:\/\/serveiseducatius.xtec.cat\/pladurgell\/wp-content\/uploads\/usu1141\/2023\/12\/Conferencia-Primers-Auxilis-212x300.png 212w, https:\/\/serveiseducatius.xtec.cat\/pladurgell\/wp-content\/uploads\/usu1141\/2023\/12\/Conferencia-Primers-Auxilis-724x1024.png 724w, https:\/\/serveiseducatius.xtec.cat\/pladurgell\/wp-content\/uploads\/usu1141\/2023\/12\/Conferencia-Primers-Auxilis-768x1086.png 768w, https:\/\/serveiseducatius.xtec.cat\/pladurgell\/wp-content\/uploads\/usu1141\/2023\/12\/Conferencia-Primers-Auxilis-1086x1536.png 1086w\" sizes=\"auto, (max-width: 257px) 100vw, 257px\" \/><\/a><\/h5>\n<\/td>\n<td style=\"vertical-align: top; border-style: none; border-color: #ffffff; background-color: #ffffff; width: 24.5242%; height: 10px;\">\n<h5><a href=\"https:\/\/aplicacions.gestioeducativa.gencat.cat\/pls\/soloas\/pk_for_mod_ins.p_for_detall_activitat?p_header=Llista%20d%27activitats^pk_for_mod_ins.p_for_cons_activitats?p_crp=607%26p_any=2023-2024%26p_totes=S%26p_inici=1%26p_excloure_crp_rec=T&amp;p_codi=6070581607&amp;p_curs=2023-2024&amp;p_excloure_crp_rec=T\" target=\"_blank\" rel=\"noopener\"><img loading=\"lazy\" decoding=\"async\" class=\"aligncenter wp-image-18451\" src=\"https:\/\/serveiseducatius.xtec.cat\/pladurgell\/wp-content\/uploads\/usu1141\/2023\/12\/Cartells-Activitats-de-formacio.png\" alt=\"\" width=\"264\" height=\"373\" srcset=\"https:\/\/serveiseducatius.xtec.cat\/pladurgell\/wp-content\/uploads\/usu1141\/2023\/12\/Cartells-Activitats-de-formacio.png 1587w, https:\/\/serveiseducatius.xtec.cat\/pladurgell\/wp-content\/uploads\/usu1141\/2023\/12\/Cartells-Activitats-de-formacio-212x300.png 212w, https:\/\/serveiseducatius.xtec.cat\/pladurgell\/wp-content\/uploads\/usu1141\/2023\/12\/Cartells-Activitats-de-formacio-724x1024.png 724w, https:\/\/serveiseducatius.xtec.cat\/pladurgell\/wp-content\/uploads\/usu1141\/2023\/12\/Cartells-Activitats-de-formacio-768x1086.png 768w, https:\/\/serveiseducatius.xtec.cat\/pladurgell\/wp-content\/uploads\/usu1141\/2023\/12\/Cartells-Activitats-de-formacio-1086x1536.png 1086w, https:\/\/serveiseducatius.xtec.cat\/pladurgell\/wp-content\/uploads\/usu1141\/2023\/12\/Cartells-Activitats-de-formacio-1448x2048.png 1448w\" sizes=\"auto, (max-width: 264px) 100vw, 264px\" \/><\/a><\/h5>\n<\/td>\n<td style=\"width: 26.1696%; height: 10px; border-style: none; border-color: #ffffff; background-color: #ffffff;\"><a href=\"https:\/\/serveiseducatius.xtec.cat\/pladurgell\/formacio\/activitats\/\" target=\"_blank\" rel=\"noopener\"><img loading=\"lazy\" decoding=\"async\" class=\"aligncenter wp-image-18764 \" src=\"https:\/\/serveiseducatius.xtec.cat\/pladurgell\/wp-content\/uploads\/usu1141\/2024\/01\/Disseny-sense-titol-100.png\" alt=\"\" width=\"312\" height=\"312\" srcset=\"https:\/\/serveiseducatius.xtec.cat\/pladurgell\/wp-content\/uploads\/usu1141\/2024\/01\/Disseny-sense-titol-100.png 500w, https:\/\/serveiseducatius.xtec.cat\/pladurgell\/wp-content\/uploads\/usu1141\/2024\/01\/Disseny-sense-titol-100-300x300.png 300w, https:\/\/serveiseducatius.xtec.cat\/pladurgell\/wp-content\/uploads\/usu1141\/2024\/01\/Disseny-sense-titol-100-150x150.png 150w\" sizes=\"auto, (max-width: 312px) 100vw, 312px\" \/><\/a><\/td>\n<\/tr>\n<tr style=\"height: 60px;\">\n<td style=\"background-color: #a6baf5; height: 10px; border-style: none; border-color: #ffffff; width: 24.1963%;\" colspan=\"3\">\n<h4 style=\"text-align: center;\"><strong style=\"color: #000000;\">DIN\u00c0MICA EDUCATIVA<\/strong><\/h4>\n<\/td>\n<td style=\"background-color: #ebcdf7; border-style: none; border-color: #ffffff; width: 26.1696%; height: 10px;\">\n<h4 style=\"text-align: center;\"><strong style=\"color: #000000;\">NOU RECURS<\/strong><\/h4>\n<\/td>\n<\/tr>\n<tr style=\"height: 335px;\">\n<td style=\"width: 24.1963%; padding: 10px; vertical-align: top; height: 335px; border-style: none; border-color: #ffffff; background-color: #ffffff;\">\n<h5><a href=\"https:\/\/serveiseducatius.xtec.cat\/pladurgell\/portada\/xvi-premi-dillustracio-de-poesia-el-sol-del-pla-i-xvi-premi-de-poesia-el-sol-del-pla\/\" target=\"_blank\" rel=\"noopener\"><img loading=\"lazy\" decoding=\"async\" class=\"aligncenter wp-image-18324 \" src=\"https:\/\/serveiseducatius.xtec.cat\/pladurgell\/wp-content\/uploads\/usu1141\/2023\/12\/Quinze-Premi-dillustracio-e1702293806109.png\" alt=\"\" width=\"253\" height=\"361\" \/><\/a><\/h5>\n<\/td>\n<td style=\"width: 23.491%; padding: 10px; vertical-align: top; height: 335px; border-style: none; border-color: #ffffff; background-color: #ffffff;\">\n<h5><a href=\"https:\/\/serveiseducatius.xtec.cat\/pladurgell\/portada\/audicions-dinstruments-de-lemmm-2\/\" target=\"_blank\" rel=\"noopener\"><img loading=\"lazy\" decoding=\"async\" class=\"aligncenter wp-image-18603\" src=\"https:\/\/serveiseducatius.xtec.cat\/pladurgell\/wp-content\/uploads\/usu1141\/2024\/01\/Audicions-EMMM-Document-A4-1.png\" alt=\"\" width=\"267\" height=\"377\" srcset=\"https:\/\/serveiseducatius.xtec.cat\/pladurgell\/wp-content\/uploads\/usu1141\/2024\/01\/Audicions-EMMM-Document-A4-1.png 724w, https:\/\/serveiseducatius.xtec.cat\/pladurgell\/wp-content\/uploads\/usu1141\/2024\/01\/Audicions-EMMM-Document-A4-1-212x300.png 212w\" sizes=\"auto, (max-width: 267px) 100vw, 267px\" \/><\/a><\/h5>\n<\/td>\n<td style=\"width: 24.5242%; padding: 10px; vertical-align: top; height: 335px; border-style: none; border-color: #ffffff; background-color: #ffffff;\">\n<h5><a href=\"https:\/\/serveiseducatius.xtec.cat\/pladurgell\/portada\/jornades-esportives-deducacio-secundaria\/\" target=\"_blank\" rel=\"noopener\"><img loading=\"lazy\" decoding=\"async\" class=\"aligncenter wp-image-18738\" src=\"https:\/\/serveiseducatius.xtec.cat\/pladurgell\/wp-content\/uploads\/usu1141\/2024\/01\/Seminari-Educacio-Fisica.png\" alt=\"\" width=\"270\" height=\"381\" \/><\/a><\/h5>\n<\/td>\n<td style=\"width: 26.1696%; padding: 10px; vertical-align: top; height: 335px; border-style: none; border-color: #ffffff; background-color: #ffffff;\">\n<h5><a href=\"https:\/\/serveiseducatius.xtec.cat\/pladurgell\/general\/maleta-potabilitzadora-daigua\/\" target=\"_blank\" rel=\"noopener\"><img loading=\"lazy\" decoding=\"async\" class=\"aligncenter wp-image-18576\" src=\"https:\/\/serveiseducatius.xtec.cat\/pladurgell\/wp-content\/uploads\/usu1141\/2024\/01\/Cartells-Maletes-1-e1705320888602.png\" alt=\"\" width=\"250\" height=\"354\" \/><\/a><\/h5>\n<\/td>\n<\/tr>\n<tr style=\"height: 62px;\">\n<td style=\"background-color: #e6887e; width: 98.3811%; padding: 10px; height: 62px; border-style: none; border-color: #ffffff; vertical-align: top;\" colspan=\"4\">\n<h4 style=\"text-align: center;\"><strong style=\"color: #000000;\">CONVOCAT\u00d2RIES<\/strong><\/h4>\n<\/td>\n<\/tr>\n<tr style=\"height: 228px;\">\n<td style=\"width: 24.1963%; padding: 10px; vertical-align: top; height: 200px; border-style: none; border-color: #ffffff; background-color: #ffffff;\">\n<h5><img loading=\"lazy\" decoding=\"async\" class=\"aligncenter wp-image-18539\" src=\"https:\/\/serveiseducatius.xtec.cat\/pladurgell\/wp-content\/uploads\/usu1141\/2024\/01\/Jocs-Florals.png\" alt=\"\" width=\"241\" height=\"121\" \/><\/h5>\n<h5 style=\"text-align: center;\"><a href=\"https:\/\/xtec.gencat.cat\/ca\/centres\/premis-i-concursos\/jocsflorals\/2324\/\" target=\"_blank\" rel=\"noopener\">XI Jocs Florals Escolars<\/a><\/h5>\n<\/td>\n<td style=\"width: 23.491%; padding: 10px; vertical-align: top; height: 200px; border-style: none; border-color: #ffffff; background-color: #ffffff;\">\n<h5><img loading=\"lazy\" decoding=\"async\" class=\"aligncenter size-full wp-image-18544\" src=\"https:\/\/serveiseducatius.xtec.cat\/pladurgell\/wp-content\/uploads\/usu1141\/2024\/01\/unnamed-e1705058232351.jpg\" alt=\"\" width=\"300\" height=\"150\" \/><\/h5>\n<h5 class=\"entry-title\" style=\"text-align: center;\">La Fundaci\u00f3 La Caixa obre la segona edici\u00f3<\/h5>\n<h5 class=\"entry-title\" style=\"text-align: center;\">\u00a0 <a href=\"https:\/\/educaixa.org\/ca\/convocatoria-educaixa?utm_source=newsletter&amp;utm_medium=email&amp;utm_campaign=11789_EDU&amp;utm_content=CA&amp;utm_term=Educacion-y-becas&amp;crm_i=EDU_1_GEN\" target=\"_blank\" rel=\"noopener\">Convocat\u00f2ria EduCaixa 2024<\/a><\/h5>\n<\/td>\n<td style=\"width: 24.5242%; padding: 10px; vertical-align: top; height: 200px; border-style: none; border-color: #ffffff; background-color: #ffffff;\">\n<h5 class=\"descripcio grayDescription\" style=\"text-align: center;\"><a href=\"https:\/\/biysc.org\/\" target=\"_blank\" rel=\"noopener\"><img loading=\"lazy\" decoding=\"async\" class=\"aligncenter size-full wp-image-18610\" src=\"https:\/\/serveiseducatius.xtec.cat\/pladurgell\/wp-content\/uploads\/usu1141\/2024\/01\/biysc.png\" alt=\"\" width=\"482\" height=\"131\" srcset=\"https:\/\/serveiseducatius.xtec.cat\/pladurgell\/wp-content\/uploads\/usu1141\/2024\/01\/biysc.png 482w, https:\/\/serveiseducatius.xtec.cat\/pladurgell\/wp-content\/uploads\/usu1141\/2024\/01\/biysc-300x82.png 300w\" sizes=\"auto, (max-width: 482px) 100vw, 482px\" \/><\/a><\/h5>\n<h5><\/h5>\n<h5 style=\"text-align: center;\"><a href=\"https:\/\/biysc.org\/\" target=\"_blank\" rel=\"noopener\">Inscripcions<\/a><\/h5>\n<\/td>\n<td style=\"width: 26.1696%; padding: 10px; vertical-align: top; height: 200px; border-style: none; border-color: #ffffff; background-color: #ffffff;\">\n<h5 style=\"text-align: center;\"><a href=\"https:\/\/serveiseducatius.xtec.cat\/pladurgell\/general\/de-nenes-a-cientifiques-3\/\" target=\"_blank\" rel=\"noopener\"><img loading=\"lazy\" decoding=\"async\" class=\"aligncenter wp-image-18625 size-full\" src=\"https:\/\/serveiseducatius.xtec.cat\/pladurgell\/wp-content\/uploads\/usu1141\/2024\/01\/image002-2-e1705408103723.png\" alt=\"\" width=\"300\" height=\"300\" \/><\/a><\/h5>\n<\/td>\n<\/tr>\n<tr style=\"height: 58px;\">\n<td style=\"background-color: #c2e0f2; width: 98.3811%; height: 58px; border-style: none; border-color: #ffffff;\" colspan=\"4\">\n<h4 style=\"text-align: center;\"><strong style=\"color: #000000;\">RECOMANACIONS<\/strong><\/h4>\n<\/td>\n<\/tr>\n<tr style=\"height: 50px;\">\n<td style=\"width: 24.1963%; height: 150px; vertical-align: top; border-style: none; border-color: #ffffff; background-color: #ffffff;\"><a href=\"https:\/\/serveiseducatius.xtec.cat\/pladurgell\/general\/3a-jornada-de-les-superheroines-i-superherois\/\" target=\"_blank\" rel=\"noopener\"><img loading=\"lazy\" decoding=\"async\" class=\"aligncenter wp-image-18515\" src=\"https:\/\/serveiseducatius.xtec.cat\/pladurgell\/wp-content\/uploads\/usu1141\/2024\/01\/cartell23-24-768x1086-1.jpg\" alt=\"\" width=\"226\" height=\"320\" srcset=\"https:\/\/serveiseducatius.xtec.cat\/pladurgell\/wp-content\/uploads\/usu1141\/2024\/01\/cartell23-24-768x1086-1.jpg 768w, https:\/\/serveiseducatius.xtec.cat\/pladurgell\/wp-content\/uploads\/usu1141\/2024\/01\/cartell23-24-768x1086-1-212x300.jpg 212w, https:\/\/serveiseducatius.xtec.cat\/pladurgell\/wp-content\/uploads\/usu1141\/2024\/01\/cartell23-24-768x1086-1-724x1024.jpg 724w\" sizes=\"auto, (max-width: 226px) 100vw, 226px\" \/><\/a><\/p>\n<p style=\"text-align: center;\"><a href=\"https:\/\/serveiseducatius.xtec.cat\/pladurgell\/general\/3a-jornada-de-les-superheroines-i-superherois\/\" target=\"_blank\" rel=\"noopener\">3a Jornada de les Superhero\u00efnes i Superherois<\/a><\/p>\n<\/td>\n<td style=\"width: 23.491%; height: 150px; vertical-align: top; border-style: none; border-color: #ffffff; background-color: #ffffff;\"><img loading=\"lazy\" decoding=\"async\" class=\"aligncenter wp-image-18525 \" src=\"https:\/\/serveiseducatius.xtec.cat\/pladurgell\/wp-content\/uploads\/usu1141\/2024\/01\/nextusglobal_cover-1-e1704989001395.jpg\" alt=\"\" width=\"398\" height=\"210\" srcset=\"https:\/\/serveiseducatius.xtec.cat\/pladurgell\/wp-content\/uploads\/usu1141\/2024\/01\/nextusglobal_cover-1-e1704989001395.jpg 362w, https:\/\/serveiseducatius.xtec.cat\/pladurgell\/wp-content\/uploads\/usu1141\/2024\/01\/nextusglobal_cover-1-e1704989001395-300x158.jpg 300w\" sizes=\"auto, (max-width: 398px) 100vw, 398px\" \/><\/p>\n<h5><\/h5>\n<h5><\/h5>\n<h5><\/h5>\n<p>&nbsp;<\/p>\n<h5 class=\"entry-title\" style=\"text-align: center;\"><a href=\"https:\/\/serveiseducatius.xtec.cat\/pladurgell\/general\/noves-propostes-audiovisuals-next-us-segon-trimestre\/\" target=\"_blank\" rel=\"noopener\">Noves propostes audiovisuals NEXT US segon trimestre<\/a><\/h5>\n<\/td>\n<td style=\"width: 24.5242%; height: 150px; vertical-align: top; border-style: none; border-color: #ffffff; background-color: #ffffff;\">\n<h5><img loading=\"lazy\" decoding=\"async\" class=\"aligncenter wp-image-18537\" src=\"https:\/\/serveiseducatius.xtec.cat\/pladurgell\/wp-content\/uploads\/usu1141\/2024\/01\/General-iFest-24.png\" alt=\"\" width=\"369\" height=\"208\" srcset=\"https:\/\/serveiseducatius.xtec.cat\/pladurgell\/wp-content\/uploads\/usu1141\/2024\/01\/General-iFest-24.png 1024w, https:\/\/serveiseducatius.xtec.cat\/pladurgell\/wp-content\/uploads\/usu1141\/2024\/01\/General-iFest-24-300x169.png 300w, https:\/\/serveiseducatius.xtec.cat\/pladurgell\/wp-content\/uploads\/usu1141\/2024\/01\/General-iFest-24-768x432.png 768w\" sizes=\"auto, (max-width: 369px) 100vw, 369px\" \/><\/h5>\n<p>&nbsp;<\/p>\n<p style=\"text-align: center;\"><strong>GET INSPIRED<\/strong><\/p>\n<p style=\"text-align: center;\"><strong>BE DISRUPTIVE<\/strong><\/p>\n<p style=\"text-align: center;\"><a href=\"https:\/\/ifest.cat\/\" target=\"_blank\" rel=\"noopener\">UNEIX-TE A L&#8217;iFEST<\/a><\/p>\n<\/td>\n<td style=\"width: 26.1696%; height: 150px; vertical-align: top; border-style: none; border-color: #ffffff; background-color: #ffffff;\"><img loading=\"lazy\" decoding=\"async\" class=\"aligncenter wp-image-18606\" src=\"https:\/\/serveiseducatius.xtec.cat\/pladurgell\/wp-content\/uploads\/usu1141\/2024\/01\/barca.jpg\" alt=\"\" width=\"424\" height=\"212\" srcset=\"https:\/\/serveiseducatius.xtec.cat\/pladurgell\/wp-content\/uploads\/usu1141\/2024\/01\/barca.jpg 560w, https:\/\/serveiseducatius.xtec.cat\/pladurgell\/wp-content\/uploads\/usu1141\/2024\/01\/barca-300x150.jpg 300w\" sizes=\"auto, (max-width: 424px) 100vw, 424px\" \/><\/p>\n<p>&nbsp;<\/p>\n<p style=\"text-align: center;\"><strong>Recursos de prevenci\u00f3 del Bullying i Ciberbullying per a secund\u00e0ria<\/strong><\/p>\n<p style=\"text-align: center;\"><strong><a href=\"https:\/\/fundacio.fcbarcelona.cat\/entra-en-joc-contra-el-bullying?utm_source=Escoles+llistat+general+i+docents+Bar%C3%A7akids&amp;utm_campaign=2389342c29-FI+DE+CURS+16-17_Agra%C3%AFment+Escoles_COPY_01&amp;utm_medium=email&amp;utm_term=0_97a4b7af78-2389342c29-\" target=\"_blank\" rel=\"noopener\">Quadern pedag\u00f2gic<\/a><\/strong><\/p>\n<p style=\"text-align: center;\"><strong><a href=\"https:\/\/fundacio.fcbarcelona.cat\/prevencio-bullying-esport?utm_source=Escoles+llistat+general+i+docents+Bar%C3%A7akids&amp;utm_campaign=2389342c29-FI+DE+CURS+16-17_Agra%C3%AFment+Escoles_COPY_01&amp;utm_medium=email&amp;utm_term=0_97a4b7af78-2389342c29-&amp;utm_source=Escoles+llistat+general+i+docents+Bar%C3%A7akids&amp;utm_campaign=7283864942-FI+DE+CURS+16-17_Agra%C3%AFment+Escoles_COPY_01&amp;utm_medium=email&amp;utm_term=0_97a4b7af78-7283864942-\" target=\"_blank\" rel=\"noopener\">Formaci\u00f3 online<\/a><\/strong><\/p>\n<\/td>\n<\/tr>\n<tr style=\"height: 50px;\">\n<td style=\"width: 24.1963%; height: 150px; vertical-align: top; border-style: none; border-color: #ffffff; background-color: #ffffff;\"><a href=\"https:\/\/www.edusahara.org\/\" target=\"_blank\" rel=\"noopener\"><img loading=\"lazy\" decoding=\"async\" class=\"aligncenter wp-image-18631 \" src=\"https:\/\/serveiseducatius.xtec.cat\/pladurgell\/wp-content\/uploads\/usu1141\/2024\/01\/edusah.png\" alt=\"\" width=\"340\" height=\"97\" \/><\/a><\/p>\n<p>&nbsp;<\/p>\n<p style=\"text-align: center;\"><a href=\"https:\/\/www.edusahara.org\/\" target=\"_blank\" rel=\"noopener\">Maletes pedag\u00f2giques EduSahara Occidental<\/a><\/p>\n<\/td>\n<td style=\"width: 23.491%; height: 150px; vertical-align: top; border-style: none; border-color: #ffffff; background-color: #ffffff;\">\n<p style=\"text-align: center;\"><img loading=\"lazy\" decoding=\"async\" class=\"aligncenter size-full wp-image-18786\" src=\"https:\/\/serveiseducatius.xtec.cat\/pladurgell\/wp-content\/uploads\/usu1141\/2024\/01\/diari-curricular-e1706545834150.png\" alt=\"\" width=\"300\" height=\"163\" \/><\/p>\n<p style=\"text-align: center;\"><a href=\"https:\/\/serveiseducatius.xtec.cat\/pladurgell\/general\/eines-curriculars-el-diari-curricular-i-suport-a-la-programacio-de-situacions-daprenentatge\/\" target=\"_blank\" rel=\"noopener\">El diari curricular<\/a><\/p>\n<\/td>\n<td style=\"width: 24.5242%; height: 150px; vertical-align: top; border-style: none; border-color: #ffffff; text-align: center; background-color: #ffffff;\"><img loading=\"lazy\" decoding=\"async\" class=\"aligncenter wp-image-18683\" src=\"https:\/\/serveiseducatius.xtec.cat\/pladurgell\/wp-content\/uploads\/usu1141\/2024\/01\/unnamed-8.png\" alt=\"\" width=\"353\" height=\"190\" srcset=\"https:\/\/serveiseducatius.xtec.cat\/pladurgell\/wp-content\/uploads\/usu1141\/2024\/01\/unnamed-8.png 1172w, https:\/\/serveiseducatius.xtec.cat\/pladurgell\/wp-content\/uploads\/usu1141\/2024\/01\/unnamed-8-300x162.png 300w, https:\/\/serveiseducatius.xtec.cat\/pladurgell\/wp-content\/uploads\/usu1141\/2024\/01\/unnamed-8-1024x552.png 1024w, https:\/\/serveiseducatius.xtec.cat\/pladurgell\/wp-content\/uploads\/usu1141\/2024\/01\/unnamed-8-768x414.png 768w\" sizes=\"auto, (max-width: 353px) 100vw, 353px\" \/><\/p>\n<p><a href=\"https:\/\/paucasals.us14.list-manage.com\/track\/click?u=d37bd911b63b21607be2b5d95&amp;id=102bee62b9&amp;e=ab82b90a99\" target=\"_blank\" rel=\"noopener\">Museu Pau Casals<\/a><\/td>\n<td style=\"width: 26.1696%; height: 150px; vertical-align: top; border-style: none; border-color: #ffffff; background-color: #ffffff;\">\n<p style=\"text-align: center;\"><a href=\"https:\/\/ambientech.org\/contenidos-salud\" target=\"_blank\" rel=\"noopener\"><img loading=\"lazy\" decoding=\"async\" class=\"aligncenter wp-image-18696 \" src=\"https:\/\/serveiseducatius.xtec.cat\/pladurgell\/wp-content\/uploads\/usu1141\/2024\/01\/ambientech.png\" alt=\"\" width=\"359\" height=\"207\" srcset=\"https:\/\/serveiseducatius.xtec.cat\/pladurgell\/wp-content\/uploads\/usu1141\/2024\/01\/ambientech.png 593w, https:\/\/serveiseducatius.xtec.cat\/pladurgell\/wp-content\/uploads\/usu1141\/2024\/01\/ambientech-300x174.png 300w\" sizes=\"auto, (max-width: 359px) 100vw, 359px\" \/>Continguts de salut per a educaci\u00f3 secund\u00e0ria<\/a><\/p>\n<p>&nbsp;<\/td>\n<\/tr>\n<tr style=\"height: 242px;\">\n<td style=\"width: 24.1963%; vertical-align: top; border-style: none; border-color: #ffffff; background-color: #ffffff; height: 242px;\"><img loading=\"lazy\" decoding=\"async\" class=\"aligncenter size-full wp-image-18680\" src=\"https:\/\/serveiseducatius.xtec.cat\/pladurgell\/wp-content\/uploads\/usu1141\/2024\/01\/unnamed-7-e1705584454643.png\" alt=\"\" width=\"300\" height=\"169\" \/><\/p>\n<p style=\"text-align: center;\"><a href=\"https:\/\/serveiseducatius.xtec.cat\/pladurgell\/general\/mirades-al-mon-un-recorregut-pels-conflictes-actius\/#more-18677\" target=\"_blank\" rel=\"noopener\">Mirades al m\u00f3n: un recorregut pels conflictes actius<\/a><\/p>\n<\/td>\n<td style=\"width: 23.491%; vertical-align: top; border-style: none; border-color: #ffffff; background-color: #ffffff; height: 242px;\"><img loading=\"lazy\" decoding=\"async\" class=\"aligncenter size-full wp-image-18622\" src=\"https:\/\/serveiseducatius.xtec.cat\/pladurgell\/wp-content\/uploads\/usu1141\/2024\/01\/GDZHg5wXIAAih5w-e1705330105476.jpg\" alt=\"\" width=\"300\" height=\"169\" \/><\/p>\n<p style=\"text-align: center;\"><a href=\"https:\/\/serveiseducatius.xtec.cat\/pladurgell\/general\/les-aules-pel-futur-en-els-centres-educatius\/\" target=\"_blank\" rel=\"noopener\">Les aules del futur en els centres educatius<\/a><\/p>\n<\/td>\n<td style=\"width: 24.5242%; vertical-align: top; border-style: none; border-color: #ffffff; text-align: center; background-color: #ffffff; height: 242px;\"><img loading=\"lazy\" decoding=\"async\" class=\"aligncenter wp-image-18530\" src=\"https:\/\/serveiseducatius.xtec.cat\/pladurgell\/wp-content\/uploads\/usu1141\/2024\/01\/interioritat-e1704892757121.png\" alt=\"\" width=\"387\" height=\"129\" \/><\/p>\n<p>&nbsp;<\/p>\n<p><a href=\"https:\/\/serveiseducatius.xtec.cat\/pladurgell\/portada\/tallers-dinterioritat-compartida\/\" target=\"_blank\" rel=\"noopener\">Tallers d&#8217;interioritat compartida<\/a><\/td>\n<td style=\"width: 26.1696%; vertical-align: top; border-style: none; border-color: #ffffff; background-color: #ffffff; height: 242px; text-align: center;\"><img loading=\"lazy\" decoding=\"async\" class=\"aligncenter wp-image-18782\" src=\"https:\/\/serveiseducatius.xtec.cat\/pladurgell\/wp-content\/uploads\/usu1141\/2024\/01\/actualitat-832X468-100-angel-guimera.png_223078711.png\" alt=\"\" width=\"331\" height=\"186\" srcset=\"https:\/\/serveiseducatius.xtec.cat\/pladurgell\/wp-content\/uploads\/usu1141\/2024\/01\/actualitat-832X468-100-angel-guimera.png_223078711.png 832w, https:\/\/serveiseducatius.xtec.cat\/pladurgell\/wp-content\/uploads\/usu1141\/2024\/01\/actualitat-832X468-100-angel-guimera.png_223078711-300x169.png 300w, https:\/\/serveiseducatius.xtec.cat\/pladurgell\/wp-content\/uploads\/usu1141\/2024\/01\/actualitat-832X468-100-angel-guimera.png_223078711-768x432.png 768w\" sizes=\"auto, (max-width: 331px) 100vw, 331px\" \/><\/p>\n<p><a title=\"Any \u00c0ngel Guimer\u00e0 \" href=\"https:\/\/xtec.gencat.cat\/ca\/centres\/celebracions\/2024\/any-angel-guimera\/\"><span class=\"col-sm-12 dekstop\">Any \u00c0ngel Guimer\u00e0<\/span><\/a><\/p>\n<p>Biografia i recursos did\u00e0ctics<\/td>\n<\/tr>\n<\/tbody>\n<\/table>\n<p>&nbsp;<\/p>\n","protected":false},"excerpt":{"rendered":"","protected":false},"author":1,"featured_media":18750,"comment_status":"open","ping_status":"closed","sticky":false,"template":"","format":"standard","meta":{"_bbp_topic_count":0,"_bbp_reply_count":0,"_bbp_total_topic_count":0,"_bbp_total_reply_count":0,"_bbp_voice_count":0,"_bbp_anonymous_reply_count":0,"_bbp_topic_count_hidden":0,"_bbp_reply_count_hidden":0,"_bbp_forum_subforum_count":0,"site-sidebar-layout":"default","site-content-layout":"","ast-site-content-layout":"","site-content-style":"default","site-sidebar-style":"default","ast-global-header-display":"","ast-banner-title-visibility":"","ast-main-header-display":"","ast-hfb-above-header-display":"","ast-hfb-below-header-display":"","ast-hfb-mobile-header-display":"","site-post-title":"","ast-breadcrumbs-content":"","ast-featured-img":"","footer-sml-layout":"","theme-transparent-header-meta":"","adv-header-id-meta":"","stick-header-meta":"","header-above-stick-meta":"","header-main-stick-meta":"","header-below-stick-meta":"","astra-migrate-meta-layouts":"default","ast-page-background-enabled":"default","ast-page-background-meta":{"desktop":{"background-color":"var(--ast-global-color-4)","background-image":"","background-repeat":"repeat","background-position":"center center","background-size":"auto","background-attachment":"scroll","background-type":"","background-media":"","overlay-type":"","overlay-color":"","overlay-opacity":"","overlay-gradient":""},"tablet":{"background-color":"","background-image":"","background-repeat":"repeat","background-position":"center center","background-size":"auto","background-attachment":"scroll","background-type":"","background-media":"","overlay-type":"","overlay-color":"","overlay-opacity":"","overlay-gradient":""},"mobile":{"background-color":"","background-image":"","background-repeat":"repeat","background-position":"center center","background-size":"auto","background-attachment":"scroll","background-type":"","background-media":"","overlay-type":"","overlay-color":"","overlay-opacity":"","overlay-gradient":""}},"ast-content-background-meta":{"desktop":{"background-color":"var(--ast-global-color-5)","background-image":"","background-repeat":"repeat","background-position":"center center","background-size":"auto","background-attachment":"scroll","background-type":"","background-media":"","overlay-type":"","overlay-color":"","overlay-opacity":"","overlay-gradient":""},"tablet":{"background-color":"var(--ast-global-color-5)","background-image":"","background-repeat":"repeat","background-position":"center center","background-size":"auto","background-attachment":"scroll","background-type":"","background-media":"","overlay-type":"","overlay-color":"","overlay-opacity":"","overlay-gradient":""},"mobile":{"background-color":"var(--ast-global-color-5)","background-image":"","background-repeat":"repeat","background-position":"center center","background-size":"auto","background-attachment":"scroll","background-type":"","background-media":"","overlay-type":"","overlay-color":"","overlay-opacity":"","overlay-gradient":""}},"footnotes":""},"categories":[1,303,29],"tags":[361,367,290,352,291,317],"class_list":["post-18510","post","type-post","status-publish","format-standard","has-post-thumbnail","hentry","category-general","category-fulls-informatius","category-portada","tag-concurs","tag-conferencia","tag-dinamica-educativa","tag-full-informatiu","tag-premis","tag-recursos-en-linia"],"post_mailing_queue_ids":[],"_links":{"self":[{"href":"https:\/\/serveiseducatius.xtec.cat\/pladurgell\/wp-json\/wp\/v2\/posts\/18510","targetHints":{"allow":["GET"]}}],"collection":[{"href":"https:\/\/serveiseducatius.xtec.cat\/pladurgell\/wp-json\/wp\/v2\/posts"}],"about":[{"href":"https:\/\/serveiseducatius.xtec.cat\/pladurgell\/wp-json\/wp\/v2\/types\/post"}],"author":[{"embeddable":true,"href":"https:\/\/serveiseducatius.xtec.cat\/pladurgell\/wp-json\/wp\/v2\/users\/1"}],"replies":[{"embeddable":true,"href":"https:\/\/serveiseducatius.xtec.cat\/pladurgell\/wp-json\/wp\/v2\/comments?post=18510"}],"version-history":[{"count":6,"href":"https:\/\/serveiseducatius.xtec.cat\/pladurgell\/wp-json\/wp\/v2\/posts\/18510\/revisions"}],"predecessor-version":[{"id":18880,"href":"https:\/\/serveiseducatius.xtec.cat\/pladurgell\/wp-json\/wp\/v2\/posts\/18510\/revisions\/18880"}],"wp:featuredmedia":[{"embeddable":true,"href":"https:\/\/serveiseducatius.xtec.cat\/pladurgell\/wp-json\/wp\/v2\/media\/18750"}],"wp:attachment":[{"href":"https:\/\/serveiseducatius.xtec.cat\/pladurgell\/wp-json\/wp\/v2\/media?parent=18510"}],"wp:term":[{"taxonomy":"category","embeddable":true,"href":"https:\/\/serveiseducatius.xtec.cat\/pladurgell\/wp-json\/wp\/v2\/categories?post=18510"},{"taxonomy":"post_tag","embeddable":true,"href":"https:\/\/serveiseducatius.xtec.cat\/pladurgell\/wp-json\/wp\/v2\/tags?post=18510"}],"curies":[{"name":"wp","href":"https:\/\/api.w.org\/{rel}","templated":true}]}}