{"id":18356,"date":"2023-12-13T09:30:44","date_gmt":"2023-12-13T08:30:44","guid":{"rendered":"https:\/\/serveiseducatius.xtec.cat\/pladurgell\/?p=18356"},"modified":"2025-03-13T15:52:18","modified_gmt":"2025-03-13T14:52:18","slug":"mschools-awards-2024","status":"publish","type":"post","link":"https:\/\/serveiseducatius.xtec.cat\/pladurgell\/general\/mschools-awards-2024\/","title":{"rendered":"mSchools\u00a0Awards\u00a02024!"},"content":{"rendered":"<p><img loading=\"lazy\" decoding=\"async\" class=\"aligncenter wp-image-18359\" src=\"https:\/\/serveiseducatius.xtec.cat\/pladurgell\/wp-content\/uploads\/usu1141\/2023\/12\/mschools-students-awards-e1702405906339.png\" alt=\"\" width=\"402\" height=\"225\" \/><\/p>\n<p style=\"text-align: justify;\">Publicades les <strong>noves bases\u00a0<\/strong>per al concurs\u00a0<strong><span class=\"il\">mSchools<\/span>\u00a0Awards<em>\u00a0<\/em><\/strong><strong>2024!<\/strong>\u00a0En aquesta edici\u00f3, s\u2019incorporen canvis significatius en les diferents modalitats de participaci\u00f3.<\/p>\n<p style=\"text-align: justify;\">El\u00a0<strong><span class=\"il\">mSchools<\/span>\u00a0Awards<em>\u00a0<\/em><\/strong><strong>2024<\/strong> t\u00e9 com a objectiu promoure la transformaci\u00f3 digital dels centres educatius, reconeixent l\u2019excel\u00b7l\u00e8ncia de projectes educatius duts a terme als centres de Catalunya, emmarcats en la tem\u00e0tica proposada. La tem\u00e0tica posa l\u2019\u00e8mfasi en l\u2019\u00fas de les tecnologies digitals com a element transformador per assolir una millora de l\u2019entorn, de les persones i la societat.<\/p>\n<p style=\"text-align: center;\"><strong><a href=\"https:\/\/xtec.gencat.cat\/ca\/centres\/premis-i-concursos\/concursos_mschools\/mschools-student-awards\/mschools-student-awards-2024\/\">CONSULTA LES\u00a0 BASES DEL CONCURS<\/a><\/strong><\/p>\n<p><!--more--><\/p>\n<p style=\"text-align: justify;\"><span style=\"color: #3366ff;\"><strong>NOVETATS<\/strong><\/span><\/p>\n<p style=\"text-align: justify;\"><strong>\u27a1\ufe0fNova modalitat:\u00a0<\/strong>projectes elaborats amb\u00a0<strong>plaques programables micro:bit, Arduino o ED1<\/strong>. Per reflectir millor la diversitat digital i projectes que es desenvolupen actualment, s\u2019obre una nova modalitat, que inclou la presentaci\u00f3 de projectes elaborats amb plaques de prototipatge.<\/p>\n<div style=\"text-align: justify;\"><\/div>\n<div style=\"text-align: justify;\">\n<p><strong>\u27a1\ufe0fTem\u00e0tica:\u00a0<\/strong>els projectes que es presentin en aquesta edici\u00f3 hauran de donar resposta a reptes vinculats a un dels seg\u00fcents\u00a0<strong>quatre eixos<\/strong>:<\/p>\n<ul>\n<li>Eix 1:\u00a0<strong>Benestar emocional i social<\/strong><\/li>\n<li>Eix 2:\u00a0<strong>Art i creativitat per la cohesi\u00f3, integraci\u00f3 i transformaci\u00f3<\/strong><\/li>\n<li>Eix 3:\u00a0<strong>Ciutadania democr\u00e0tica i consci\u00e8ncia global<\/strong><\/li>\n<li>Eix 4:\u00a0<strong>Llengua, cultura i diversitat\u00a0<\/strong><\/li>\n<\/ul>\n<p>A les bases trobareu exemples de tem\u00e0tiques relacionades amb aquests eixos.<\/p>\n<p><strong>\u27a1\ufe0fContingut del projecte:<\/strong>\u00a0a part dels continguts espec\u00edfics demanats a cada modalitat, tots els projectes hauran de presentar:<\/p>\n<ul>\n<li><strong>V\u00eddeo explicatiu<\/strong>\u00a0del proc\u00e9s, on els protagonistes han de ser els alumnes.<\/li>\n<li><strong>P\u00f2ster divulgatiu<\/strong>\u00a0de la proposta.<\/li>\n<\/ul>\n<\/div>\n<div style=\"text-align: justify;\">\n<div>\n<div>\n<div>\n<div>\n<div><\/div>\n<\/div>\n<\/div>\n<\/div>\n<\/div>\n<\/div>\n<div style=\"text-align: justify;\">\n<div>\n<div>\n<div>\n<div>\n<div><\/div>\n<\/div>\n<\/div>\n<\/div>\n<\/div>\n<\/div>\n<div style=\"text-align: justify;\"><span style=\"font-size: 14px; color: #3366ff;\"><b>PROPOSTES EDUCATIVES:<\/b><\/span><\/div>\n<div><\/div>\n<div>\n<table style=\"border-collapse: collapse; width: 49.3101%; height: 192px;\">\n<tbody>\n<tr style=\"height: 96px;\">\n<td style=\"width: 17.9052%; background-color: #fadede; height: 96px; text-align: center;\"><a href=\"https:\/\/xtec.gencat.cat\/ca\/centres\/premis-i-concursos\/concursos_mschools\/mschools-student-awards\/mschools-student-awards-2024\/app-education\/\"><strong>AppEducation<\/strong><\/a><\/td>\n<td style=\"width: 17.8301%; text-align: center; background-color: #fadede; height: 96px;\"><a href=\"https:\/\/xtec.gencat.cat\/ca\/centres\/premis-i-concursos\/concursos_mschools\/mschools-student-awards\/mschools-student-awards-2024\/scratch-challenge\/\"><strong>ScratchChallenge<\/strong><\/a><\/td>\n<\/tr>\n<tr style=\"height: 96px;\">\n<td style=\"width: 17.9052%; text-align: center; background-color: #fadede; height: 96px;\"><a href=\"https:\/\/xtec.gencat.cat\/ca\/centres\/premis-i-concursos\/concursos_mschools\/mschools-student-awards\/mschools-student-awards-2024\/mobile-history-map\/\"><strong>MobileHistoryMAP<\/strong><\/a><\/td>\n<td style=\"width: 17.8301%; text-align: center; background-color: #fadede; height: 96px;\"><a href=\"https:\/\/xtec.gencat.cat\/ca\/centres\/premis-i-concursos\/concursos_mschools\/mschools-student-awards\/mschools-student-awards-2024\/plaques-programables-microbit-ed1-o-arduino\/\"><strong>Plaques programables<\/strong><\/a><strong>(Micro:bit, Arduino o ED1)<\/strong><\/td>\n<\/tr>\n<\/tbody>\n<\/table>\n<\/div>\n<div><\/div>\n<div style=\"text-align: justify;\"><strong><span style=\"color: #3366ff;\">INSCRIPCIONS:<\/span><\/strong><\/div>\n<div style=\"text-align: justify;\"><\/div>\n<div>\n<p style=\"text-align: justify;\">El per\u00edode d\u2019inscripci\u00f3 i de lliurament de projectes\u00a0<strong>s\u2019iniciar\u00e0 el 8 d\u2019abril i finalitzar\u00e0 el 6 de maig de 2024 a les 14:00 hores<\/strong>.<\/p>\n<p style=\"text-align: justify;\">La inscripci\u00f3 dels projectes es realitzar\u00e0 a trav\u00e9s de la p\u00e0gina web\u00a0<a href=\"https:\/\/mschools.com\/\" target=\"_blank\" rel=\"noopener\" data-saferedirecturl=\"https:\/\/www.google.com\/url?q=https:\/\/mschools.com&amp;source=gmail&amp;ust=1702489299486000&amp;usg=AOvVaw0w-662bc-TOcu802ttF9Uk\">https:\/\/<span class=\"il\">mschools<\/span>.com<\/a><\/p>\n<\/div>\n<div>\n<div><\/div>\n<\/div>\n","protected":false},"excerpt":{"rendered":"<p>Publicades les noves bases\u00a0per al concurs\u00a0mSchools\u00a0Awards\u00a02024!\u00a0En aquesta edici\u00f3, s\u2019incorporen canvis significatius en les diferents modalitats de participaci\u00f3. El\u00a0mSchools\u00a0Awards\u00a02024 t\u00e9 com [&hellip;]<\/p>\n","protected":false},"author":1,"featured_media":18359,"comment_status":"open","ping_status":"closed","sticky":false,"template":"","format":"standard","meta":{"_bbp_topic_count":0,"_bbp_reply_count":0,"_bbp_total_topic_count":0,"_bbp_total_reply_count":0,"_bbp_voice_count":0,"_bbp_anonymous_reply_count":0,"_bbp_topic_count_hidden":0,"_bbp_reply_count_hidden":0,"_bbp_forum_subforum_count":0,"site-sidebar-layout":"default","site-content-layout":"","ast-site-content-layout":"default","site-content-style":"default","site-sidebar-style":"default","ast-global-header-display":"","ast-banner-title-visibility":"","ast-main-header-display":"","ast-hfb-above-header-display":"","ast-hfb-below-header-display":"","ast-hfb-mobile-header-display":"","site-post-title":"","ast-breadcrumbs-content":"","ast-featured-img":"","footer-sml-layout":"","theme-transparent-header-meta":"","adv-header-id-meta":"","stick-header-meta":"","header-above-stick-meta":"","header-main-stick-meta":"","header-below-stick-meta":"","astra-migrate-meta-layouts":"set","ast-page-background-enabled":"default","ast-page-background-meta":{"desktop":{"background-color":"var(--ast-global-color-4)","background-image":"","background-repeat":"repeat","background-position":"center center","background-size":"auto","background-attachment":"scroll","background-type":"","background-media":"","overlay-type":"","overlay-color":"","overlay-opacity":"","overlay-gradient":""},"tablet":{"background-color":"","background-image":"","background-repeat":"repeat","background-position":"center center","background-size":"auto","background-attachment":"scroll","background-type":"","background-media":"","overlay-type":"","overlay-color":"","overlay-opacity":"","overlay-gradient":""},"mobile":{"background-color":"","background-image":"","background-repeat":"repeat","background-position":"center center","background-size":"auto","background-attachment":"scroll","background-type":"","background-media":"","overlay-type":"","overlay-color":"","overlay-opacity":"","overlay-gradient":""}},"ast-content-background-meta":{"desktop":{"background-color":"var(--ast-global-color-5)","background-image":"","background-repeat":"repeat","background-position":"center center","background-size":"auto","background-attachment":"scroll","background-type":"","background-media":"","overlay-type":"","overlay-color":"","overlay-opacity":"","overlay-gradient":""},"tablet":{"background-color":"var(--ast-global-color-5)","background-image":"","background-repeat":"repeat","background-position":"center center","background-size":"auto","background-attachment":"scroll","background-type":"","background-media":"","overlay-type":"","overlay-color":"","overlay-opacity":"","overlay-gradient":""},"mobile":{"background-color":"var(--ast-global-color-5)","background-image":"","background-repeat":"repeat","background-position":"center center","background-size":"auto","background-attachment":"scroll","background-type":"","background-media":"","overlay-type":"","overlay-color":"","overlay-opacity":"","overlay-gradient":""}},"footnotes":""},"categories":[1,29,78],"tags":[361,172,179,104,342,109,355,296],"class_list":["post-18356","post","type-post","status-publish","format-standard","has-post-thumbnail","hentry","category-general","category-portada","category-tac","tag-concurs","tag-educacio-primaria","tag-educacio-secundaria","tag-mhm","tag-mschools","tag-robotica","tag-tac","tag-tecnologia"],"post_mailing_queue_ids":[],"_links":{"self":[{"href":"https:\/\/serveiseducatius.xtec.cat\/pladurgell\/wp-json\/wp\/v2\/posts\/18356","targetHints":{"allow":["GET"]}}],"collection":[{"href":"https:\/\/serveiseducatius.xtec.cat\/pladurgell\/wp-json\/wp\/v2\/posts"}],"about":[{"href":"https:\/\/serveiseducatius.xtec.cat\/pladurgell\/wp-json\/wp\/v2\/types\/post"}],"author":[{"embeddable":true,"href":"https:\/\/serveiseducatius.xtec.cat\/pladurgell\/wp-json\/wp\/v2\/users\/1"}],"replies":[{"embeddable":true,"href":"https:\/\/serveiseducatius.xtec.cat\/pladurgell\/wp-json\/wp\/v2\/comments?post=18356"}],"version-history":[{"count":6,"href":"https:\/\/serveiseducatius.xtec.cat\/pladurgell\/wp-json\/wp\/v2\/posts\/18356\/revisions"}],"predecessor-version":[{"id":20950,"href":"https:\/\/serveiseducatius.xtec.cat\/pladurgell\/wp-json\/wp\/v2\/posts\/18356\/revisions\/20950"}],"wp:featuredmedia":[{"embeddable":true,"href":"https:\/\/serveiseducatius.xtec.cat\/pladurgell\/wp-json\/wp\/v2\/media\/18359"}],"wp:attachment":[{"href":"https:\/\/serveiseducatius.xtec.cat\/pladurgell\/wp-json\/wp\/v2\/media?parent=18356"}],"wp:term":[{"taxonomy":"category","embeddable":true,"href":"https:\/\/serveiseducatius.xtec.cat\/pladurgell\/wp-json\/wp\/v2\/categories?post=18356"},{"taxonomy":"post_tag","embeddable":true,"href":"https:\/\/serveiseducatius.xtec.cat\/pladurgell\/wp-json\/wp\/v2\/tags?post=18356"}],"curies":[{"name":"wp","href":"https:\/\/api.w.org\/{rel}","templated":true}]}}