{"id":18323,"date":"2023-12-11T12:26:10","date_gmt":"2023-12-11T11:26:10","guid":{"rendered":"https:\/\/serveiseducatius.xtec.cat\/pladurgell\/?p=18323"},"modified":"2023-12-11T12:27:14","modified_gmt":"2023-12-11T11:27:14","slug":"xvi-premi-dillustracio-de-poesia-el-sol-del-pla-i-xvi-premi-de-poesia-el-sol-del-pla","status":"publish","type":"post","link":"https:\/\/serveiseducatius.xtec.cat\/pladurgell\/portada\/xvi-premi-dillustracio-de-poesia-el-sol-del-pla-i-xvi-premi-de-poesia-el-sol-del-pla\/","title":{"rendered":"XVI Premi d&#8217;il\u00b7lustraci\u00f3 de poesia el Sol del Pla i XVI Premi de poesia el Sol del Pla"},"content":{"rendered":"<p><img loading=\"lazy\" decoding=\"async\" class=\"aligncenter wp-image-18324\" src=\"https:\/\/serveiseducatius.xtec.cat\/pladurgell\/wp-content\/uploads\/usu1141\/2023\/12\/Quinze-Premi-dillustracio.png\" alt=\"\" width=\"586\" height=\"837\" \/><\/p>\n<p class=\"gmail_default\">Us animem a participar a la <strong>XVI edici\u00f3 del Premi d&#8217;il\u00b7lustraci\u00f3 de poesia el Sol del Pla i XVI edici\u00f3 del Premi de poesia el Sol del Pla<\/strong>. Es tracta d&#8217;un del premis literaris amb m\u00e9s tradici\u00f3 de la nostra comarca adre\u00e7at a centres educatius.<!--more--><\/p>\n<p class=\"gmail_default\">En aquest <a href=\"https:\/\/drive.google.com\/file\/d\/1xrbZIVAMgTJkKJoR43Qr5hzjlwUiSpKD\/view?usp=sharing\">enlla\u00e7<\/a> podreu consultar <strong>les bases<\/strong> d&#8217;aquesta convocat\u00f2ria.<\/p>\n<p class=\"gmail_default\">Per a les il\u00b7lustracions cal basar-se en els poemes guanyadors de la darrera edici\u00f3 recollits en el <a href=\"https:\/\/drive.google.com\/file\/d\/1BynEdTeSLjb8CFgdRzoed-V7Yjo_1xiJ\/view?usp=sharing\">document pdf<\/a> que us enllacem.<\/p>\n<p class=\"gmail_default\">La data l\u00edmit de lliurament de treballs ser\u00e0 el <strong>29<\/strong><b> de febrer de 2024<\/b>\u00a0a la seu del Consell Comarcal del Pla d&#8217;Urgell ( C\/ Prat de la Riba,1 25230-Mollerussa)<\/p>\n","protected":false},"excerpt":{"rendered":"<p>Us animem a participar a la XVI edici\u00f3 del Premi d&#8217;il\u00b7lustraci\u00f3 de poesia el Sol del Pla i XVI edici\u00f3 [&hellip;]<\/p>\n","protected":false},"author":1,"featured_media":18324,"comment_status":"open","ping_status":"closed","sticky":false,"template":"","format":"standard","meta":{"_bbp_topic_count":0,"_bbp_reply_count":0,"_bbp_total_topic_count":0,"_bbp_total_reply_count":0,"_bbp_voice_count":0,"_bbp_anonymous_reply_count":0,"_bbp_topic_count_hidden":0,"_bbp_reply_count_hidden":0,"_bbp_forum_subforum_count":0,"site-sidebar-layout":"default","site-content-layout":"","ast-site-content-layout":"","site-content-style":"default","site-sidebar-style":"default","ast-global-header-display":"","ast-banner-title-visibility":"","ast-main-header-display":"","ast-hfb-above-header-display":"","ast-hfb-below-header-display":"","ast-hfb-mobile-header-display":"","site-post-title":"","ast-breadcrumbs-content":"","ast-featured-img":"","footer-sml-layout":"","theme-transparent-header-meta":"","adv-header-id-meta":"","stick-header-meta":"","header-above-stick-meta":"","header-main-stick-meta":"","header-below-stick-meta":"","astra-migrate-meta-layouts":"default","ast-page-background-enabled":"default","ast-page-background-meta":{"desktop":{"background-color":"var(--ast-global-color-4)","background-image":"","background-repeat":"repeat","background-position":"center center","background-size":"auto","background-attachment":"scroll","background-type":"","background-media":"","overlay-type":"","overlay-color":"","overlay-opacity":"","overlay-gradient":""},"tablet":{"background-color":"","background-image":"","background-repeat":"repeat","background-position":"center center","background-size":"auto","background-attachment":"scroll","background-type":"","background-media":"","overlay-type":"","overlay-color":"","overlay-opacity":"","overlay-gradient":""},"mobile":{"background-color":"","background-image":"","background-repeat":"repeat","background-position":"center center","background-size":"auto","background-attachment":"scroll","background-type":"","background-media":"","overlay-type":"","overlay-color":"","overlay-opacity":"","overlay-gradient":""}},"ast-content-background-meta":{"desktop":{"background-color":"var(--ast-global-color-5)","background-image":"","background-repeat":"repeat","background-position":"center center","background-size":"auto","background-attachment":"scroll","background-type":"","background-media":"","overlay-type":"","overlay-color":"","overlay-opacity":"","overlay-gradient":""},"tablet":{"background-color":"var(--ast-global-color-5)","background-image":"","background-repeat":"repeat","background-position":"center center","background-size":"auto","background-attachment":"scroll","background-type":"","background-media":"","overlay-type":"","overlay-color":"","overlay-opacity":"","overlay-gradient":""},"mobile":{"background-color":"var(--ast-global-color-5)","background-image":"","background-repeat":"repeat","background-position":"center center","background-size":"auto","background-attachment":"scroll","background-type":"","background-media":"","overlay-type":"","overlay-color":"","overlay-opacity":"","overlay-gradient":""}},"footnotes":""},"categories":[29],"tags":[778,163,172,179,100,292,291],"class_list":["post-18323","post","type-post","status-publish","format-standard","has-post-thumbnail","hentry","category-portada","tag-soldelpla","tag-educacio-infantil","tag-educacio-primaria","tag-educacio-secundaria","tag-lectura","tag-literatura","tag-premis"],"post_mailing_queue_ids":[],"_links":{"self":[{"href":"https:\/\/serveiseducatius.xtec.cat\/pladurgell\/wp-json\/wp\/v2\/posts\/18323","targetHints":{"allow":["GET"]}}],"collection":[{"href":"https:\/\/serveiseducatius.xtec.cat\/pladurgell\/wp-json\/wp\/v2\/posts"}],"about":[{"href":"https:\/\/serveiseducatius.xtec.cat\/pladurgell\/wp-json\/wp\/v2\/types\/post"}],"author":[{"embeddable":true,"href":"https:\/\/serveiseducatius.xtec.cat\/pladurgell\/wp-json\/wp\/v2\/users\/1"}],"replies":[{"embeddable":true,"href":"https:\/\/serveiseducatius.xtec.cat\/pladurgell\/wp-json\/wp\/v2\/comments?post=18323"}],"version-history":[{"count":2,"href":"https:\/\/serveiseducatius.xtec.cat\/pladurgell\/wp-json\/wp\/v2\/posts\/18323\/revisions"}],"predecessor-version":[{"id":18327,"href":"https:\/\/serveiseducatius.xtec.cat\/pladurgell\/wp-json\/wp\/v2\/posts\/18323\/revisions\/18327"}],"wp:featuredmedia":[{"embeddable":true,"href":"https:\/\/serveiseducatius.xtec.cat\/pladurgell\/wp-json\/wp\/v2\/media\/18324"}],"wp:attachment":[{"href":"https:\/\/serveiseducatius.xtec.cat\/pladurgell\/wp-json\/wp\/v2\/media?parent=18323"}],"wp:term":[{"taxonomy":"category","embeddable":true,"href":"https:\/\/serveiseducatius.xtec.cat\/pladurgell\/wp-json\/wp\/v2\/categories?post=18323"},{"taxonomy":"post_tag","embeddable":true,"href":"https:\/\/serveiseducatius.xtec.cat\/pladurgell\/wp-json\/wp\/v2\/tags?post=18323"}],"curies":[{"name":"wp","href":"https:\/\/api.w.org\/{rel}","templated":true}]}}