{"id":17861,"date":"2023-10-10T08:03:29","date_gmt":"2023-10-10T06:03:29","guid":{"rendered":"https:\/\/serveiseducatius.xtec.cat\/pladurgell\/?p=17861"},"modified":"2023-10-10T08:03:29","modified_gmt":"2023-10-10T06:03:29","slug":"programes-escolars-de-fruites-hortalises-i-de-llet-curs-2023-24","status":"publish","type":"post","link":"https:\/\/serveiseducatius.xtec.cat\/pladurgell\/general\/programes-escolars-de-fruites-hortalises-i-de-llet-curs-2023-24\/","title":{"rendered":"Programes escolars de fruites, hortalises i de llet. Curs 2023-24"},"content":{"rendered":"<h5><img loading=\"lazy\" decoding=\"async\" class=\"aligncenter size-full wp-image-11637\" src=\"https:\/\/serveiseducatius.xtec.cat\/pladurgell\/wp-content\/uploads\/usu1141\/2020\/05\/cartell-programa-consum-fruita-hortalisses-escoles-unio-europea-332x332.jpg_563309836.jpg\" alt=\"\" width=\"500\" height=\"500\" \/><\/h5>\n<p style=\"text-align: justify;\"><span style=\"font-family: verdana, sans-serif; font-size: small;\">S&#8217;ha publicat la<\/span><a href=\"https:\/\/govclipping.com\/es\/catalunya\/boa\/2023-10-03\/9125-departamento-accion-climatica-alimentacion-agenda-rural-otras-disposiciones-dogc-n-2023-9012\" target=\"_blank\" rel=\"noopener\" data-saferedirecturl=\"https:\/\/www.google.com\/url?q=https:\/\/govclipping.com\/es\/catalunya\/boa\/2023-10-03\/9125-departamento-accion-climatica-alimentacion-agenda-rural-otras-disposiciones-dogc-n-2023-9012&amp;source=gmail&amp;ust=1696924489117000&amp;usg=AOvVaw0u4OzR0yKmFU6Ij6g4ia5V\"><span style=\"font-family: verdana, sans-serif; font-size: small;\"> Resoluci\u00f3 ACC\/3312\/2023, de 20 de juliol, <\/span><\/a><span style=\"font-family: verdana, sans-serif; font-size: small;\">en qu\u00e8 s&#8217;obre el termini de sol\u00b7licitud de participaci\u00f3 dels centres educatius en <strong>els programes escolars de fruites, verdures i llet<\/strong>, dins dels programes escolars per al curs 2023-24.<\/span><\/p>\n<p><span style=\"font-family: verdana, sans-serif; font-size: small;\">La sol\u00b7licitud de participaci\u00f3 als programes de fruites, hortalisses i de llet del curs 2023\/2024, permet als centres educatius p\u00fablics i privats que imparteixin 2n cicle d&#8217;educaci\u00f3 infantil i prim\u00e0ria rebre gratu\u00eftament fruites, hortalisses i llet per al consum dels nens\/nenes a l\u2019hora d\u2019esmorzar o berenar dins del recinte escolar (alumnat de 3 a 12 anys). <\/span><\/p>\n<p style=\"text-align: justify;\"><span style=\"font-family: verdana, sans-serif; font-size: small;\">En aquest <span style=\"font-family: verdana, sans-serif;\"><a href=\"https:\/\/agricultura.gencat.cat\/ca\/tramits\/tramits-temes\/9474_Participacio-dels-centres-educatius-al-Pla-de-consum-de-fruites-i-hortalisses\" target=\"_blank\" rel=\"noopener\" data-saferedirecturl=\"https:\/\/www.google.com\/url?q=https:\/\/agricultura.gencat.cat\/ca\/tramits\/tramits-temes\/9474_Participacio-dels-centres-educatius-al-Pla-de-consum-de-fruites-i-hortalisses&amp;source=gmail&amp;ust=1696924489117000&amp;usg=AOvVaw3-yVDbUVM9GlCNmANDWqvs\">enlla\u00e7<\/a><\/span> trobareu tota la informaci\u00f3 i podreu gestionar la vostra sol\u00b7licitud <strong>fins el 3 de novembre de 2023.<\/strong><\/span><\/p>\n","protected":false},"excerpt":{"rendered":"<p>S&#8217;ha publicat la Resoluci\u00f3 ACC\/3312\/2023, de 20 de juliol, en qu\u00e8 s&#8217;obre el termini de sol\u00b7licitud de participaci\u00f3 dels centres [&hellip;]<\/p>\n","protected":false},"author":1,"featured_media":11637,"comment_status":"open","ping_status":"closed","sticky":false,"template":"","format":"standard","meta":{"_bbp_topic_count":0,"_bbp_reply_count":0,"_bbp_total_topic_count":0,"_bbp_total_reply_count":0,"_bbp_voice_count":0,"_bbp_anonymous_reply_count":0,"_bbp_topic_count_hidden":0,"_bbp_reply_count_hidden":0,"_bbp_forum_subforum_count":0,"site-sidebar-layout":"default","site-content-layout":"","ast-site-content-layout":"","site-content-style":"default","site-sidebar-style":"default","ast-global-header-display":"","ast-banner-title-visibility":"","ast-main-header-display":"","ast-hfb-above-header-display":"","ast-hfb-below-header-display":"","ast-hfb-mobile-header-display":"","site-post-title":"","ast-breadcrumbs-content":"","ast-featured-img":"","footer-sml-layout":"","theme-transparent-header-meta":"","adv-header-id-meta":"","stick-header-meta":"","header-above-stick-meta":"","header-main-stick-meta":"","header-below-stick-meta":"","astra-migrate-meta-layouts":"default","ast-page-background-enabled":"default","ast-page-background-meta":{"desktop":{"background-color":"var(--ast-global-color-4)","background-image":"","background-repeat":"repeat","background-position":"center center","background-size":"auto","background-attachment":"scroll","background-type":"","background-media":"","overlay-type":"","overlay-color":"","overlay-opacity":"","overlay-gradient":""},"tablet":{"background-color":"","background-image":"","background-repeat":"repeat","background-position":"center center","background-size":"auto","background-attachment":"scroll","background-type":"","background-media":"","overlay-type":"","overlay-color":"","overlay-opacity":"","overlay-gradient":""},"mobile":{"background-color":"","background-image":"","background-repeat":"repeat","background-position":"center center","background-size":"auto","background-attachment":"scroll","background-type":"","background-media":"","overlay-type":"","overlay-color":"","overlay-opacity":"","overlay-gradient":""}},"ast-content-background-meta":{"desktop":{"background-color":"var(--ast-global-color-5)","background-image":"","background-repeat":"repeat","background-position":"center center","background-size":"auto","background-attachment":"scroll","background-type":"","background-media":"","overlay-type":"","overlay-color":"","overlay-opacity":"","overlay-gradient":""},"tablet":{"background-color":"var(--ast-global-color-5)","background-image":"","background-repeat":"repeat","background-position":"center center","background-size":"auto","background-attachment":"scroll","background-type":"","background-media":"","overlay-type":"","overlay-color":"","overlay-opacity":"","overlay-gradient":""},"mobile":{"background-color":"var(--ast-global-color-5)","background-image":"","background-repeat":"repeat","background-position":"center center","background-size":"auto","background-attachment":"scroll","background-type":"","background-media":"","overlay-type":"","overlay-color":"","overlay-opacity":"","overlay-gradient":""}},"footnotes":""},"categories":[1,29],"tags":[163,172],"class_list":["post-17861","post","type-post","status-publish","format-standard","has-post-thumbnail","hentry","category-general","category-portada","tag-educacio-infantil","tag-educacio-primaria"],"post_mailing_queue_ids":[],"_links":{"self":[{"href":"https:\/\/serveiseducatius.xtec.cat\/pladurgell\/wp-json\/wp\/v2\/posts\/17861","targetHints":{"allow":["GET"]}}],"collection":[{"href":"https:\/\/serveiseducatius.xtec.cat\/pladurgell\/wp-json\/wp\/v2\/posts"}],"about":[{"href":"https:\/\/serveiseducatius.xtec.cat\/pladurgell\/wp-json\/wp\/v2\/types\/post"}],"author":[{"embeddable":true,"href":"https:\/\/serveiseducatius.xtec.cat\/pladurgell\/wp-json\/wp\/v2\/users\/1"}],"replies":[{"embeddable":true,"href":"https:\/\/serveiseducatius.xtec.cat\/pladurgell\/wp-json\/wp\/v2\/comments?post=17861"}],"version-history":[{"count":4,"href":"https:\/\/serveiseducatius.xtec.cat\/pladurgell\/wp-json\/wp\/v2\/posts\/17861\/revisions"}],"predecessor-version":[{"id":17865,"href":"https:\/\/serveiseducatius.xtec.cat\/pladurgell\/wp-json\/wp\/v2\/posts\/17861\/revisions\/17865"}],"wp:featuredmedia":[{"embeddable":true,"href":"https:\/\/serveiseducatius.xtec.cat\/pladurgell\/wp-json\/wp\/v2\/media\/11637"}],"wp:attachment":[{"href":"https:\/\/serveiseducatius.xtec.cat\/pladurgell\/wp-json\/wp\/v2\/media?parent=17861"}],"wp:term":[{"taxonomy":"category","embeddable":true,"href":"https:\/\/serveiseducatius.xtec.cat\/pladurgell\/wp-json\/wp\/v2\/categories?post=17861"},{"taxonomy":"post_tag","embeddable":true,"href":"https:\/\/serveiseducatius.xtec.cat\/pladurgell\/wp-json\/wp\/v2\/tags?post=17861"}],"curies":[{"name":"wp","href":"https:\/\/api.w.org\/{rel}","templated":true}]}}