{"id":17595,"date":"2023-06-22T19:12:47","date_gmt":"2023-06-22T17:12:47","guid":{"rendered":"https:\/\/serveiseducatius.xtec.cat\/pladurgell\/?p=17595"},"modified":"2023-06-22T19:13:24","modified_gmt":"2023-06-22T17:13:24","slug":"butlleti-digital-del-banc-de-recursos-la-lectura-font-de-plaer-i-de-coneixement-4","status":"publish","type":"post","link":"https:\/\/serveiseducatius.xtec.cat\/pladurgell\/general\/butlleti-digital-del-banc-de-recursos-la-lectura-font-de-plaer-i-de-coneixement-4\/","title":{"rendered":"Butllet\u00ed  digital del Banc de recursos La lectura: font de plaer i de coneixement"},"content":{"rendered":"<p><img loading=\"lazy\" decoding=\"async\" class=\"aligncenter wp-image-9028\" src=\"https:\/\/serveiseducatius.xtec.cat\/pladurgell\/wp-content\/uploads\/usu1141\/2018\/05\/actualitat-412X412-bdr-nou-format.png_1595044798.png\" alt=\"\" width=\"252\" height=\"252\" srcset=\"https:\/\/serveiseducatius.xtec.cat\/pladurgell\/wp-content\/uploads\/usu1141\/2018\/05\/actualitat-412X412-bdr-nou-format.png_1595044798.png 538w, https:\/\/serveiseducatius.xtec.cat\/pladurgell\/wp-content\/uploads\/usu1141\/2018\/05\/actualitat-412X412-bdr-nou-format.png_1595044798-150x150.png 150w, https:\/\/serveiseducatius.xtec.cat\/pladurgell\/wp-content\/uploads\/usu1141\/2018\/05\/actualitat-412X412-bdr-nou-format.png_1595044798-300x300.png 300w\" sizes=\"auto, (max-width: 252px) 100vw, 252px\" \/><\/p>\n<p style=\"text-align: justify;\"><span style=\"font-family: verdana, sans-serif;\">Ja podeu disposar del <\/span><span style=\"font-family: arial, sans-serif;\"><b>Butllet\u00ed<\/b><b>\u00a0Digital del\u00a0<a href=\"https:\/\/serveiseducatius.xtec.cat\/bdrlectura\/\" target=\"_blank\" rel=\"noopener\" data-saferedirecturl=\"https:\/\/www.google.com\/url?q=https:\/\/serveiseducatius.xtec.cat\/bdrlectura\/&amp;source=gmail&amp;ust=1687536568609000&amp;usg=AOvVaw36Af3uwmJj3b7WeTeIy_fV\">Banc de Recursos. La Lectura, font de plaer i de coneixement<\/a>,\u00a0<\/b>d&#8217;aquest tercer trimestre del curs 22-23!<\/span><\/p>\n<p style=\"text-align: justify;\"><span style=\"font-family: arial, sans-serif;\">\u00a0<\/span><b style=\"text-align: -webkit-center;\"><a style=\"color: #2795b6;\" href=\"https:\/\/sites.google.com\/xtec.cat\/bancderecursos\" target=\"_blank\" rel=\"noopener\" data-saferedirecturl=\"https:\/\/www.google.com\/url?q=https:\/\/sites.google.com\/xtec.cat\/bancderecursos&amp;source=gmail&amp;ust=1687536568609000&amp;usg=AOvVaw2ehB8TcqTkmTB7veCXNZGC\"><img loading=\"lazy\" decoding=\"async\" class=\"an1\" src=\"https:\/\/fonts.gstatic.com\/s\/e\/notoemoji\/15.0\/1f449\/72.png\" alt=\"\ud83d\udc49\" width=\"30\" height=\"30\" data-emoji=\"\ud83d\udc49\" aria-label=\"\ud83d\udc49\" \/>\u00a0 <b><\/b><\/a><b><a href=\"https:\/\/sites.google.com\/xtec.cat\/bancderecursos\" target=\"_blank\" rel=\"noopener\" data-saferedirecturl=\"https:\/\/www.google.com\/url?q=https:\/\/sites.google.com\/xtec.cat\/bancderecursos&amp;source=gmail&amp;ust=1687536568609000&amp;usg=AOvVaw2ehB8TcqTkmTB7veCXNZGC\">BUTLLET\u00cd DIGITAL BDR Juny 2023<\/a><\/b><\/b><!--more--><\/p>\n<p style=\"text-align: justify;\">Aquest \u00e9s el darrer n\u00famero del Butllet\u00ed digital\u00a0del BdR. El Departament ha decidit, tancar aquest grup de treball que feia recerca, difusi\u00f3 i promoci\u00f3 dels recursos de\u00a0<b>lectura\u00a0<\/b>d&#8217;arreu del territori.<\/p>\n<p style=\"text-align: justify;\"><span style=\"font-family: arial, sans-serif;\">D&#8217;aquest n\u00famero destaquen l&#8217;article del TERMCAT on detalla el nom de les <a href=\"https:\/\/serveiseducatius.xtec.cat\/bdrlectura\/general\/termcat-parts-del-llibre\/\" target=\"_blank\" rel=\"noopener\" data-saferedirecturl=\"https:\/\/www.google.com\/url?q=https:\/\/serveiseducatius.xtec.cat\/bdrlectura\/general\/termcat-parts-del-llibre\/&amp;source=gmail&amp;ust=1687539936057000&amp;usg=AOvVaw1WY2EWedKDmWCrKEtTLG-x\">diferents parts d&#8217;un llibre<\/a>, aix\u00ed parlem amb propietat i correcci\u00f3 i el\u00a0<a href=\"https:\/\/projectes.xtec.cat\/internacional\/general\/kit-pedagogic-de-poesia-francofona\/\" target=\"_blank\" rel=\"noopener\" data-saferedirecturl=\"https:\/\/www.google.com\/url?q=https:\/\/projectes.xtec.cat\/internacional\/general\/kit-pedagogic-de-poesia-francofona\/&amp;source=gmail&amp;ust=1687539936057000&amp;usg=AOvVaw1id2U6-wIQTi7rllMUGNKf\">kit pedag\u00f2gic de poesia franc\u00f2fona<\/a>\u00a0<\/span>elaborat per l\u2019Ambaixada de Fran\u00e7a i l\u2019Institut Franc\u00e8s d\u2019Espanya.<\/p>\n<p style=\"text-align: justify;\">Feu-hi una ullada, que de ben segur trobeu altres entrades interessants!<\/p>\n<p style=\"text-align: justify;\">Que la darrera p\u00e0gina d&#8217;un llibre sigui la primera lectura del seg\u00fcent!<\/p>\n","protected":false},"excerpt":{"rendered":"<p>Ja podeu disposar del Butllet\u00ed\u00a0Digital del\u00a0Banc de Recursos. La Lectura, font de plaer i de coneixement,\u00a0d&#8217;aquest tercer trimestre del curs [&hellip;]<\/p>\n","protected":false},"author":1,"featured_media":15412,"comment_status":"open","ping_status":"closed","sticky":false,"template":"","format":"standard","meta":{"_bbp_topic_count":0,"_bbp_reply_count":0,"_bbp_total_topic_count":0,"_bbp_total_reply_count":0,"_bbp_voice_count":0,"_bbp_anonymous_reply_count":0,"_bbp_topic_count_hidden":0,"_bbp_reply_count_hidden":0,"_bbp_forum_subforum_count":0,"site-sidebar-layout":"default","site-content-layout":"","ast-site-content-layout":"","site-content-style":"default","site-sidebar-style":"default","ast-global-header-display":"","ast-banner-title-visibility":"","ast-main-header-display":"","ast-hfb-above-header-display":"","ast-hfb-below-header-display":"","ast-hfb-mobile-header-display":"","site-post-title":"","ast-breadcrumbs-content":"","ast-featured-img":"","footer-sml-layout":"","theme-transparent-header-meta":"","adv-header-id-meta":"","stick-header-meta":"","header-above-stick-meta":"","header-main-stick-meta":"","header-below-stick-meta":"","astra-migrate-meta-layouts":"default","ast-page-background-enabled":"default","ast-page-background-meta":{"desktop":{"background-color":"var(--ast-global-color-4)","background-image":"","background-repeat":"repeat","background-position":"center center","background-size":"auto","background-attachment":"scroll","background-type":"","background-media":"","overlay-type":"","overlay-color":"","overlay-opacity":"","overlay-gradient":""},"tablet":{"background-color":"","background-image":"","background-repeat":"repeat","background-position":"center center","background-size":"auto","background-attachment":"scroll","background-type":"","background-media":"","overlay-type":"","overlay-color":"","overlay-opacity":"","overlay-gradient":""},"mobile":{"background-color":"","background-image":"","background-repeat":"repeat","background-position":"center center","background-size":"auto","background-attachment":"scroll","background-type":"","background-media":"","overlay-type":"","overlay-color":"","overlay-opacity":"","overlay-gradient":""}},"ast-content-background-meta":{"desktop":{"background-color":"var(--ast-global-color-5)","background-image":"","background-repeat":"repeat","background-position":"center center","background-size":"auto","background-attachment":"scroll","background-type":"","background-media":"","overlay-type":"","overlay-color":"","overlay-opacity":"","overlay-gradient":""},"tablet":{"background-color":"var(--ast-global-color-5)","background-image":"","background-repeat":"repeat","background-position":"center center","background-size":"auto","background-attachment":"scroll","background-type":"","background-media":"","overlay-type":"","overlay-color":"","overlay-opacity":"","overlay-gradient":""},"mobile":{"background-color":"var(--ast-global-color-5)","background-image":"","background-repeat":"repeat","background-position":"center center","background-size":"auto","background-attachment":"scroll","background-type":"","background-media":"","overlay-type":"","overlay-color":"","overlay-opacity":"","overlay-gradient":""}},"footnotes":""},"categories":[359,1,497,29],"tags":[100,292],"class_list":["post-17595","post","type-post","status-publish","format-standard","has-post-thumbnail","hentry","category-biblioteques-escolars-de-catalunya","category-general","category-llengua-i-literatura","category-portada","tag-lectura","tag-literatura"],"post_mailing_queue_ids":[],"_links":{"self":[{"href":"https:\/\/serveiseducatius.xtec.cat\/pladurgell\/wp-json\/wp\/v2\/posts\/17595","targetHints":{"allow":["GET"]}}],"collection":[{"href":"https:\/\/serveiseducatius.xtec.cat\/pladurgell\/wp-json\/wp\/v2\/posts"}],"about":[{"href":"https:\/\/serveiseducatius.xtec.cat\/pladurgell\/wp-json\/wp\/v2\/types\/post"}],"author":[{"embeddable":true,"href":"https:\/\/serveiseducatius.xtec.cat\/pladurgell\/wp-json\/wp\/v2\/users\/1"}],"replies":[{"embeddable":true,"href":"https:\/\/serveiseducatius.xtec.cat\/pladurgell\/wp-json\/wp\/v2\/comments?post=17595"}],"version-history":[{"count":3,"href":"https:\/\/serveiseducatius.xtec.cat\/pladurgell\/wp-json\/wp\/v2\/posts\/17595\/revisions"}],"predecessor-version":[{"id":17598,"href":"https:\/\/serveiseducatius.xtec.cat\/pladurgell\/wp-json\/wp\/v2\/posts\/17595\/revisions\/17598"}],"wp:featuredmedia":[{"embeddable":true,"href":"https:\/\/serveiseducatius.xtec.cat\/pladurgell\/wp-json\/wp\/v2\/media\/15412"}],"wp:attachment":[{"href":"https:\/\/serveiseducatius.xtec.cat\/pladurgell\/wp-json\/wp\/v2\/media?parent=17595"}],"wp:term":[{"taxonomy":"category","embeddable":true,"href":"https:\/\/serveiseducatius.xtec.cat\/pladurgell\/wp-json\/wp\/v2\/categories?post=17595"},{"taxonomy":"post_tag","embeddable":true,"href":"https:\/\/serveiseducatius.xtec.cat\/pladurgell\/wp-json\/wp\/v2\/tags?post=17595"}],"curies":[{"name":"wp","href":"https:\/\/api.w.org\/{rel}","templated":true}]}}