{"id":17124,"date":"2023-03-21T14:22:49","date_gmt":"2023-03-21T13:22:49","guid":{"rendered":"https:\/\/serveiseducatius.xtec.cat\/pladurgell\/?p=17124"},"modified":"2023-03-22T15:43:14","modified_gmt":"2023-03-22T14:43:14","slug":"conferencia-interculturalitat-racisme-estructural-i-estrategies-dintervencio","status":"publish","type":"post","link":"https:\/\/serveiseducatius.xtec.cat\/pladurgell\/general\/conferencia-interculturalitat-racisme-estructural-i-estrategies-dintervencio\/","title":{"rendered":"Confer\u00e8ncia &#8220;Interculturalitat: racisme estructural i estrat\u00e8gies d&#8217;intervenci\u00f3&#8221;"},"content":{"rendered":"<p style=\"font-weight: 400;\"><img loading=\"lazy\" decoding=\"async\" class=\"aligncenter wp-image-17133\" src=\"https:\/\/serveiseducatius.xtec.cat\/pladurgell\/wp-content\/uploads\/usu1141\/2023\/03\/world.png\" alt=\"\" width=\"271\" height=\"275\" \/><\/p>\n<p style=\"font-weight: 400; text-align: justify;\">El proper dilluns, <strong>dia 27 de mar\u00e7 a les 17:30h,<\/strong>\u00a0tindr\u00e0 lloc la confer\u00e8ncia\u00a0 &#8220;<strong>Interculturalitat: racisme estructural i estrat\u00e8gies\u00a0<\/strong><strong>d&#8217;intervenci\u00f3&#8221;<\/strong>, a c\u00e0rrec del professor<strong>\u00a0\u00a0<\/strong>Mostaf\u00e0 Shaimi,<strong>\u00a0<\/strong>fil\u00f2sof i professor del departament\u00a0de pedagogia\u00a0de la\u00a0UdG.<\/p>\n<p style=\"font-weight: 400; text-align: justify;\">Aquesta xerrada s&#8217;emmarca en el\u00a0<strong>cicle de confer\u00e8ncies &#8220;<em>LLeng\u00fces i cultures del m\u00f3n<\/em>&#8220;.\u00a0\u00a0<\/strong>Experts en interculturalitat i en diferents lleng\u00fces i cultures del m\u00f3n ens aporten coneixement per ampliar la mirada intercultural en una comunitat educativa plural amb la finalitat de facilitar elements de reflexi\u00f3 per a la pr\u00e0ctica educativa sobre els fets i processos migratoris, aspectes socioculturals de les lleng\u00fces i cultures, d&#8217;una part important del nostre l&#8217;alumnat, i proporcionar eines i estrat\u00e8gies interculturals per la millora de la conviv\u00e8ncia i la cohesi\u00f3 social.<\/p>\n<p style=\"text-align: center;\"><strong><a href=\"https:\/\/drive.google.com\/file\/d\/1NWPrO7XKjgRC5FiMi1n_N_7hmfaIw78b\/view?usp=sharing\">Infografia<\/a><\/strong><\/p>\n<p><!--more--><\/p>\n<table>\n<tbody>\n<tr>\n<td colspan=\"2\">6002010506\u00a0C\u00a0<strong>\u00a0<\/strong><br \/>\n2022-2023<\/td>\n<td colspan=\"2\"><a href=\"https:\/\/aplicacions.gestioeducativa.gencat.cat\/pls\/gafoas\/pk_for_mod_res.p_for_cons_activitats?p_header=Men%FA%5Epk_for_mod_menu.p_for_opcions_menu?p_perfil=RES*Cerca%20d%27activitats%5Epk_for_mod_res.p_for_form_cons_res?p_submit=Llistar%2520activitat\/s*Llista%20d%27activitats%5Epk_for_mod_res.p_for_cons_activitats?p_curs=2022-2023%26p_entitat=0506%26p_curs_txt=2022-2023%26p_paginar=N%26p_page_size=10%26p_submit=Llistar%20activitat\/s%26p_ordre=C%26p_inici=1&amp;p_codi=6002010506&amp;p_curs=2022-2023\" data-saferedirecturl=\"https:\/\/www.google.com\/url?q=https:\/\/aplicacions.gestioeducativa.gencat.cat\/pls\/gafoas\/pk_for_mod_res.p_for_cons_activitats?p_header%3DMen%25FA%255Epk_for_mod_menu.p_for_opcions_menu?p_perfil%3DRES*Cerca%2520d%2527activitats%255Epk_for_mod_res.p_for_form_cons_res?p_submit%3DLlistar%252520activitat\/s*Llista%2520d%2527activitats%255Epk_for_mod_res.p_for_cons_activitats?p_curs%3D2022-2023%2526p_entitat%3D0506%2526p_curs_txt%3D2022-2023%2526p_paginar%3DN%2526p_page_size%3D10%2526p_submit%3DLlistar%2520activitat\/s%2526p_ordre%3DC%2526p_inici%3D1%26p_codi%3D6002010506%26p_curs%3D2022-2023&amp;source=gmail&amp;ust=1679484777986000&amp;usg=AOvVaw0NlXsQ4fh8NA4gBVpb0-sC\"><strong>Interculturalitat: racisme estructural i estrat\u00e8gies d&#8217;intervenci\u00f3.\u00a0 \u00a0<\/strong><\/a><br \/>\nConfer\u00e8ncia:\u00a0dilluns\u00a027\/3\/2023,\u00a0de\u00a017:30h a 19:00h<a href=\"https:\/\/aplicacions.gestioeducativa.gencat.cat\/pls\/soloas\/pk_for_mod_ins.p_for_detall_activitat?p_codi=6002010506&amp;p_curs=2022-2023&amp;p_es_inscr=S\" data-saferedirecturl=\"https:\/\/www.google.com\/url?q=https:\/\/aplicacions.gestioeducativa.gencat.cat\/pls\/soloas\/pk_for_mod_ins.p_for_detall_activitat?p_codi%3D6002010506%26p_curs%3D2022-2023%26p_es_inscr%3DS&amp;source=gmail&amp;ust=1679484777986000&amp;usg=AOvVaw3o7637lAsNV7LFQBxNbb0T\"><br \/>\n<strong>INSCRIPCI\u00d3<\/strong><\/a><\/td>\n<\/tr>\n<tr>\n<td colspan=\"2\">6006070542\u00a0C\u00a0<strong>\u00a0<\/strong><br \/>\n2022-2023<\/td>\n<td colspan=\"2\"><a href=\"https:\/\/aplicacions.gestioeducativa.gencat.cat\/pls\/gafoas\/pk_for_mod_res.p_for_cons_activitats?p_header=Men%FA%5Epk_for_mod_menu.p_for_opcions_menu?p_perfil=RES*Cerca%20d%27activitats%5Epk_for_mod_res.p_for_form_cons_res?p_submit=Llistar%2520activitat\/s*Llista%20d%27activitats%5Epk_for_mod_res.p_for_cons_activitats?p_curs=2022-2023%26p_entitat=0542%26p_curs_txt=2022-2023%26p_paginar=N%26p_page_size=10%26p_submit=Llistar%20activitat\/s%26p_ordre=C%26p_inici=1&amp;p_codi=6006070542&amp;p_curs=2022-2023\" data-saferedirecturl=\"https:\/\/www.google.com\/url?q=https:\/\/aplicacions.gestioeducativa.gencat.cat\/pls\/gafoas\/pk_for_mod_res.p_for_cons_activitats?p_header%3DMen%25FA%255Epk_for_mod_menu.p_for_opcions_menu?p_perfil%3DRES*Cerca%2520d%2527activitats%255Epk_for_mod_res.p_for_form_cons_res?p_submit%3DLlistar%252520activitat\/s*Llista%2520d%2527activitats%255Epk_for_mod_res.p_for_cons_activitats?p_curs%3D2022-2023%2526p_entitat%3D0542%2526p_curs_txt%3D2022-2023%2526p_paginar%3DN%2526p_page_size%3D10%2526p_submit%3DLlistar%2520activitat\/s%2526p_ordre%3DC%2526p_inici%3D1%26p_codi%3D6006070542%26p_curs%3D2022-2023&amp;source=gmail&amp;ust=1679484777986000&amp;usg=AOvVaw1kMIxhaOZgMnZDEmqd4jIv\"><strong>Lleng\u00fces i cultures del m\u00f3n. \u00c0frica subsahariana<\/strong><\/a><br \/>\nConfer\u00e8ncia: dijous 27\/4\/2023 de 17:30h a 19:00h<br \/>\n<a href=\"https:\/\/aplicacions.gestioeducativa.gencat.cat\/pls\/soloas\/pk_for_mod_ins.p_for_detall_activitat?p_codi=6006070542&amp;p_curs=2022-2023&amp;p_es_inscr=S\" data-saferedirecturl=\"https:\/\/www.google.com\/url?q=https:\/\/aplicacions.gestioeducativa.gencat.cat\/pls\/soloas\/pk_for_mod_ins.p_for_detall_activitat?p_codi%3D6006070542%26p_curs%3D2022-2023%26p_es_inscr%3DS&amp;source=gmail&amp;ust=1679484777986000&amp;usg=AOvVaw0NQ53zn8g8yY2-NWiGtxYr\"><strong>INSCRIPCI\u00d3<\/strong><\/a><\/td>\n<\/tr>\n<tr>\n<td colspan=\"2\">6006030542 C<br \/>\n2022-2023<\/td>\n<td colspan=\"2\"><a href=\"https:\/\/aplicacions.gestioeducativa.gencat.cat\/pls\/gafoas\/pk_for_mod_res.p_for_cons_activitats?p_header=Men%FA%5Epk_for_mod_menu.p_for_opcions_menu?p_perfil=RES*Cerca%20d%27activitats%5Epk_for_mod_res.p_for_form_cons_res?p_submit=Llistar%2520activitat\/s*Llista%20d%27activitats%5Epk_for_mod_res.p_for_cons_activitats?p_curs=2022-2023%26p_entitat=0542%26p_curs_txt=2022-2023%26p_paginar=N%26p_page_size=10%26p_submit=Llistar%20activitat\/s%26p_ordre=C%26p_inici=1&amp;p_codi=6006030542&amp;p_curs=2022-2023\" data-saferedirecturl=\"https:\/\/www.google.com\/url?q=https:\/\/aplicacions.gestioeducativa.gencat.cat\/pls\/gafoas\/pk_for_mod_res.p_for_cons_activitats?p_header%3DMen%25FA%255Epk_for_mod_menu.p_for_opcions_menu?p_perfil%3DRES*Cerca%2520d%2527activitats%255Epk_for_mod_res.p_for_form_cons_res?p_submit%3DLlistar%252520activitat\/s*Llista%2520d%2527activitats%255Epk_for_mod_res.p_for_cons_activitats?p_curs%3D2022-2023%2526p_entitat%3D0542%2526p_curs_txt%3D2022-2023%2526p_paginar%3DN%2526p_page_size%3D10%2526p_submit%3DLlistar%2520activitat\/s%2526p_ordre%3DC%2526p_inici%3D1%26p_codi%3D6006030542%26p_curs%3D2022-2023&amp;source=gmail&amp;ust=1679484777986000&amp;usg=AOvVaw01odE_IvSPNEAnWgaIOdOv\"><strong>Lleng\u00fces i cultures del m\u00f3n. El poble Amazic<\/strong><\/a>.<br \/>\nConfer\u00e8ncia: dimecres 24\/5\/2023 al 24\/5\/2023 de 17:30h a 19:00h<br \/>\n<a href=\"https:\/\/aplicacions.gestioeducativa.gencat.cat\/pls\/soloas\/pk_for_mod_ins.p_for_detall_activitat?p_codi=6006030542&amp;p_curs=2022-2023&amp;p_es_inscr=S\" data-saferedirecturl=\"https:\/\/www.google.com\/url?q=https:\/\/aplicacions.gestioeducativa.gencat.cat\/pls\/soloas\/pk_for_mod_ins.p_for_detall_activitat?p_codi%3D6006030542%26p_curs%3D2022-2023%26p_es_inscr%3DS&amp;source=gmail&amp;ust=1679484777986000&amp;usg=AOvVaw00D6UhBQEyuMzVrIJO2nma\"><strong>INSCRIPCI\u00d3<\/strong><\/a><\/td>\n<\/tr>\n<\/tbody>\n<\/table>\n<p>Esperem que aquest cicle de confer\u00e8ncies sigui del vostre inter\u00e8s. Podeu fer les inscripcions directament a l&#8217;enlla\u00e7.<\/p>\n","protected":false},"excerpt":{"rendered":"<p>El proper dilluns, dia 27 de mar\u00e7 a les 17:30h,\u00a0tindr\u00e0 lloc la confer\u00e8ncia\u00a0 &#8220;Interculturalitat: racisme estructural i estrat\u00e8gies\u00a0d&#8217;intervenci\u00f3&#8221;, a c\u00e0rrec [&hellip;]<\/p>\n","protected":false},"author":1,"featured_media":17133,"comment_status":"open","ping_status":"closed","sticky":false,"template":"","format":"standard","meta":{"_bbp_topic_count":0,"_bbp_reply_count":0,"_bbp_total_topic_count":0,"_bbp_total_reply_count":0,"_bbp_voice_count":0,"_bbp_anonymous_reply_count":0,"_bbp_topic_count_hidden":0,"_bbp_reply_count_hidden":0,"_bbp_forum_subforum_count":0,"site-sidebar-layout":"default","site-content-layout":"","ast-site-content-layout":"","site-content-style":"default","site-sidebar-style":"default","ast-global-header-display":"","ast-banner-title-visibility":"","ast-main-header-display":"","ast-hfb-above-header-display":"","ast-hfb-below-header-display":"","ast-hfb-mobile-header-display":"","site-post-title":"","ast-breadcrumbs-content":"","ast-featured-img":"","footer-sml-layout":"","theme-transparent-header-meta":"","adv-header-id-meta":"","stick-header-meta":"","header-above-stick-meta":"","header-main-stick-meta":"","header-below-stick-meta":"","astra-migrate-meta-layouts":"default","ast-page-background-enabled":"default","ast-page-background-meta":{"desktop":{"background-color":"var(--ast-global-color-4)","background-image":"","background-repeat":"repeat","background-position":"center center","background-size":"auto","background-attachment":"scroll","background-type":"","background-media":"","overlay-type":"","overlay-color":"","overlay-opacity":"","overlay-gradient":""},"tablet":{"background-color":"","background-image":"","background-repeat":"repeat","background-position":"center center","background-size":"auto","background-attachment":"scroll","background-type":"","background-media":"","overlay-type":"","overlay-color":"","overlay-opacity":"","overlay-gradient":""},"mobile":{"background-color":"","background-image":"","background-repeat":"repeat","background-position":"center center","background-size":"auto","background-attachment":"scroll","background-type":"","background-media":"","overlay-type":"","overlay-color":"","overlay-opacity":"","overlay-gradient":""}},"ast-content-background-meta":{"desktop":{"background-color":"var(--ast-global-color-5)","background-image":"","background-repeat":"repeat","background-position":"center center","background-size":"auto","background-attachment":"scroll","background-type":"","background-media":"","overlay-type":"","overlay-color":"","overlay-opacity":"","overlay-gradient":""},"tablet":{"background-color":"var(--ast-global-color-5)","background-image":"","background-repeat":"repeat","background-position":"center center","background-size":"auto","background-attachment":"scroll","background-type":"","background-media":"","overlay-type":"","overlay-color":"","overlay-opacity":"","overlay-gradient":""},"mobile":{"background-color":"var(--ast-global-color-5)","background-image":"","background-repeat":"repeat","background-position":"center center","background-size":"auto","background-attachment":"scroll","background-type":"","background-media":"","overlay-type":"","overlay-color":"","overlay-opacity":"","overlay-gradient":""}},"footnotes":""},"categories":[704,68,1,29],"tags":[367,705],"class_list":["post-17124","post","type-post","status-publish","format-standard","has-post-thumbnail","hentry","category-conferencia","category-elic","category-general","category-portada","tag-conferencia","tag-interculturalitat"],"post_mailing_queue_ids":[],"_links":{"self":[{"href":"https:\/\/serveiseducatius.xtec.cat\/pladurgell\/wp-json\/wp\/v2\/posts\/17124","targetHints":{"allow":["GET"]}}],"collection":[{"href":"https:\/\/serveiseducatius.xtec.cat\/pladurgell\/wp-json\/wp\/v2\/posts"}],"about":[{"href":"https:\/\/serveiseducatius.xtec.cat\/pladurgell\/wp-json\/wp\/v2\/types\/post"}],"author":[{"embeddable":true,"href":"https:\/\/serveiseducatius.xtec.cat\/pladurgell\/wp-json\/wp\/v2\/users\/1"}],"replies":[{"embeddable":true,"href":"https:\/\/serveiseducatius.xtec.cat\/pladurgell\/wp-json\/wp\/v2\/comments?post=17124"}],"version-history":[{"count":3,"href":"https:\/\/serveiseducatius.xtec.cat\/pladurgell\/wp-json\/wp\/v2\/posts\/17124\/revisions"}],"predecessor-version":[{"id":17138,"href":"https:\/\/serveiseducatius.xtec.cat\/pladurgell\/wp-json\/wp\/v2\/posts\/17124\/revisions\/17138"}],"wp:featuredmedia":[{"embeddable":true,"href":"https:\/\/serveiseducatius.xtec.cat\/pladurgell\/wp-json\/wp\/v2\/media\/17133"}],"wp:attachment":[{"href":"https:\/\/serveiseducatius.xtec.cat\/pladurgell\/wp-json\/wp\/v2\/media?parent=17124"}],"wp:term":[{"taxonomy":"category","embeddable":true,"href":"https:\/\/serveiseducatius.xtec.cat\/pladurgell\/wp-json\/wp\/v2\/categories?post=17124"},{"taxonomy":"post_tag","embeddable":true,"href":"https:\/\/serveiseducatius.xtec.cat\/pladurgell\/wp-json\/wp\/v2\/tags?post=17124"}],"curies":[{"name":"wp","href":"https:\/\/api.w.org\/{rel}","templated":true}]}}