{"id":16959,"date":"2023-02-21T10:01:05","date_gmt":"2023-02-21T09:01:05","guid":{"rendered":"https:\/\/serveiseducatius.xtec.cat\/pladurgell\/?p=16959"},"modified":"2023-02-21T17:33:35","modified_gmt":"2023-02-21T16:33:35","slug":"lets-clean-up-europe","status":"publish","type":"post","link":"https:\/\/serveiseducatius.xtec.cat\/pladurgell\/general\/lets-clean-up-europe\/","title":{"rendered":"LET&#8217;S CLEAN UP EUROPE!"},"content":{"rendered":"<p><img loading=\"lazy\" decoding=\"async\" class=\"aligncenter wp-image-16960\" src=\"https:\/\/serveiseducatius.xtec.cat\/pladurgell\/wp-content\/uploads\/usu1141\/2023\/02\/unnamed.jpg\" alt=\"\" width=\"550\" height=\"550\" \/><\/p>\n<p>Organitza una acci\u00f3 de neteja d&#8217;un espai natural i suma&#8217;t a la <strong>Let&#8217;s Clean Europe<\/strong>!!!\u00a0 \u00c9s una acci\u00f3 comuna a tot Europa per conscienciar sobre la quantitat de residus que llencem de forma incontrolada a la natura i promoure accions de sensibilitzaci\u00f3 a trav\u00e9s de la recollida d&#8217;aquests residus abocats il\u00b7legalment als boscos, platges, marges de rius, etc.<!--more--><\/p>\n<p>Inscripcions obertes a partir del 21 de febrer.<\/p>\n<p>Enlla\u00e7\u00a0<a href=\"https:\/\/escoles.fundesplai.org\/?mailpoet_router&amp;endpoint=track&amp;action=click&amp;data=WyI0MTUyIiwibThjemM0NTY2ajQ4MHcwY2NnNGtra29rZzQ0NDhzczgiLCIzNDQiLCI4NmJkMzgwODAwZjYiLGZhbHNlXQ\" target=\"_blank\" rel=\"noopener\" data-saferedirecturl=\"https:\/\/www.google.com\/url?q=https:\/\/escoles.fundesplai.org?mailpoet_router%26endpoint%3Dtrack%26action%3Dclick%26data%3DWyI0MTUyIiwibThjemM0NTY2ajQ4MHcwY2NnNGtra29rZzQ0NDhzczgiLCIzNDQiLCI4NmJkMzgwODAwZjYiLGZhbHNlXQ&amp;source=gmail&amp;ust=1676999239957000&amp;usg=AOvVaw3IqAcR5pG91r_58Kvepp3q\"><strong>inscripci\u00f3 Let&#8217;s Clean Europe 2023<\/strong><\/a><\/p>\n<p>El\u00a0<strong>2 de mar\u00e7<\/strong>\u00a0hi ha el\u00a0webinar informatiu, en l\u00ednia,\u00a0en el que es presentaran\u00a0recursos i experi\u00e8ncies per dissenyar situacions d&#8217;aprenentatge en el marc de la X edici\u00f3 del Let&#8217;s Clean Up Europe! que se celebrar\u00e0 del\u00a0<strong>5 al 7 de maig de 2023.<\/strong><\/p>\n<p><a href=\"https:\/\/residus.gencat.cat\/es\/ambits_dactuacio\/prevencio\/setmana_europea\/lets_clean_up_europe\/\">Enlla\u00e7 a tota la <strong>informaci\u00f3<\/strong> i recursos.<\/a><\/p>\n<p><a href=\"https:\/\/drive.google.com\/file\/d\/1XWTHRXA0TGE4GWja5UsALKk0kKE3P_HG\/view?usp=share_link\">Enlla\u00e7 al\u00a0<strong>programa<\/strong>\u00a0del webinar informatiu<\/a><\/p>\n<p><a href=\"https:\/\/docs.google.com\/forms\/d\/e\/1FAIpQLSc74NmCXnOCPkNiiBB7Sm2_lbW9QDYYWb5ipEKbRfFWQyC5OA\/viewform\">Enlla\u00e7 a la\u00a0<strong>inscripci\u00f3<\/strong>\u00a0del webinar informatiu<\/a><\/p>\n","protected":false},"excerpt":{"rendered":"<p>Organitza una acci\u00f3 de neteja d&#8217;un espai natural i suma&#8217;t a la Let&#8217;s Clean Europe!!!\u00a0 \u00c9s una acci\u00f3 comuna a [&hellip;]<\/p>\n","protected":false},"author":1,"featured_media":16960,"comment_status":"open","ping_status":"closed","sticky":false,"template":"","format":"standard","meta":{"_bbp_topic_count":0,"_bbp_reply_count":0,"_bbp_total_topic_count":0,"_bbp_total_reply_count":0,"_bbp_voice_count":0,"_bbp_anonymous_reply_count":0,"_bbp_topic_count_hidden":0,"_bbp_reply_count_hidden":0,"_bbp_forum_subforum_count":0,"site-sidebar-layout":"default","site-content-layout":"","ast-site-content-layout":"","site-content-style":"default","site-sidebar-style":"default","ast-global-header-display":"","ast-banner-title-visibility":"","ast-main-header-display":"","ast-hfb-above-header-display":"","ast-hfb-below-header-display":"","ast-hfb-mobile-header-display":"","site-post-title":"","ast-breadcrumbs-content":"","ast-featured-img":"","footer-sml-layout":"","theme-transparent-header-meta":"","adv-header-id-meta":"","stick-header-meta":"","header-above-stick-meta":"","header-main-stick-meta":"","header-below-stick-meta":"","astra-migrate-meta-layouts":"default","ast-page-background-enabled":"default","ast-page-background-meta":{"desktop":{"background-color":"var(--ast-global-color-4)","background-image":"","background-repeat":"repeat","background-position":"center center","background-size":"auto","background-attachment":"scroll","background-type":"","background-media":"","overlay-type":"","overlay-color":"","overlay-opacity":"","overlay-gradient":""},"tablet":{"background-color":"","background-image":"","background-repeat":"repeat","background-position":"center center","background-size":"auto","background-attachment":"scroll","background-type":"","background-media":"","overlay-type":"","overlay-color":"","overlay-opacity":"","overlay-gradient":""},"mobile":{"background-color":"","background-image":"","background-repeat":"repeat","background-position":"center center","background-size":"auto","background-attachment":"scroll","background-type":"","background-media":"","overlay-type":"","overlay-color":"","overlay-opacity":"","overlay-gradient":""}},"ast-content-background-meta":{"desktop":{"background-color":"var(--ast-global-color-5)","background-image":"","background-repeat":"repeat","background-position":"center center","background-size":"auto","background-attachment":"scroll","background-type":"","background-media":"","overlay-type":"","overlay-color":"","overlay-opacity":"","overlay-gradient":""},"tablet":{"background-color":"var(--ast-global-color-5)","background-image":"","background-repeat":"repeat","background-position":"center center","background-size":"auto","background-attachment":"scroll","background-type":"","background-media":"","overlay-type":"","overlay-color":"","overlay-opacity":"","overlay-gradient":""},"mobile":{"background-color":"var(--ast-global-color-5)","background-image":"","background-repeat":"repeat","background-position":"center center","background-size":"auto","background-attachment":"scroll","background-type":"","background-media":"","overlay-type":"","overlay-color":"","overlay-opacity":"","overlay-gradient":""}},"footnotes":""},"categories":[450,1,29,308],"tags":[363,295],"class_list":["post-16959","post","type-post","status-publish","format-standard","has-post-thumbnail","hentry","category-educacio-per-a-la-sostenibilitat","category-general","category-portada","category-escoles-verdes","tag-escoles-verdes","tag-medi-ambient"],"post_mailing_queue_ids":[],"_links":{"self":[{"href":"https:\/\/serveiseducatius.xtec.cat\/pladurgell\/wp-json\/wp\/v2\/posts\/16959","targetHints":{"allow":["GET"]}}],"collection":[{"href":"https:\/\/serveiseducatius.xtec.cat\/pladurgell\/wp-json\/wp\/v2\/posts"}],"about":[{"href":"https:\/\/serveiseducatius.xtec.cat\/pladurgell\/wp-json\/wp\/v2\/types\/post"}],"author":[{"embeddable":true,"href":"https:\/\/serveiseducatius.xtec.cat\/pladurgell\/wp-json\/wp\/v2\/users\/1"}],"replies":[{"embeddable":true,"href":"https:\/\/serveiseducatius.xtec.cat\/pladurgell\/wp-json\/wp\/v2\/comments?post=16959"}],"version-history":[{"count":3,"href":"https:\/\/serveiseducatius.xtec.cat\/pladurgell\/wp-json\/wp\/v2\/posts\/16959\/revisions"}],"predecessor-version":[{"id":16969,"href":"https:\/\/serveiseducatius.xtec.cat\/pladurgell\/wp-json\/wp\/v2\/posts\/16959\/revisions\/16969"}],"wp:featuredmedia":[{"embeddable":true,"href":"https:\/\/serveiseducatius.xtec.cat\/pladurgell\/wp-json\/wp\/v2\/media\/16960"}],"wp:attachment":[{"href":"https:\/\/serveiseducatius.xtec.cat\/pladurgell\/wp-json\/wp\/v2\/media?parent=16959"}],"wp:term":[{"taxonomy":"category","embeddable":true,"href":"https:\/\/serveiseducatius.xtec.cat\/pladurgell\/wp-json\/wp\/v2\/categories?post=16959"},{"taxonomy":"post_tag","embeddable":true,"href":"https:\/\/serveiseducatius.xtec.cat\/pladurgell\/wp-json\/wp\/v2\/tags?post=16959"}],"curies":[{"name":"wp","href":"https:\/\/api.w.org\/{rel}","templated":true}]}}