{"id":16896,"date":"2023-02-06T16:44:49","date_gmt":"2023-02-06T15:44:49","guid":{"rendered":"https:\/\/serveiseducatius.xtec.cat\/pladurgell\/?p=16896"},"modified":"2023-02-13T17:43:17","modified_gmt":"2023-02-13T16:43:17","slug":"fira-formaocupa","status":"publish","type":"post","link":"https:\/\/serveiseducatius.xtec.cat\/pladurgell\/general\/fira-formaocupa\/","title":{"rendered":"FIRA FormaOcupa"},"content":{"rendered":"<p style=\"font-weight: 400;\"><img loading=\"lazy\" decoding=\"async\" class=\"aligncenter wp-image-16897\" src=\"https:\/\/serveiseducatius.xtec.cat\/pladurgell\/wp-content\/uploads\/usu1141\/2023\/02\/FormaOcupa.png\" alt=\"\" width=\"430\" height=\"165\" \/><\/p>\n<p style=\"font-weight: 400;\">En el marc de la dinamitzaci\u00f3 i potenciaci\u00f3 de la Formaci\u00f3 Professional i l\u00b4orientaci\u00f3,\u00a0\u00a0els propers dies\u00a0<strong>23 i 24 de febrer tindr\u00e0 lloc la <a href=\"https:\/\/formaocupa.com\/\">fira de Formaci\u00f3 i ocupaci\u00f3<\/a><\/strong>. Un sal\u00f3\u00a0 organitzat entre la Fira de Lleida, el Departament Educaci\u00f3, l\u2019Ajuntament de Lleida amb l\u2019Institut Municipal d\u00b4Educaci\u00f3, aix\u00ed com tamb\u00e9 amb la participaci\u00f3 del Servei d\u2019Ocupaci\u00f3 de Catalunya, Sindicats i Patronal.<\/p>\n<p><!--more--><\/p>\n<p style=\"font-weight: 400;\">El Sal\u00f3 de la Formaci\u00f3 i l\u2019Ocupaci\u00f3 de Lleida s\u2019adre\u00e7a a tots els alumnes i persones, que necessiten decidir o reorientar el seu futur professional, millorar en compet\u00e8ncies professionals, trobar feina, impulsar la seva carrera professional o emprendre un negoci.<\/p>\n<p style=\"font-weight: 400;\">El Sal\u00f3 FormaOcupa, \u00e9s el punt de trobada per estudiants i fam\u00edlies, que busquen orientaci\u00f3 per decidir i encertar el seu futur professional.<\/p>\n<p style=\"font-weight: 400;\">Hi trobareu les noves propostes de l\u2019oferta del Departament d\u2019Educaci\u00f3 pel curs 2024 i les propostes d\u2019altres entitats que ofereixen formaci\u00f3 i orientaci\u00f3: Formaci\u00f3 Professional de tots els nivells, Graus Universitaris, M\u00e0sters i postgraus, Formaci\u00f3 Ocupacional i Continuada, Assessorament per l\u2019emprenedoria, Ensenyaments d\u00b4Idiomes, a m\u00e9s d\u00b4Empreses amb ofertes laborals.<\/p>\n<p style=\"font-weight: 400;\">S&#8217;han programat moltes activitats de creaci\u00f3 de continguts digitats tant per Instagram, Facebook i Tik tok, i la preparaci\u00f3 del curr\u00edculum digital, que seran molt interessants com activitats complementaries a l\u2019orientaci\u00f3 professional i acompanyament que es fa des dels centres durant el curs escolar.<\/p>\n","protected":false},"excerpt":{"rendered":"<p>En el marc de la dinamitzaci\u00f3 i potenciaci\u00f3 de la Formaci\u00f3 Professional i l\u00b4orientaci\u00f3,\u00a0\u00a0els propers dies\u00a023 i 24 de febrer [&hellip;]<\/p>\n","protected":false},"author":1,"featured_media":16897,"comment_status":"open","ping_status":"closed","sticky":false,"template":"","format":"standard","meta":{"_bbp_topic_count":0,"_bbp_reply_count":0,"_bbp_total_topic_count":0,"_bbp_total_reply_count":0,"_bbp_voice_count":0,"_bbp_anonymous_reply_count":0,"_bbp_topic_count_hidden":0,"_bbp_reply_count_hidden":0,"_bbp_forum_subforum_count":0,"site-sidebar-layout":"default","site-content-layout":"","ast-site-content-layout":"","site-content-style":"default","site-sidebar-style":"default","ast-global-header-display":"","ast-banner-title-visibility":"","ast-main-header-display":"","ast-hfb-above-header-display":"","ast-hfb-below-header-display":"","ast-hfb-mobile-header-display":"","site-post-title":"","ast-breadcrumbs-content":"","ast-featured-img":"","footer-sml-layout":"","theme-transparent-header-meta":"","adv-header-id-meta":"","stick-header-meta":"","header-above-stick-meta":"","header-main-stick-meta":"","header-below-stick-meta":"","astra-migrate-meta-layouts":"default","ast-page-background-enabled":"default","ast-page-background-meta":{"desktop":{"background-color":"var(--ast-global-color-4)","background-image":"","background-repeat":"repeat","background-position":"center center","background-size":"auto","background-attachment":"scroll","background-type":"","background-media":"","overlay-type":"","overlay-color":"","overlay-opacity":"","overlay-gradient":""},"tablet":{"background-color":"","background-image":"","background-repeat":"repeat","background-position":"center center","background-size":"auto","background-attachment":"scroll","background-type":"","background-media":"","overlay-type":"","overlay-color":"","overlay-opacity":"","overlay-gradient":""},"mobile":{"background-color":"","background-image":"","background-repeat":"repeat","background-position":"center center","background-size":"auto","background-attachment":"scroll","background-type":"","background-media":"","overlay-type":"","overlay-color":"","overlay-opacity":"","overlay-gradient":""}},"ast-content-background-meta":{"desktop":{"background-color":"var(--ast-global-color-5)","background-image":"","background-repeat":"repeat","background-position":"center center","background-size":"auto","background-attachment":"scroll","background-type":"","background-media":"","overlay-type":"","overlay-color":"","overlay-opacity":"","overlay-gradient":""},"tablet":{"background-color":"var(--ast-global-color-5)","background-image":"","background-repeat":"repeat","background-position":"center center","background-size":"auto","background-attachment":"scroll","background-type":"","background-media":"","overlay-type":"","overlay-color":"","overlay-opacity":"","overlay-gradient":""},"mobile":{"background-color":"var(--ast-global-color-5)","background-image":"","background-repeat":"repeat","background-position":"center center","background-size":"auto","background-attachment":"scroll","background-type":"","background-media":"","overlay-type":"","overlay-color":"","overlay-opacity":"","overlay-gradient":""}},"footnotes":""},"categories":[154,1,29],"tags":[226,252,682,253],"class_list":["post-16896","post","type-post","status-publish","format-standard","has-post-thumbnail","hentry","category-formacio","category-general","category-portada","tag-formacio","tag-formacio-professional","tag-formaocupa","tag-orientacio"],"post_mailing_queue_ids":[],"_links":{"self":[{"href":"https:\/\/serveiseducatius.xtec.cat\/pladurgell\/wp-json\/wp\/v2\/posts\/16896","targetHints":{"allow":["GET"]}}],"collection":[{"href":"https:\/\/serveiseducatius.xtec.cat\/pladurgell\/wp-json\/wp\/v2\/posts"}],"about":[{"href":"https:\/\/serveiseducatius.xtec.cat\/pladurgell\/wp-json\/wp\/v2\/types\/post"}],"author":[{"embeddable":true,"href":"https:\/\/serveiseducatius.xtec.cat\/pladurgell\/wp-json\/wp\/v2\/users\/1"}],"replies":[{"embeddable":true,"href":"https:\/\/serveiseducatius.xtec.cat\/pladurgell\/wp-json\/wp\/v2\/comments?post=16896"}],"version-history":[{"count":3,"href":"https:\/\/serveiseducatius.xtec.cat\/pladurgell\/wp-json\/wp\/v2\/posts\/16896\/revisions"}],"predecessor-version":[{"id":16931,"href":"https:\/\/serveiseducatius.xtec.cat\/pladurgell\/wp-json\/wp\/v2\/posts\/16896\/revisions\/16931"}],"wp:featuredmedia":[{"embeddable":true,"href":"https:\/\/serveiseducatius.xtec.cat\/pladurgell\/wp-json\/wp\/v2\/media\/16897"}],"wp:attachment":[{"href":"https:\/\/serveiseducatius.xtec.cat\/pladurgell\/wp-json\/wp\/v2\/media?parent=16896"}],"wp:term":[{"taxonomy":"category","embeddable":true,"href":"https:\/\/serveiseducatius.xtec.cat\/pladurgell\/wp-json\/wp\/v2\/categories?post=16896"},{"taxonomy":"post_tag","embeddable":true,"href":"https:\/\/serveiseducatius.xtec.cat\/pladurgell\/wp-json\/wp\/v2\/tags?post=16896"}],"curies":[{"name":"wp","href":"https:\/\/api.w.org\/{rel}","templated":true}]}}