{"id":15263,"date":"2022-03-08T13:48:59","date_gmt":"2022-03-08T12:48:59","guid":{"rendered":"https:\/\/serveiseducatius.xtec.cat\/pladurgell\/?p=15263"},"modified":"2022-08-08T16:12:20","modified_gmt":"2022-08-08T14:12:20","slug":"first-lego-league","status":"publish","type":"post","link":"https:\/\/serveiseducatius.xtec.cat\/pladurgell\/general\/first-lego-league\/","title":{"rendered":"First Lego league"},"content":{"rendered":"<p><img loading=\"lazy\" decoding=\"async\" class=\"aligncenter wp-image-15265\" src=\"https:\/\/serveiseducatius.xtec.cat\/pladurgell\/wp-content\/uploads\/usu1141\/2022\/03\/baixa.jpg\" alt=\"\" width=\"424\" height=\"142\" \/><\/p>\n<p style=\"text-align: justify;\">L\u2019Escola Polit\u00e8cnica Superior (EPS) de la Universitat de Lleida (UdL) va celebrar el passat 5 de mar\u00e7 l&#8217;11a edici\u00f3 del torneig classificatori de la <a href=\"http:\/\/www.firstlegoleague.udl.cat\/ca\/\"><strong>FIRST LEGO League.\u00a0<\/strong><\/a><\/p>\n<p style=\"text-align: justify;\">Al Pla d&#8217;Urgell estem d&#8217;enhorabona ja que entre\u00a0els equips FLL EPS Challenge premiats hi ha 3 centres de la comarca:<\/p>\n<ul style=\"text-align: justify;\">\n<li>1r Premi Ingeniera Soy &#8211; UdL\u00a0\u00a0al Guanyador (amb acc\u00e9s a la Gran Final Nacional):\u00a0<a href=\"http:\/\/www.firstlegoleague.udl.cat\/ca\/FLL-Lleida\/participants-00001\/#VemoLego\">Vemo Lego Players<\/a>&#8211; Vedruna Mollerussa (Mollerussa)<\/li>\n<li>2n Premi Ingenieria Soy &#8211;\u00a0Paeria al Guanyador\u00a0(amb acc\u00e9s a la Gran Final Nacional):\u00a0<a href=\"http:\/\/www.firstlegoleague.udl.cat\/ca\/FLL-Lleida\/participants-00001\/#EpicLegoBulls\">Epic Lego Bulls<\/a>&#8211; La Salle Mollerussa (Mollerussa)<\/li>\n<li>Premi Lleida.net\u00a0a la l&#8217;Entrenador:\u00a0<a href=\"http:\/\/www.firstlegoleague.udl.cat\/ca\/FLL-Lleida\/participants-00001\/#TerresBot\">TerresBot<\/a>&#8211; Institut Terres de Ponent (Mollerussa)<\/li>\n<\/ul>\n<p><!--more--><\/p>\n<p style=\"text-align: justify;\">La competici\u00f3 FLL EPS Lleida 2022 va comptar amb la participaci\u00f3 de 22 equips FLL Challenge- joves d&#8217;entre 10 i 16 anys-\u00a0i\u00a017 equips de FLL Explore<strong>&#8211; <\/strong>nens i nenes d&#8217;entre 6 i 9 anys-. En total vora 300 joves de 20 col\u00b7legis i instituts de les comarques de Lleida i Barcelona. Els dos equips guanyadors del torneig classificatori FLL EPS Lleida accediran a la Gran Final FLL Espanya que se celebrar\u00e0 el\u00a0 2 d&#8217;abril al Palacio de Congresos de Torremolinos (M\u00e1laga). Els desitgem molta sort!!!<\/p>\n","protected":false},"excerpt":{"rendered":"<p>L\u2019Escola Polit\u00e8cnica Superior (EPS) de la Universitat de Lleida (UdL) va celebrar el passat 5 de mar\u00e7 l&#8217;11a edici\u00f3 del [&hellip;]<\/p>\n","protected":false},"author":1,"featured_media":15265,"comment_status":"open","ping_status":"closed","sticky":false,"template":"","format":"standard","meta":{"_bbp_topic_count":0,"_bbp_reply_count":0,"_bbp_total_topic_count":0,"_bbp_total_reply_count":0,"_bbp_voice_count":0,"_bbp_anonymous_reply_count":0,"_bbp_topic_count_hidden":0,"_bbp_reply_count_hidden":0,"_bbp_forum_subforum_count":0,"site-sidebar-layout":"default","site-content-layout":"","ast-site-content-layout":"","site-content-style":"default","site-sidebar-style":"default","ast-global-header-display":"","ast-banner-title-visibility":"","ast-main-header-display":"","ast-hfb-above-header-display":"","ast-hfb-below-header-display":"","ast-hfb-mobile-header-display":"","site-post-title":"","ast-breadcrumbs-content":"","ast-featured-img":"","footer-sml-layout":"","theme-transparent-header-meta":"","adv-header-id-meta":"","stick-header-meta":"","header-above-stick-meta":"","header-main-stick-meta":"","header-below-stick-meta":"","astra-migrate-meta-layouts":"default","ast-page-background-enabled":"default","ast-page-background-meta":{"desktop":{"background-color":"var(--ast-global-color-4)","background-image":"","background-repeat":"repeat","background-position":"center center","background-size":"auto","background-attachment":"scroll","background-type":"","background-media":"","overlay-type":"","overlay-color":"","overlay-opacity":"","overlay-gradient":""},"tablet":{"background-color":"","background-image":"","background-repeat":"repeat","background-position":"center center","background-size":"auto","background-attachment":"scroll","background-type":"","background-media":"","overlay-type":"","overlay-color":"","overlay-opacity":"","overlay-gradient":""},"mobile":{"background-color":"","background-image":"","background-repeat":"repeat","background-position":"center center","background-size":"auto","background-attachment":"scroll","background-type":"","background-media":"","overlay-type":"","overlay-color":"","overlay-opacity":"","overlay-gradient":""}},"ast-content-background-meta":{"desktop":{"background-color":"var(--ast-global-color-5)","background-image":"","background-repeat":"repeat","background-position":"center center","background-size":"auto","background-attachment":"scroll","background-type":"","background-media":"","overlay-type":"","overlay-color":"","overlay-opacity":"","overlay-gradient":""},"tablet":{"background-color":"var(--ast-global-color-5)","background-image":"","background-repeat":"repeat","background-position":"center center","background-size":"auto","background-attachment":"scroll","background-type":"","background-media":"","overlay-type":"","overlay-color":"","overlay-opacity":"","overlay-gradient":""},"mobile":{"background-color":"var(--ast-global-color-5)","background-image":"","background-repeat":"repeat","background-position":"center center","background-size":"auto","background-attachment":"scroll","background-type":"","background-media":"","overlay-type":"","overlay-color":"","overlay-opacity":"","overlay-gradient":""}},"footnotes":""},"categories":[1,29,313],"tags":[172,179,291,109],"class_list":["post-15263","post","type-post","status-publish","format-standard","has-post-thumbnail","hentry","category-general","category-portada","category-practiques-educatives-de-referencia","tag-educacio-primaria","tag-educacio-secundaria","tag-premis","tag-robotica"],"post_mailing_queue_ids":[],"_links":{"self":[{"href":"https:\/\/serveiseducatius.xtec.cat\/pladurgell\/wp-json\/wp\/v2\/posts\/15263","targetHints":{"allow":["GET"]}}],"collection":[{"href":"https:\/\/serveiseducatius.xtec.cat\/pladurgell\/wp-json\/wp\/v2\/posts"}],"about":[{"href":"https:\/\/serveiseducatius.xtec.cat\/pladurgell\/wp-json\/wp\/v2\/types\/post"}],"author":[{"embeddable":true,"href":"https:\/\/serveiseducatius.xtec.cat\/pladurgell\/wp-json\/wp\/v2\/users\/1"}],"replies":[{"embeddable":true,"href":"https:\/\/serveiseducatius.xtec.cat\/pladurgell\/wp-json\/wp\/v2\/comments?post=15263"}],"version-history":[{"count":3,"href":"https:\/\/serveiseducatius.xtec.cat\/pladurgell\/wp-json\/wp\/v2\/posts\/15263\/revisions"}],"predecessor-version":[{"id":15267,"href":"https:\/\/serveiseducatius.xtec.cat\/pladurgell\/wp-json\/wp\/v2\/posts\/15263\/revisions\/15267"}],"wp:featuredmedia":[{"embeddable":true,"href":"https:\/\/serveiseducatius.xtec.cat\/pladurgell\/wp-json\/wp\/v2\/media\/15265"}],"wp:attachment":[{"href":"https:\/\/serveiseducatius.xtec.cat\/pladurgell\/wp-json\/wp\/v2\/media?parent=15263"}],"wp:term":[{"taxonomy":"category","embeddable":true,"href":"https:\/\/serveiseducatius.xtec.cat\/pladurgell\/wp-json\/wp\/v2\/categories?post=15263"},{"taxonomy":"post_tag","embeddable":true,"href":"https:\/\/serveiseducatius.xtec.cat\/pladurgell\/wp-json\/wp\/v2\/tags?post=15263"}],"curies":[{"name":"wp","href":"https:\/\/api.w.org\/{rel}","templated":true}]}}