{"id":15030,"date":"2022-02-07T16:18:46","date_gmt":"2022-02-07T15:18:46","guid":{"rendered":"https:\/\/serveiseducatius.xtec.cat\/pladurgell\/?p=15030"},"modified":"2022-02-08T09:54:57","modified_gmt":"2022-02-08T08:54:57","slug":"semifinals-xviii-certamen-de-lectura-en-veu-alta-al-pla-durgell","status":"publish","type":"post","link":"https:\/\/serveiseducatius.xtec.cat\/pladurgell\/portada\/semifinals-xviii-certamen-de-lectura-en-veu-alta-al-pla-durgell\/","title":{"rendered":"Semifinals XVIII Certamen de Lectura en Veu Alta al Pla d&#8217;Urgell"},"content":{"rendered":"<p dir=\"ltr\"><img loading=\"lazy\" decoding=\"async\" class=\"aligncenter size-full wp-image-15031\" src=\"https:\/\/serveiseducatius.xtec.cat\/pladurgell\/wp-content\/uploads\/usu1141\/2022\/02\/veu-alta-educacio-gencat.png\" alt=\"\" width=\"904\" height=\"156\" \/><\/p>\n<p>El Certamen Nacional Infantil i Juvenil de Lectura en Veu Alta \u00e9s una iniciativa de la\u00a0<a href=\"https:\/\/grupenciclopedia.cat\/\">Fundaci\u00f3 Enciclop\u00e8dia Catalana<\/a>, l\u2019entitat cultural que encap\u00e7ala el Grup format per diferents empreses editorials, centrat en el coneixement, l\u2019edici\u00f3, l\u2019educaci\u00f3 i la distribuci\u00f3, i que t\u00e9 com a missi\u00f3 el foment de la llengua i la cultura catalanes.<\/p>\n<p>La\u00a0<strong>Fundaci\u00f3 Enciclop\u00e8dia Catalana<\/strong>\u00a0i el\u00a0<strong>Departament d\u2019Educaci\u00f3 de la Generalitat de Catalunya<\/strong>\u00a0tenen un acord de col\u00b7laboraci\u00f3 per a la coorganitzaci\u00f3 del\u00a0<strong>Certamen nacional infantil i juvenil de lectura en veu alta<\/strong>.\u00a0Aquest acord neix de l\u2019inter\u00e8s d\u2019ambdues entitats per la promoci\u00f3 de la lectura i estem conven\u00e7uts que la col\u00b7laboraci\u00f3 permet que el Certamen segueixi creixent en quantitat i en qualitat.<\/p>\n<p dir=\"ltr\"><span style=\"color: #000000;\">Per motius sanitaris, com el curs anterior, ens veiem obligats a convocar les semifinals del XVIII Certamen de Lectura en Veu Alta de manera telem\u00e0tica. <\/span><!--more--><\/p>\n<p dir=\"ltr\"><span style=\"color: #000000;\">Us informem que:<\/span><\/p>\n<p dir=\"ltr\"><span style=\"color: #000000;\">\u00a0<\/span><span style=\"color: #000000;\">1. El dia <b>7 de mar\u00e7<\/b> us farem arribar la p\u00e0gina de la lectura que haur\u00e0 de llegir el vostre representant de cada categoria.\u00a0<\/span><\/p>\n<p dir=\"ltr\"><span style=\"color: #000000;\">\u00a0<\/span><span style=\"color: #000000;\">2. Haureu d\u2019enregistrar un v\u00eddeo del vostre representant llegint aquest fragment i fer-nos arribar l\u2019enlla\u00e7 del v\u00eddeo en el formulari que us facilitarem quan us enviem la lectura. El v\u00eddeo ha de ser:<\/span><\/p>\n<ul>\n<li dir=\"ltr\"><span style=\"color: #000000;\">\u00a0<\/span><span style=\"font-family: inherit; font-size: 1em;\">Lectura del llibre (no s\u2019acceptaran lectures de fotoc\u00f2pies).<\/span><a style=\"font-family: inherit; font-size: 1em;\" href=\"https:\/\/www.lecturaenveualta.cat\/certamen-de-lectura-en-veu-alta-escolar\/llibres\/\" target=\"_blank\" rel=\"noopener\" data-saferedirecturl=\"https:\/\/www.google.com\/url?q=https:\/\/www.lecturaenveualta.cat\/certamen-de-lectura-en-veu-alta-escolar\/llibres\/&amp;source=gmail&amp;ust=1644332423989000&amp;usg=AOvVaw0F3B9HBv8UyTBFi0K_CiDs\"> Enlla\u00e7 als llibres de cada categoria.<\/a><\/li>\n<li><span id=\"m_4988260951577977146gmail-docs-internal-guid-356a601e-7fff-1d02-a3b9-4834f01680c4\">Lectura preferiblement sense mascareta per facilitar la feina del jurat. <\/span><\/li>\n<li><span id=\"m_4988260951577977146gmail-docs-internal-guid-356a601e-7fff-1d02-a3b9-4834f01680c4\">El nom de l\u2019arxiu \u00e9s el nom i cognom de l\u2019alumne ( res m\u00e9s, la resta d\u2019informaci\u00f3 la tindrem en el formulari).<b> nom_cognom Ex: carla_munt\u00e9<\/b><\/span><\/li>\n<li><span id=\"m_4988260951577977146gmail-docs-internal-guid-356a601e-7fff-1d02-a3b9-4834f01680c4\">Format MP4. <\/span><\/li>\n<li>Enregistrament en horitzontal i sense talls.<\/li>\n<li><span id=\"m_4988260951577977146gmail-docs-internal-guid-356a601e-7fff-1d02-a3b9-4834f01680c4\">No cal que el lector o la lectora digui el t\u00edtol del llibre o el seu nom: ha de centrar-se nom\u00e9s en la lectura del fragment.<\/span><\/li>\n<\/ul>\n<p dir=\"ltr\"><span style=\"color: #000000;\">3. Teniu temps fins al <b>14 de mar\u00e7<\/b> per fer arribar el v\u00eddeo. Si algun v\u00eddeo arriba tard, no podr\u00e0 participar-hi.<\/span><\/p>\n<p dir=\"ltr\"><span style=\"color: #000000;\">\u00a0<\/span><span style=\"color: #000000;\">4. El jurat es reunir\u00e0 per avaluar tots els v\u00eddeos rebuts i l&#8217;<strong>1 d&#8217;abril<\/strong> us farem arribar els resultats.\u00a0<\/span><\/p>\n<p dir=\"ltr\"><span style=\"color: #000000;\">\u00a0<\/span><span style=\"color: #000000;\">Est\u00e0 previst que la fase seg\u00fcent, la Final Territorial, sigui presencial. Si passeu a aquesta fase, rebreu informaci\u00f3 detallada.\u00a0<\/span><\/p>\n<p><span style=\"color: #000000;\">Tota la informaci\u00f3 de la convocat\u00f2ria en el seg\u00fcent<a href=\"https:\/\/www.lecturaenveualta.cat\/certamen-de-lectura-en-veu-alta-escolar\/\" target=\"_blank\" rel=\"noopener\" data-saferedirecturl=\"https:\/\/www.google.com\/url?q=https:\/\/www.lecturaenveualta.cat\/certamen-de-lectura-en-veu-alta-escolar\/&amp;source=gmail&amp;ust=1644332423989000&amp;usg=AOvVaw0Vsz7APd62JpI_KPfwBrXW\"> enlla\u00e7.<\/a><\/span><\/p>\n","protected":false},"excerpt":{"rendered":"<p>El Certamen Nacional Infantil i Juvenil de Lectura en Veu Alta \u00e9s una iniciativa de la\u00a0Fundaci\u00f3 Enciclop\u00e8dia Catalana, l\u2019entitat cultural [&hellip;]<\/p>\n","protected":false},"author":1,"featured_media":15031,"comment_status":"open","ping_status":"closed","sticky":false,"template":"","format":"standard","meta":{"_bbp_topic_count":0,"_bbp_reply_count":0,"_bbp_total_topic_count":0,"_bbp_total_reply_count":0,"_bbp_voice_count":0,"_bbp_anonymous_reply_count":0,"_bbp_topic_count_hidden":0,"_bbp_reply_count_hidden":0,"_bbp_forum_subforum_count":0,"site-sidebar-layout":"default","site-content-layout":"","ast-site-content-layout":"","site-content-style":"default","site-sidebar-style":"default","ast-global-header-display":"","ast-banner-title-visibility":"","ast-main-header-display":"","ast-hfb-above-header-display":"","ast-hfb-below-header-display":"","ast-hfb-mobile-header-display":"","site-post-title":"","ast-breadcrumbs-content":"","ast-featured-img":"","footer-sml-layout":"","theme-transparent-header-meta":"","adv-header-id-meta":"","stick-header-meta":"","header-above-stick-meta":"","header-main-stick-meta":"","header-below-stick-meta":"","astra-migrate-meta-layouts":"default","ast-page-background-enabled":"default","ast-page-background-meta":{"desktop":{"background-color":"var(--ast-global-color-4)","background-image":"","background-repeat":"repeat","background-position":"center center","background-size":"auto","background-attachment":"scroll","background-type":"","background-media":"","overlay-type":"","overlay-color":"","overlay-opacity":"","overlay-gradient":""},"tablet":{"background-color":"","background-image":"","background-repeat":"repeat","background-position":"center center","background-size":"auto","background-attachment":"scroll","background-type":"","background-media":"","overlay-type":"","overlay-color":"","overlay-opacity":"","overlay-gradient":""},"mobile":{"background-color":"","background-image":"","background-repeat":"repeat","background-position":"center center","background-size":"auto","background-attachment":"scroll","background-type":"","background-media":"","overlay-type":"","overlay-color":"","overlay-opacity":"","overlay-gradient":""}},"ast-content-background-meta":{"desktop":{"background-color":"var(--ast-global-color-5)","background-image":"","background-repeat":"repeat","background-position":"center center","background-size":"auto","background-attachment":"scroll","background-type":"","background-media":"","overlay-type":"","overlay-color":"","overlay-opacity":"","overlay-gradient":""},"tablet":{"background-color":"var(--ast-global-color-5)","background-image":"","background-repeat":"repeat","background-position":"center center","background-size":"auto","background-attachment":"scroll","background-type":"","background-media":"","overlay-type":"","overlay-color":"","overlay-opacity":"","overlay-gradient":""},"mobile":{"background-color":"var(--ast-global-color-5)","background-image":"","background-repeat":"repeat","background-position":"center center","background-size":"auto","background-attachment":"scroll","background-type":"","background-media":"","overlay-type":"","overlay-color":"","overlay-opacity":"","overlay-gradient":""}},"footnotes":""},"categories":[293,72,29],"tags":[548,100,300],"class_list":["post-15030","post","type-post","status-publish","format-standard","has-post-thumbnail","hentry","category-lectura","category-lectura-en-veu-alta","category-portada","tag-certamen","tag-lectura","tag-lectura-en-veu-alta"],"post_mailing_queue_ids":[],"_links":{"self":[{"href":"https:\/\/serveiseducatius.xtec.cat\/pladurgell\/wp-json\/wp\/v2\/posts\/15030","targetHints":{"allow":["GET"]}}],"collection":[{"href":"https:\/\/serveiseducatius.xtec.cat\/pladurgell\/wp-json\/wp\/v2\/posts"}],"about":[{"href":"https:\/\/serveiseducatius.xtec.cat\/pladurgell\/wp-json\/wp\/v2\/types\/post"}],"author":[{"embeddable":true,"href":"https:\/\/serveiseducatius.xtec.cat\/pladurgell\/wp-json\/wp\/v2\/users\/1"}],"replies":[{"embeddable":true,"href":"https:\/\/serveiseducatius.xtec.cat\/pladurgell\/wp-json\/wp\/v2\/comments?post=15030"}],"version-history":[{"count":3,"href":"https:\/\/serveiseducatius.xtec.cat\/pladurgell\/wp-json\/wp\/v2\/posts\/15030\/revisions"}],"predecessor-version":[{"id":15034,"href":"https:\/\/serveiseducatius.xtec.cat\/pladurgell\/wp-json\/wp\/v2\/posts\/15030\/revisions\/15034"}],"wp:featuredmedia":[{"embeddable":true,"href":"https:\/\/serveiseducatius.xtec.cat\/pladurgell\/wp-json\/wp\/v2\/media\/15031"}],"wp:attachment":[{"href":"https:\/\/serveiseducatius.xtec.cat\/pladurgell\/wp-json\/wp\/v2\/media?parent=15030"}],"wp:term":[{"taxonomy":"category","embeddable":true,"href":"https:\/\/serveiseducatius.xtec.cat\/pladurgell\/wp-json\/wp\/v2\/categories?post=15030"},{"taxonomy":"post_tag","embeddable":true,"href":"https:\/\/serveiseducatius.xtec.cat\/pladurgell\/wp-json\/wp\/v2\/tags?post=15030"}],"curies":[{"name":"wp","href":"https:\/\/api.w.org\/{rel}","templated":true}]}}