{"id":14642,"date":"2021-11-08T11:14:50","date_gmt":"2021-11-08T10:14:50","guid":{"rendered":"https:\/\/serveiseducatius.xtec.cat\/pladurgell\/?p=14642"},"modified":"2021-11-08T17:54:17","modified_gmt":"2021-11-08T16:54:17","slug":"celebracio-del-dia-universal-de-la-infancia-en-el-marc-del-pla-educatiu-dentorn-de-mollerussa","status":"publish","type":"post","link":"https:\/\/serveiseducatius.xtec.cat\/pladurgell\/general\/celebracio-del-dia-universal-de-la-infancia-en-el-marc-del-pla-educatiu-dentorn-de-mollerussa\/","title":{"rendered":"Celebraci\u00f3 del Dia Universal de la Inf\u00e0ncia en el marc del Pla Educatiu d&#8217;Entorn de Mollerussa"},"content":{"rendered":"<figure id=\"attachment_14643\" aria-describedby=\"caption-attachment-14643\" style=\"width: 509px\" class=\"wp-caption alignright\"><img loading=\"lazy\" decoding=\"async\" class=\"size-full wp-image-14643\" src=\"https:\/\/serveiseducatius.xtec.cat\/pladurgell\/wp-content\/uploads\/usu1141\/2021\/11\/nens.jpeg\" alt=\"\" width=\"509\" height=\"339\" \/><figcaption id=\"caption-attachment-14643\" class=\"wp-caption-text\">Imatge:Pixabay<\/figcaption><\/figure>\n<p><img loading=\"lazy\" decoding=\"async\" class=\" wp-image-14652 alignleft\" src=\"https:\/\/serveiseducatius.xtec.cat\/pladurgell\/wp-content\/uploads\/usu1141\/2021\/11\/peetrans.png\" alt=\"\" width=\"322\" height=\"201\" srcset=\"https:\/\/serveiseducatius.xtec.cat\/pladurgell\/wp-content\/uploads\/usu1141\/2021\/11\/peetrans.png 567w, https:\/\/serveiseducatius.xtec.cat\/pladurgell\/wp-content\/uploads\/usu1141\/2021\/11\/peetrans-300x187.png 300w\" sizes=\"auto, (max-width: 322px) 100vw, 322px\" \/><\/p>\n<p>&nbsp;<\/p>\n<p>&nbsp;<\/p>\n<p>&nbsp;<\/p>\n<p>&nbsp;<\/p>\n<p>&nbsp;<\/p>\n<p>&nbsp;<\/p>\n<p>&nbsp;<\/p>\n<p>&nbsp;<\/p>\n<p style=\"text-align: justify;\">El dia 19 de novembre al mat\u00ed, els centres educatius de Mollerussa dins el PEE celebraran el Dia Universal de la Inf\u00e0ncia, amb accions pel canvi clim\u00e0tic, en el marc dels Objectius de Desenvolupament Sostenible.<\/p>\n<p><!--more--><\/p>\n<p style=\"text-align: justify;\"><b>ODS 13: Acci\u00f3 pel Clima. Adoptar mesures urgents per a combatre el canvi clim\u00e0tic i els efectes d\u2019aquest.<span class=\"Apple-converted-space\">\u00a0<\/span><\/b><\/p>\n<p style=\"text-align: justify;\">Durant una setmana els infants i joves recolliran els pl\u00e0stics que utilitzen a casa seva. Amb aquests, es duran a terme dues accions:<span class=\"Apple-converted-space\">\u00a0<\/span><\/p>\n<p style=\"text-align: justify;\">1. Una activitat de conscienciaci\u00f3 i reflexi\u00f3.<span class=\"Apple-converted-space\">\u00a0<\/span><\/p>\n<p style=\"text-align: justify;\">2. Una escultura col\u00b7laborativa d\u2019un arbre entre tots els centres educatius i entitats de la ciutat, que quedar\u00e0 exposada permanentment en una paret del parc. <span class=\"Apple-converted-space\">\u00a0<\/span><\/p>\n<p style=\"text-align: justify;\">El dia de l\u2019acte es far\u00e0 entrega a cada centre i entitat d\u2019una llavor simb\u00f2lica. Aquesta es canviar\u00e0 per un arbre de veritat que ser\u00e0 plantat en el centre educatiu.<span class=\"Apple-converted-space\">\u00a0<\/span><\/p>\n<p style=\"text-align: justify;\"><b>Objectius:<span class=\"Apple-converted-space\">\u00a0<\/span><\/b><\/p>\n<p style=\"text-align: justify;\">\u2022 Refor\u00e7ar la conscienciaci\u00f3 sobre la import\u00e0ncia del reciclatge i la protecci\u00f3 del clima.<span class=\"Apple-converted-space\">\u00a0<\/span><\/p>\n<p style=\"text-align: justify;\">\u2022 Reflexionar sobre el consum de pl\u00e0stic.<span class=\"Apple-converted-space\">\u00a0<\/span><\/p>\n<p style=\"text-align: justify;\"><b>Materials:<span class=\"Apple-converted-space\">\u00a0<\/span><\/b><\/p>\n<p style=\"text-align: justify;\">\u2022 Pl\u00e0stics reciclats i materials complementaris (tisores, cola, cinta adhesiva, retoladors\u2026).<span class=\"Apple-converted-space\">\u00a0<\/span><\/p>\n<p style=\"text-align: justify;\"><b>Com ser\u00e0 l\u2019escultura:<span class=\"Apple-converted-space\">\u00a0<\/span><\/b><\/p>\n<p style=\"text-align: justify;\">Per dirigir tot aquest projecte, comptarem amb l\u2019artista Erik Schmitz, del col\u00b7lectiu d\u2019artistes Pla d\u2019Urgell. Ell ens far\u00e0 el disseny que haur\u00e0 d\u2019executar cada centre educatiu i entitat. Aquest constar\u00e0 d\u2019un arbre amb diferents branques acompanyat de vegetaci\u00f3. Un cop recollides totes les peces elaborades pels centres l&#8217;artista realitzar\u00e0 l\u2019escultura a la paret. https:\/\/www.erikschmitz.art\/ca\/<\/p>\n","protected":false},"excerpt":{"rendered":"<p>&nbsp; &nbsp; &nbsp; &nbsp; &nbsp; &nbsp; &nbsp; &nbsp; El dia 19 de novembre al mat\u00ed, els centres educatius de Mollerussa [&hellip;]<\/p>\n","protected":false},"author":1,"featured_media":14643,"comment_status":"open","ping_status":"closed","sticky":false,"template":"","format":"standard","meta":{"_bbp_topic_count":0,"_bbp_reply_count":0,"_bbp_total_topic_count":0,"_bbp_total_reply_count":0,"_bbp_voice_count":0,"_bbp_anonymous_reply_count":0,"_bbp_topic_count_hidden":0,"_bbp_reply_count_hidden":0,"_bbp_forum_subforum_count":0,"site-sidebar-layout":"default","site-content-layout":"","ast-site-content-layout":"","site-content-style":"default","site-sidebar-style":"default","ast-global-header-display":"","ast-banner-title-visibility":"","ast-main-header-display":"","ast-hfb-above-header-display":"","ast-hfb-below-header-display":"","ast-hfb-mobile-header-display":"","site-post-title":"","ast-breadcrumbs-content":"","ast-featured-img":"","footer-sml-layout":"","theme-transparent-header-meta":"","adv-header-id-meta":"","stick-header-meta":"","header-above-stick-meta":"","header-main-stick-meta":"","header-below-stick-meta":"","astra-migrate-meta-layouts":"default","ast-page-background-enabled":"default","ast-page-background-meta":{"desktop":{"background-color":"var(--ast-global-color-4)","background-image":"","background-repeat":"repeat","background-position":"center center","background-size":"auto","background-attachment":"scroll","background-type":"","background-media":"","overlay-type":"","overlay-color":"","overlay-opacity":"","overlay-gradient":""},"tablet":{"background-color":"","background-image":"","background-repeat":"repeat","background-position":"center center","background-size":"auto","background-attachment":"scroll","background-type":"","background-media":"","overlay-type":"","overlay-color":"","overlay-opacity":"","overlay-gradient":""},"mobile":{"background-color":"","background-image":"","background-repeat":"repeat","background-position":"center center","background-size":"auto","background-attachment":"scroll","background-type":"","background-media":"","overlay-type":"","overlay-color":"","overlay-opacity":"","overlay-gradient":""}},"ast-content-background-meta":{"desktop":{"background-color":"var(--ast-global-color-5)","background-image":"","background-repeat":"repeat","background-position":"center center","background-size":"auto","background-attachment":"scroll","background-type":"","background-media":"","overlay-type":"","overlay-color":"","overlay-opacity":"","overlay-gradient":""},"tablet":{"background-color":"var(--ast-global-color-5)","background-image":"","background-repeat":"repeat","background-position":"center center","background-size":"auto","background-attachment":"scroll","background-type":"","background-media":"","overlay-type":"","overlay-color":"","overlay-opacity":"","overlay-gradient":""},"mobile":{"background-color":"var(--ast-global-color-5)","background-image":"","background-repeat":"repeat","background-position":"center center","background-size":"auto","background-attachment":"scroll","background-type":"","background-media":"","overlay-type":"","overlay-color":"","overlay-opacity":"","overlay-gradient":""}},"footnotes":""},"categories":[1,339,75,29],"tags":[],"class_list":["post-14642","post","type-post","status-publish","format-standard","has-post-thumbnail","hentry","category-general","category-pee-activitats","category-pee","category-portada"],"post_mailing_queue_ids":[],"_links":{"self":[{"href":"https:\/\/serveiseducatius.xtec.cat\/pladurgell\/wp-json\/wp\/v2\/posts\/14642","targetHints":{"allow":["GET"]}}],"collection":[{"href":"https:\/\/serveiseducatius.xtec.cat\/pladurgell\/wp-json\/wp\/v2\/posts"}],"about":[{"href":"https:\/\/serveiseducatius.xtec.cat\/pladurgell\/wp-json\/wp\/v2\/types\/post"}],"author":[{"embeddable":true,"href":"https:\/\/serveiseducatius.xtec.cat\/pladurgell\/wp-json\/wp\/v2\/users\/1"}],"replies":[{"embeddable":true,"href":"https:\/\/serveiseducatius.xtec.cat\/pladurgell\/wp-json\/wp\/v2\/comments?post=14642"}],"version-history":[{"count":4,"href":"https:\/\/serveiseducatius.xtec.cat\/pladurgell\/wp-json\/wp\/v2\/posts\/14642\/revisions"}],"predecessor-version":[{"id":14655,"href":"https:\/\/serveiseducatius.xtec.cat\/pladurgell\/wp-json\/wp\/v2\/posts\/14642\/revisions\/14655"}],"wp:featuredmedia":[{"embeddable":true,"href":"https:\/\/serveiseducatius.xtec.cat\/pladurgell\/wp-json\/wp\/v2\/media\/14643"}],"wp:attachment":[{"href":"https:\/\/serveiseducatius.xtec.cat\/pladurgell\/wp-json\/wp\/v2\/media?parent=14642"}],"wp:term":[{"taxonomy":"category","embeddable":true,"href":"https:\/\/serveiseducatius.xtec.cat\/pladurgell\/wp-json\/wp\/v2\/categories?post=14642"},{"taxonomy":"post_tag","embeddable":true,"href":"https:\/\/serveiseducatius.xtec.cat\/pladurgell\/wp-json\/wp\/v2\/tags?post=14642"}],"curies":[{"name":"wp","href":"https:\/\/api.w.org\/{rel}","templated":true}]}}