{"id":14476,"date":"2021-09-28T10:32:43","date_gmt":"2021-09-28T08:32:43","guid":{"rendered":"https:\/\/serveiseducatius.xtec.cat\/pladurgell\/?p=14476"},"modified":"2021-10-05T16:47:44","modified_gmt":"2021-10-05T14:47:44","slug":"xarxa-de-competencies-basiques-xcbt-7","status":"publish","type":"post","link":"https:\/\/serveiseducatius.xtec.cat\/pladurgell\/portada\/xarxa-de-competencies-basiques-xcbt-7\/","title":{"rendered":"Xarxa de Compet\u00e8ncies B\u00e0siques | XCBT 7"},"content":{"rendered":"<p>La Xarxa CB est\u00e0 formada per equips de docents que desenvolupen el treball per compet\u00e8ncies als seus centres, elaboren instruments de suport per orientar els processos de reflexi\u00f3 i la gesti\u00f3 del curr\u00edculum, i comparteixen processos d\u2019autoavaluaci\u00f3.<\/p>\n<p>El fet de pert\u00e0nyer a una xarxa docent entre iguals, com la Xarxa de Compet\u00e8ncies B\u00e0siques, empeny a crear\u00a0<strong>espais pedag\u00f2gics<\/strong>\u00a0en el si de cada centre i a aprendre dels altres centres en un context de\u00a0<strong>formaci\u00f3 cont\u00ednua entre iguals<\/strong>, que combina l\u2019acci\u00f3 i la reflexi\u00f3, amb la finalitat de consolidar\u00a0<strong>projectes educatius transformadors<\/strong>\u00a0i basats en el treball en equip de tots els agents de la comunitat educativa. La Xarxa CB inicial es va posar en marxa fa vint anys, i ara s\u2019ha ampliat fins a implicar un total de 57 CRPs, 697 centres i m\u00e9s de 12.000 docents de tot Catalunya.<!--more--><\/p>\n<p><strong>La Xarxa Territorial 7 correspon a les Terres de Ponent<\/strong>, i es va iniciar el curs 2017-18. L\u2019actual curs 2021 \u2013 2022 en formen part 48 centres de diferents Serveis Educatius comarcals:<\/p>\n<p><img loading=\"lazy\" decoding=\"async\" class=\"aligncenter size-full wp-image-14477\" src=\"https:\/\/serveiseducatius.xtec.cat\/pladurgell\/wp-content\/uploads\/usu1141\/2021\/09\/MAPA-NOU-DELS-CENTRES-DE-LA-XCBT72-724x1024-1.jpg\" alt=\"\" width=\"724\" height=\"1024\" srcset=\"https:\/\/serveiseducatius.xtec.cat\/pladurgell\/wp-content\/uploads\/usu1141\/2021\/09\/MAPA-NOU-DELS-CENTRES-DE-LA-XCBT72-724x1024-1.jpg 724w, https:\/\/serveiseducatius.xtec.cat\/pladurgell\/wp-content\/uploads\/usu1141\/2021\/09\/MAPA-NOU-DELS-CENTRES-DE-LA-XCBT72-724x1024-1-212x300.jpg 212w\" sizes=\"auto, (max-width: 724px) 100vw, 724px\" \/><img loading=\"lazy\" decoding=\"async\" class=\"aligncenter size-full wp-image-14478\" src=\"https:\/\/serveiseducatius.xtec.cat\/pladurgell\/wp-content\/uploads\/usu1141\/2021\/09\/referents21-22.jpg\" alt=\"\" width=\"909\" height=\"222\" srcset=\"https:\/\/serveiseducatius.xtec.cat\/pladurgell\/wp-content\/uploads\/usu1141\/2021\/09\/referents21-22.jpg 909w, https:\/\/serveiseducatius.xtec.cat\/pladurgell\/wp-content\/uploads\/usu1141\/2021\/09\/referents21-22-300x73.jpg 300w, https:\/\/serveiseducatius.xtec.cat\/pladurgell\/wp-content\/uploads\/usu1141\/2021\/09\/referents21-22-768x188.jpg 768w\" sizes=\"auto, (max-width: 909px) 100vw, 909px\" \/><!--more--><\/p>\n<p>Una\u00a0<strong>s\u00edntesi<\/strong>\u00a0del que \u00e9s i del que implica formar part de la XCB la trobareu en aquesta infografia:<img loading=\"lazy\" decoding=\"async\" class=\"aligncenter size-full wp-image-14479\" src=\"https:\/\/serveiseducatius.xtec.cat\/pladurgell\/wp-content\/uploads\/usu1141\/2021\/09\/info1.jpg\" alt=\"\" width=\"763\" height=\"676\" srcset=\"https:\/\/serveiseducatius.xtec.cat\/pladurgell\/wp-content\/uploads\/usu1141\/2021\/09\/info1.jpg 763w, https:\/\/serveiseducatius.xtec.cat\/pladurgell\/wp-content\/uploads\/usu1141\/2021\/09\/info1-300x266.jpg 300w\" sizes=\"auto, (max-width: 763px) 100vw, 763px\" \/><\/p>\n<p><a href=\"http:\/\/xtec.gencat.cat\/ca\/curriculum\/xarxacb\/\" target=\"_blank\" rel=\"noopener noreferrer\"><img loading=\"lazy\" decoding=\"async\" class=\" wp-image-9324 alignleft\" src=\"https:\/\/serveiseducatius.xtec.cat\/segria\/wp-content\/uploads\/usu679\/2020\/10\/1f517-1.png\" alt=\"\" width=\"24\" height=\"24\" \/>Espai de la Xarxa CB a la XTEC<\/a><\/p>\n<p><a href=\"http:\/\/xtec.gencat.cat\/ca\/curriculum\/xarxacb\/\"><img loading=\"lazy\" decoding=\"async\" class=\" wp-image-9324 alignleft\" src=\"https:\/\/serveiseducatius.xtec.cat\/segria\/wp-content\/uploads\/usu679\/2020\/10\/1f517-1.png\" alt=\"\" width=\"24\" height=\"24\" \/><\/a><a href=\"http:\/\/xtec.gencat.cat\/web\/.content\/curriculum\/xarxacb\/documents\/Lescola-que-volem.pdf\" target=\"_blank\" rel=\"noopener noreferrer\">Document \u201cL\u2019escola que volem. Idees de la XCb per repensar el projecte de centre\u201d<\/a><\/p>\n<p><a href=\"http:\/\/xtec.gencat.cat\/ca\/curriculum\/xarxacb\/\"><img loading=\"lazy\" decoding=\"async\" class=\" wp-image-9324 alignleft\" src=\"https:\/\/serveiseducatius.xtec.cat\/segria\/wp-content\/uploads\/usu679\/2020\/10\/1f517-1.png\" alt=\"\" width=\"24\" height=\"24\" \/><\/a><a href=\"https:\/\/drive.google.com\/file\/d\/1qFVmJVJ9Qgu3v8VytYYsxjgAEPmaFEMb\/view\" target=\"_blank\" rel=\"noopener noreferrer\">Document \u201cFormar per transformar\u201d (el model formatiu de la XCB)<\/a><\/p>\n<p><a href=\"http:\/\/xtec.gencat.cat\/ca\/curriculum\/xarxacb\/\"><img loading=\"lazy\" decoding=\"async\" class=\" wp-image-9324 alignleft\" src=\"https:\/\/serveiseducatius.xtec.cat\/segria\/wp-content\/uploads\/usu679\/2020\/10\/1f517-1.png\" alt=\"\" width=\"24\" height=\"24\" \/><\/a><a href=\"http:\/\/educacio.gencat.cat\/web\/.content\/home\/departament\/publicacions\/colleccions\/competencies-basiques\/eso\/avaluar-aprendre.pdf\" target=\"_blank\" rel=\"noopener noreferrer\">Document \u201cAvaluar \u00e9s aprendre\u201d de Neus Sanmart\u00ed<\/a><\/p>\n<p>Amb motiu del\u00a0<strong>vint\u00e8 aniversari de la Xarxa<\/strong>, us presentem aquestes infografies que resumeixen de forma breu el que hem apr\u00e8s treballant junts, compartint experi\u00e8ncies i construint coneixement de manera cooperativa:<img loading=\"lazy\" decoding=\"async\" class=\"aligncenter size-full wp-image-14480\" src=\"https:\/\/serveiseducatius.xtec.cat\/pladurgell\/wp-content\/uploads\/usu1141\/2021\/09\/20-coses-X-20-anys-1-709x1024-1.jpg\" alt=\"\" width=\"709\" height=\"1024\" srcset=\"https:\/\/serveiseducatius.xtec.cat\/pladurgell\/wp-content\/uploads\/usu1141\/2021\/09\/20-coses-X-20-anys-1-709x1024-1.jpg 709w, https:\/\/serveiseducatius.xtec.cat\/pladurgell\/wp-content\/uploads\/usu1141\/2021\/09\/20-coses-X-20-anys-1-709x1024-1-208x300.jpg 208w\" sizes=\"auto, (max-width: 709px) 100vw, 709px\" \/><img loading=\"lazy\" decoding=\"async\" class=\"aligncenter size-full wp-image-14481\" src=\"https:\/\/serveiseducatius.xtec.cat\/pladurgell\/wp-content\/uploads\/usu1141\/2021\/09\/20-coses-X-20-anys-2-709x1024-1.jpg\" alt=\"\" width=\"709\" height=\"1024\" srcset=\"https:\/\/serveiseducatius.xtec.cat\/pladurgell\/wp-content\/uploads\/usu1141\/2021\/09\/20-coses-X-20-anys-2-709x1024-1.jpg 709w, https:\/\/serveiseducatius.xtec.cat\/pladurgell\/wp-content\/uploads\/usu1141\/2021\/09\/20-coses-X-20-anys-2-709x1024-1-208x300.jpg 208w\" sizes=\"auto, (max-width: 709px) 100vw, 709px\" \/><\/p>\n<p>Font de l&#8217;article:<a href=\"https:\/\/serveiseducatius.xtec.cat\/segria\/xarxes\/xarxa-de-competencies-basiques\/\"> NODES del SE del Segri\u00e0<\/a><\/p>\n","protected":false},"excerpt":{"rendered":"<p>La Xarxa CB est\u00e0 formada per equips de docents que desenvolupen el treball per compet\u00e8ncies als seus centres, elaboren instruments [&hellip;]<\/p>\n","protected":false},"author":1,"featured_media":9996,"comment_status":"open","ping_status":"closed","sticky":false,"template":"","format":"standard","meta":{"_bbp_topic_count":0,"_bbp_reply_count":0,"_bbp_total_topic_count":0,"_bbp_total_reply_count":0,"_bbp_voice_count":0,"_bbp_anonymous_reply_count":0,"_bbp_topic_count_hidden":0,"_bbp_reply_count_hidden":0,"_bbp_forum_subforum_count":0,"site-sidebar-layout":"default","site-content-layout":"","ast-site-content-layout":"","site-content-style":"default","site-sidebar-style":"default","ast-global-header-display":"","ast-banner-title-visibility":"","ast-main-header-display":"","ast-hfb-above-header-display":"","ast-hfb-below-header-display":"","ast-hfb-mobile-header-display":"","site-post-title":"","ast-breadcrumbs-content":"","ast-featured-img":"","footer-sml-layout":"","theme-transparent-header-meta":"","adv-header-id-meta":"","stick-header-meta":"","header-above-stick-meta":"","header-main-stick-meta":"","header-below-stick-meta":"","astra-migrate-meta-layouts":"default","ast-page-background-enabled":"default","ast-page-background-meta":{"desktop":{"background-color":"var(--ast-global-color-4)","background-image":"","background-repeat":"repeat","background-position":"center center","background-size":"auto","background-attachment":"scroll","background-type":"","background-media":"","overlay-type":"","overlay-color":"","overlay-opacity":"","overlay-gradient":""},"tablet":{"background-color":"","background-image":"","background-repeat":"repeat","background-position":"center center","background-size":"auto","background-attachment":"scroll","background-type":"","background-media":"","overlay-type":"","overlay-color":"","overlay-opacity":"","overlay-gradient":""},"mobile":{"background-color":"","background-image":"","background-repeat":"repeat","background-position":"center center","background-size":"auto","background-attachment":"scroll","background-type":"","background-media":"","overlay-type":"","overlay-color":"","overlay-opacity":"","overlay-gradient":""}},"ast-content-background-meta":{"desktop":{"background-color":"var(--ast-global-color-5)","background-image":"","background-repeat":"repeat","background-position":"center center","background-size":"auto","background-attachment":"scroll","background-type":"","background-media":"","overlay-type":"","overlay-color":"","overlay-opacity":"","overlay-gradient":""},"tablet":{"background-color":"var(--ast-global-color-5)","background-image":"","background-repeat":"repeat","background-position":"center center","background-size":"auto","background-attachment":"scroll","background-type":"","background-media":"","overlay-type":"","overlay-color":"","overlay-opacity":"","overlay-gradient":""},"mobile":{"background-color":"var(--ast-global-color-5)","background-image":"","background-repeat":"repeat","background-position":"center center","background-size":"auto","background-attachment":"scroll","background-type":"","background-media":"","overlay-type":"","overlay-color":"","overlay-opacity":"","overlay-gradient":""}},"footnotes":""},"categories":[29,344],"tags":[],"class_list":["post-14476","post","type-post","status-publish","format-standard","has-post-thumbnail","hentry","category-portada","category-xarxa-c"],"post_mailing_queue_ids":[],"_links":{"self":[{"href":"https:\/\/serveiseducatius.xtec.cat\/pladurgell\/wp-json\/wp\/v2\/posts\/14476","targetHints":{"allow":["GET"]}}],"collection":[{"href":"https:\/\/serveiseducatius.xtec.cat\/pladurgell\/wp-json\/wp\/v2\/posts"}],"about":[{"href":"https:\/\/serveiseducatius.xtec.cat\/pladurgell\/wp-json\/wp\/v2\/types\/post"}],"author":[{"embeddable":true,"href":"https:\/\/serveiseducatius.xtec.cat\/pladurgell\/wp-json\/wp\/v2\/users\/1"}],"replies":[{"embeddable":true,"href":"https:\/\/serveiseducatius.xtec.cat\/pladurgell\/wp-json\/wp\/v2\/comments?post=14476"}],"version-history":[{"count":2,"href":"https:\/\/serveiseducatius.xtec.cat\/pladurgell\/wp-json\/wp\/v2\/posts\/14476\/revisions"}],"predecessor-version":[{"id":14502,"href":"https:\/\/serveiseducatius.xtec.cat\/pladurgell\/wp-json\/wp\/v2\/posts\/14476\/revisions\/14502"}],"wp:featuredmedia":[{"embeddable":true,"href":"https:\/\/serveiseducatius.xtec.cat\/pladurgell\/wp-json\/wp\/v2\/media\/9996"}],"wp:attachment":[{"href":"https:\/\/serveiseducatius.xtec.cat\/pladurgell\/wp-json\/wp\/v2\/media?parent=14476"}],"wp:term":[{"taxonomy":"category","embeddable":true,"href":"https:\/\/serveiseducatius.xtec.cat\/pladurgell\/wp-json\/wp\/v2\/categories?post=14476"},{"taxonomy":"post_tag","embeddable":true,"href":"https:\/\/serveiseducatius.xtec.cat\/pladurgell\/wp-json\/wp\/v2\/tags?post=14476"}],"curies":[{"name":"wp","href":"https:\/\/api.w.org\/{rel}","templated":true}]}}