{"id":14458,"date":"2021-09-27T09:56:35","date_gmt":"2021-09-27T07:56:35","guid":{"rendered":"https:\/\/serveiseducatius.xtec.cat\/pladurgell\/?p=14458"},"modified":"2025-11-03T11:38:45","modified_gmt":"2025-11-03T10:38:45","slug":"recursos-sobre-geologia","status":"publish","type":"post","link":"https:\/\/serveiseducatius.xtec.cat\/pladurgell\/portada\/recursos-sobre-geologia\/","title":{"rendered":"Recursos sobre geologia"},"content":{"rendered":"<p style=\"text-align: center;\"><img loading=\"lazy\" decoding=\"async\" class=\"aligncenter size-full wp-image-14491\" src=\"https:\/\/serveiseducatius.xtec.cat\/pladurgell\/wp-content\/uploads\/usu1141\/2021\/09\/asdfghjk.jpg\" alt=\"\" width=\"518\" height=\"410\" srcset=\"https:\/\/serveiseducatius.xtec.cat\/pladurgell\/wp-content\/uploads\/usu1141\/2021\/09\/asdfghjk.jpg 518w, https:\/\/serveiseducatius.xtec.cat\/pladurgell\/wp-content\/uploads\/usu1141\/2021\/09\/asdfghjk-300x237.jpg 300w\" sizes=\"auto, (max-width: 518px) 100vw, 518px\" \/><\/p>\n<p>Us compartim un <a href=\"http:\/\/xtec.gencat.cat\/ca\/recursos\/ccnn\/geologia\/\">enlla\u00e7 a la p\u00e0gina de l&#8217;XTEC<\/a> on trobareu una llista de recursos sobre volcans, plaques tect\u00f2niques i geologia en general per a treballar a les vostres classes de ci\u00e8ncies naturals.<!--more--><\/p>\n<p>Altres recursos:<\/p>\n<p><a href=\"https:\/\/www.ccma.cat\/tv3\/super3\/infok\/infok-20092021\/video\/6119813\/\">Un volc\u00e0 entra en erupci\u00f3- <\/a>infoK<\/p>\n<p><a href=\"https:\/\/www.ccma.cat\/tv3\/super3\/infok\/la-cori-ens-informa-sobre-el-volca\/video\/6120486\/\">La Cori ens informa sobre el volc\u00e0 &#8211;<\/a>infoK<\/p>\n<p><a href=\"http:\/\/www.gencat.cat\/mediamb\/publicacions\/monografies\/vulcanisme.pdf\">Monogr\u00e0fic El vulcanisme a Catalunya &#8211; <\/a>Publicacions gencat mediambient<\/p>\n<p><a href=\"https:\/\/www.ign.es\/web\/ign\/portal\/vlc-teoria-general\">Descripci\u00f3n del fen\u00f3meno volc\u00e1nico<\/a> &#8211; Instituto Geogr\u00e1fico Nacional<\/p>\n<p><a href=\"https:\/\/www.youtube.com\/watch?v=5BSJke1FuHM\">El volc\u00e1n en la Palma: sigue la erupci\u00f3n\u00a0 en directo-\u00a0<\/a>RTVE<\/p>\n","protected":false},"excerpt":{"rendered":"<p>Us compartim un enlla\u00e7 a la p\u00e0gina de l&#8217;XTEC on trobareu una llista de recursos sobre volcans, plaques tect\u00f2niques i [&hellip;]<\/p>\n","protected":false},"author":1,"featured_media":14459,"comment_status":"open","ping_status":"closed","sticky":false,"template":"","format":"standard","meta":{"_bbp_topic_count":0,"_bbp_reply_count":0,"_bbp_total_topic_count":0,"_bbp_total_reply_count":0,"_bbp_voice_count":0,"_bbp_anonymous_reply_count":0,"_bbp_topic_count_hidden":0,"_bbp_reply_count_hidden":0,"_bbp_forum_subforum_count":0,"site-sidebar-layout":"default","site-content-layout":"","ast-site-content-layout":"default","site-content-style":"default","site-sidebar-style":"default","ast-global-header-display":"","ast-banner-title-visibility":"","ast-main-header-display":"","ast-hfb-above-header-display":"","ast-hfb-below-header-display":"","ast-hfb-mobile-header-display":"","site-post-title":"","ast-breadcrumbs-content":"","ast-featured-img":"","footer-sml-layout":"","theme-transparent-header-meta":"","adv-header-id-meta":"","stick-header-meta":"","header-above-stick-meta":"","header-main-stick-meta":"","header-below-stick-meta":"","astra-migrate-meta-layouts":"set","ast-page-background-enabled":"default","ast-page-background-meta":{"desktop":{"background-color":"var(--ast-global-color-4)","background-image":"","background-repeat":"repeat","background-position":"center center","background-size":"auto","background-attachment":"scroll","background-type":"","background-media":"","overlay-type":"","overlay-color":"","overlay-opacity":"","overlay-gradient":""},"tablet":{"background-color":"","background-image":"","background-repeat":"repeat","background-position":"center center","background-size":"auto","background-attachment":"scroll","background-type":"","background-media":"","overlay-type":"","overlay-color":"","overlay-opacity":"","overlay-gradient":""},"mobile":{"background-color":"","background-image":"","background-repeat":"repeat","background-position":"center center","background-size":"auto","background-attachment":"scroll","background-type":"","background-media":"","overlay-type":"","overlay-color":"","overlay-opacity":"","overlay-gradient":""}},"ast-content-background-meta":{"desktop":{"background-color":"var(--ast-global-color-5)","background-image":"","background-repeat":"repeat","background-position":"center center","background-size":"auto","background-attachment":"scroll","background-type":"","background-media":"","overlay-type":"","overlay-color":"","overlay-opacity":"","overlay-gradient":""},"tablet":{"background-color":"var(--ast-global-color-5)","background-image":"","background-repeat":"repeat","background-position":"center center","background-size":"auto","background-attachment":"scroll","background-type":"","background-media":"","overlay-type":"","overlay-color":"","overlay-opacity":"","overlay-gradient":""},"mobile":{"background-color":"var(--ast-global-color-5)","background-image":"","background-repeat":"repeat","background-position":"center center","background-size":"auto","background-attachment":"scroll","background-type":"","background-media":"","overlay-type":"","overlay-color":"","overlay-opacity":"","overlay-gradient":""}},"footnotes":""},"categories":[285,29],"tags":[947,289,172,179,317],"class_list":["post-14458","post","type-post","status-publish","format-standard","has-post-thumbnail","hentry","category-ciencies-naturals","category-portada","tag-medi-natural","tag-ciencies-naturals","tag-educacio-primaria","tag-educacio-secundaria","tag-recursos-en-linia"],"post_mailing_queue_ids":[],"_links":{"self":[{"href":"https:\/\/serveiseducatius.xtec.cat\/pladurgell\/wp-json\/wp\/v2\/posts\/14458","targetHints":{"allow":["GET"]}}],"collection":[{"href":"https:\/\/serveiseducatius.xtec.cat\/pladurgell\/wp-json\/wp\/v2\/posts"}],"about":[{"href":"https:\/\/serveiseducatius.xtec.cat\/pladurgell\/wp-json\/wp\/v2\/types\/post"}],"author":[{"embeddable":true,"href":"https:\/\/serveiseducatius.xtec.cat\/pladurgell\/wp-json\/wp\/v2\/users\/1"}],"replies":[{"embeddable":true,"href":"https:\/\/serveiseducatius.xtec.cat\/pladurgell\/wp-json\/wp\/v2\/comments?post=14458"}],"version-history":[{"count":4,"href":"https:\/\/serveiseducatius.xtec.cat\/pladurgell\/wp-json\/wp\/v2\/posts\/14458\/revisions"}],"predecessor-version":[{"id":21992,"href":"https:\/\/serveiseducatius.xtec.cat\/pladurgell\/wp-json\/wp\/v2\/posts\/14458\/revisions\/21992"}],"wp:featuredmedia":[{"embeddable":true,"href":"https:\/\/serveiseducatius.xtec.cat\/pladurgell\/wp-json\/wp\/v2\/media\/14459"}],"wp:attachment":[{"href":"https:\/\/serveiseducatius.xtec.cat\/pladurgell\/wp-json\/wp\/v2\/media?parent=14458"}],"wp:term":[{"taxonomy":"category","embeddable":true,"href":"https:\/\/serveiseducatius.xtec.cat\/pladurgell\/wp-json\/wp\/v2\/categories?post=14458"},{"taxonomy":"post_tag","embeddable":true,"href":"https:\/\/serveiseducatius.xtec.cat\/pladurgell\/wp-json\/wp\/v2\/tags?post=14458"}],"curies":[{"name":"wp","href":"https:\/\/api.w.org\/{rel}","templated":true}]}}