{"id":14434,"date":"2021-09-22T11:13:12","date_gmt":"2021-09-22T09:13:12","guid":{"rendered":"https:\/\/serveiseducatius.xtec.cat\/pladurgell\/?p=14434"},"modified":"2021-09-24T12:22:53","modified_gmt":"2021-09-24T10:22:53","slug":"nous-recursos-de-larxiu-comarcal-del-pla-durgell","status":"publish","type":"post","link":"https:\/\/serveiseducatius.xtec.cat\/pladurgell\/general\/nous-recursos-de-larxiu-comarcal-del-pla-durgell\/","title":{"rendered":"Nous recursos de l&#8217;Arxiu Comarcal del Pla d&#8217;Urgell"},"content":{"rendered":"<p><img loading=\"lazy\" decoding=\"async\" class=\"wp-image-14437 aligncenter\" src=\"https:\/\/serveiseducatius.xtec.cat\/pladurgell\/wp-content\/uploads\/usu1141\/2021\/09\/arxiu-comarcal-1.jpg\" alt=\"\" width=\"448\" height=\"305\" \/><\/p>\n<p style=\"text-align: justify;\">L\u2019<strong>Arxiu Comarcal del Pla d&#8217;Urgell<\/strong> (ACPU) va ser inaugurat el 22 de desembre de 2009. La seva principal missi\u00f3 \u00e9s la de tractar, preservar, conservar, difondre i assessorar sobre el patrimoni documental de la comarca. Us compartim una s\u00e8rie d&#8217;enlla\u00e7os amb diferents recursos que hi podeu trobar i \/o consultar.<!--more--><\/p>\n<ul>\n<li style=\"text-align: justify;\"><a href=\"https:\/\/xac.gencat.cat\/ca\/llista_arxius_comarcals\/pla_d_urgell\/\">Web de l&#8217;arxiu <\/a>on us podeu informar sobre l&#8217;agenda d&#8217;activitats, el servei did\u00e0ctic, les publicacions&#8230;<\/li>\n<li style=\"text-align: justify;\"><a href=\"https:\/\/xacpremsa.cultura.gencat.cat\/pandora\/results.vm?a=0001517599&amp;b=search-covers&amp;view=premsa&amp;lang=ca\">Revista digitalitzada<\/a> <em>Urgell- Segarra<\/em>.<\/li>\n<\/ul>\n<p>L&#8217;Arxiu Comarcal del Pla d&#8217;Urgell de cara a afavorir la difusi\u00f3 dels fons documentals que custodia ha publicat en obert tots els exemplars digitalitzats de la revista <em>Urgell- Segarra.\u00a0<\/em>Es tracta d&#8217;una revista comarcal de periodicitat quinzenal publicada a Mollerussa entre el 1918 i el 1923. \u00c9s interessant de veure des de la manera de redactar i maquetar una publicaci\u00f3, passant pels anuncis i acabant en les not\u00edcies tant en \u00e0mbit local, nacional i internacional com \u00e9s la fi de la Primera Guerra Mundial com els conflictes pol\u00edtics entre Barcelona i Madrid.<\/p>\n","protected":false},"excerpt":{"rendered":"<p>L\u2019Arxiu Comarcal del Pla d&#8217;Urgell (ACPU) va ser inaugurat el 22 de desembre de 2009. La seva principal missi\u00f3 \u00e9s [&hellip;]<\/p>\n","protected":false},"author":1,"featured_media":14437,"comment_status":"open","ping_status":"closed","sticky":false,"template":"","format":"standard","meta":{"_bbp_topic_count":0,"_bbp_reply_count":0,"_bbp_total_topic_count":0,"_bbp_total_reply_count":0,"_bbp_voice_count":0,"_bbp_anonymous_reply_count":0,"_bbp_topic_count_hidden":0,"_bbp_reply_count_hidden":0,"_bbp_forum_subforum_count":0,"site-sidebar-layout":"default","site-content-layout":"","ast-site-content-layout":"","site-content-style":"default","site-sidebar-style":"default","ast-global-header-display":"","ast-banner-title-visibility":"","ast-main-header-display":"","ast-hfb-above-header-display":"","ast-hfb-below-header-display":"","ast-hfb-mobile-header-display":"","site-post-title":"","ast-breadcrumbs-content":"","ast-featured-img":"","footer-sml-layout":"","theme-transparent-header-meta":"","adv-header-id-meta":"","stick-header-meta":"","header-above-stick-meta":"","header-main-stick-meta":"","header-below-stick-meta":"","astra-migrate-meta-layouts":"default","ast-page-background-enabled":"default","ast-page-background-meta":{"desktop":{"background-color":"var(--ast-global-color-4)","background-image":"","background-repeat":"repeat","background-position":"center center","background-size":"auto","background-attachment":"scroll","background-type":"","background-media":"","overlay-type":"","overlay-color":"","overlay-opacity":"","overlay-gradient":""},"tablet":{"background-color":"","background-image":"","background-repeat":"repeat","background-position":"center center","background-size":"auto","background-attachment":"scroll","background-type":"","background-media":"","overlay-type":"","overlay-color":"","overlay-opacity":"","overlay-gradient":""},"mobile":{"background-color":"","background-image":"","background-repeat":"repeat","background-position":"center center","background-size":"auto","background-attachment":"scroll","background-type":"","background-media":"","overlay-type":"","overlay-color":"","overlay-opacity":"","overlay-gradient":""}},"ast-content-background-meta":{"desktop":{"background-color":"var(--ast-global-color-5)","background-image":"","background-repeat":"repeat","background-position":"center center","background-size":"auto","background-attachment":"scroll","background-type":"","background-media":"","overlay-type":"","overlay-color":"","overlay-opacity":"","overlay-gradient":""},"tablet":{"background-color":"var(--ast-global-color-5)","background-image":"","background-repeat":"repeat","background-position":"center center","background-size":"auto","background-attachment":"scroll","background-type":"","background-media":"","overlay-type":"","overlay-color":"","overlay-opacity":"","overlay-gradient":""},"mobile":{"background-color":"var(--ast-global-color-5)","background-image":"","background-repeat":"repeat","background-position":"center center","background-size":"auto","background-attachment":"scroll","background-type":"","background-media":"","overlay-type":"","overlay-color":"","overlay-opacity":"","overlay-gradient":""}},"footnotes":""},"categories":[286,1,29],"tags":[288,317],"class_list":["post-14434","post","type-post","status-publish","format-standard","has-post-thumbnail","hentry","category-ciencies-social","category-general","category-portada","tag-ciencies-socials","tag-recursos-en-linia"],"post_mailing_queue_ids":[],"_links":{"self":[{"href":"https:\/\/serveiseducatius.xtec.cat\/pladurgell\/wp-json\/wp\/v2\/posts\/14434","targetHints":{"allow":["GET"]}}],"collection":[{"href":"https:\/\/serveiseducatius.xtec.cat\/pladurgell\/wp-json\/wp\/v2\/posts"}],"about":[{"href":"https:\/\/serveiseducatius.xtec.cat\/pladurgell\/wp-json\/wp\/v2\/types\/post"}],"author":[{"embeddable":true,"href":"https:\/\/serveiseducatius.xtec.cat\/pladurgell\/wp-json\/wp\/v2\/users\/1"}],"replies":[{"embeddable":true,"href":"https:\/\/serveiseducatius.xtec.cat\/pladurgell\/wp-json\/wp\/v2\/comments?post=14434"}],"version-history":[{"count":3,"href":"https:\/\/serveiseducatius.xtec.cat\/pladurgell\/wp-json\/wp\/v2\/posts\/14434\/revisions"}],"predecessor-version":[{"id":14452,"href":"https:\/\/serveiseducatius.xtec.cat\/pladurgell\/wp-json\/wp\/v2\/posts\/14434\/revisions\/14452"}],"wp:featuredmedia":[{"embeddable":true,"href":"https:\/\/serveiseducatius.xtec.cat\/pladurgell\/wp-json\/wp\/v2\/media\/14437"}],"wp:attachment":[{"href":"https:\/\/serveiseducatius.xtec.cat\/pladurgell\/wp-json\/wp\/v2\/media?parent=14434"}],"wp:term":[{"taxonomy":"category","embeddable":true,"href":"https:\/\/serveiseducatius.xtec.cat\/pladurgell\/wp-json\/wp\/v2\/categories?post=14434"},{"taxonomy":"post_tag","embeddable":true,"href":"https:\/\/serveiseducatius.xtec.cat\/pladurgell\/wp-json\/wp\/v2\/tags?post=14434"}],"curies":[{"name":"wp","href":"https:\/\/api.w.org\/{rel}","templated":true}]}}