{"id":14075,"date":"2021-06-22T09:24:25","date_gmt":"2021-06-22T07:24:25","guid":{"rendered":"http:\/\/serveiseducatius.xtec.cat\/pladurgell\/?p=14075"},"modified":"2021-06-22T09:26:24","modified_gmt":"2021-06-22T07:26:24","slug":"nanokudis-kudis-macrokudis-i-itineraris","status":"publish","type":"post","link":"https:\/\/serveiseducatius.xtec.cat\/pladurgell\/general\/nanokudis-kudis-macrokudis-i-itineraris\/","title":{"rendered":"Nanokudis, kudis, macrokudis i itineraris"},"content":{"rendered":"<p><a href=\"https:\/\/serveiseducatius.xtec.cat\/pladurgell\/wp-content\/uploads\/usu1141\/2021\/06\/kudis.png\"><img loading=\"lazy\" decoding=\"async\" class=\"aligncenter size-full wp-image-14077\" src=\"https:\/\/serveiseducatius.xtec.cat\/pladurgell\/wp-content\/uploads\/usu1141\/2021\/06\/kudis.png\" alt=\"\" width=\"972\" height=\"579\" srcset=\"https:\/\/serveiseducatius.xtec.cat\/pladurgell\/wp-content\/uploads\/usu1141\/2021\/06\/kudis.png 972w, https:\/\/serveiseducatius.xtec.cat\/pladurgell\/wp-content\/uploads\/usu1141\/2021\/06\/kudis-300x179.png 300w, https:\/\/serveiseducatius.xtec.cat\/pladurgell\/wp-content\/uploads\/usu1141\/2021\/06\/kudis-768x457.png 768w\" sizes=\"auto, (max-width: 972px) 100vw, 972px\" \/><\/a><\/p>\n<p><strong>De l\u20191 de juliol fins al 30 d\u2019agost\u00a0<\/strong>podeu inscriure&#8217;s en aquestes c\u00e0psules autoformatives de curta durada\u00a0 per millorar la compet\u00e8ncia digital docent.<\/p>\n<p><!--more--><\/p>\n<table style=\"height: 231px; width: 1035px;\" width=\"701\">\n<tbody>\n<tr style=\"height: 231px;\">\n<td style=\"width: 509.35px; height: 231px;\"><a href=\"https:\/\/serveiseducatius.xtec.cat\/pladurgell\/wp-content\/uploads\/usu1141\/2021\/06\/Kudi-10.png\"><img loading=\"lazy\" decoding=\"async\" class=\"wp-image-14078 alignleft\" src=\"https:\/\/serveiseducatius.xtec.cat\/pladurgell\/wp-content\/uploads\/usu1141\/2021\/06\/Kudi-10-1024x360.png\" alt=\"\" width=\"517\" height=\"182\" srcset=\"https:\/\/serveiseducatius.xtec.cat\/pladurgell\/wp-content\/uploads\/usu1141\/2021\/06\/Kudi-10-1024x360.png 1024w, https:\/\/serveiseducatius.xtec.cat\/pladurgell\/wp-content\/uploads\/usu1141\/2021\/06\/Kudi-10-300x105.png 300w, https:\/\/serveiseducatius.xtec.cat\/pladurgell\/wp-content\/uploads\/usu1141\/2021\/06\/Kudi-10-768x270.png 768w, https:\/\/serveiseducatius.xtec.cat\/pladurgell\/wp-content\/uploads\/usu1141\/2021\/06\/Kudi-10.png 1332w\" sizes=\"auto, (max-width: 517px) 100vw, 517px\" \/><\/a><\/td>\n<td style=\"width: 520.317px; height: 231px;\"><img loading=\"lazy\" decoding=\"async\" class=\"wp-image-14079 alignright\" src=\"https:\/\/serveiseducatius.xtec.cat\/pladurgell\/wp-content\/uploads\/usu1141\/2021\/06\/macroKudi-1024x390-1024x390.png\" alt=\"\" width=\"517\" height=\"196\" srcset=\"https:\/\/serveiseducatius.xtec.cat\/pladurgell\/wp-content\/uploads\/usu1141\/2021\/06\/macroKudi-1024x390.png 1024w, https:\/\/serveiseducatius.xtec.cat\/pladurgell\/wp-content\/uploads\/usu1141\/2021\/06\/macroKudi-1024x390-300x114.png 300w, https:\/\/serveiseducatius.xtec.cat\/pladurgell\/wp-content\/uploads\/usu1141\/2021\/06\/macroKudi-1024x390-768x293.png 768w\" sizes=\"auto, (max-width: 517px) 100vw, 517px\" \/><\/td>\n<\/tr>\n<\/tbody>\n<\/table>\n<p style=\"text-align: justify;\">Aprofitem per fer-vos arribar el v\u00eddeo de la presentaci\u00f3 de l\u2019oferta formativa en compet\u00e8ncia digital docent 2021-2022. En Pitu Mart\u00ednez, responsable de formaci\u00f3 de l\u2019<strong>\u00c0rea de Cultura Digital de la Direcci\u00f3 General d\u2019Innovaci\u00f3, Recerca i Cultura Digital<\/strong>, presenta les modalitats de formaci\u00f3 en compet\u00e8ncia digital docent i l\u2019oferta formativa en aquest \u00e0mbit per l\u2019estiu 2021 i pel curs 2021-2022, dirigida al professorat, al desenvolupament de projectes de centre, i a les Xarxes Territorials de Cultura Digital.<\/p>\n<p style=\"text-align: justify;\"><a href=\"http:\/\/xtec.gencat.cat\/ca\/formacio\/formacio-estiu\/formacio-steam-i-cultura-digital\/\" target=\"_blank\" rel=\"noopener noreferrer\"><strong>Oferta formativa d\u2019estiu 2021 STEAM i Cultura Digital.<\/strong><\/a><\/p>\n<p style=\"text-align: justify;\"><strong><a href=\"http:\/\/xtec.gencat.cat\/ca\/formacio\/formaciogeneralprofessorat\/cultura-digital\/\" target=\"_blank\" rel=\"noopener noreferrer\">Oferta formativa de Cultura digital a la XTEC<\/a><\/strong><\/p>\n<p style=\"text-align: justify;\"><strong><a href=\"https:\/\/ja.cat\/formacio20212022\" target=\"_blank\" rel=\"noopener noreferrer\">Presentaci\u00f3 sobre l\u2019oferta formativa de Cultura digital.<\/a><\/strong><\/p>\n<p style=\"text-align: justify;\">\n","protected":false},"excerpt":{"rendered":"<p>De l\u20191 de juliol fins al 30 d\u2019agost\u00a0podeu inscriure&#8217;s en aquestes c\u00e0psules autoformatives de curta durada\u00a0 per millorar la compet\u00e8ncia [&hellip;]<\/p>\n","protected":false},"author":1,"featured_media":14077,"comment_status":"open","ping_status":"closed","sticky":false,"template":"","format":"standard","meta":{"_bbp_topic_count":0,"_bbp_reply_count":0,"_bbp_total_topic_count":0,"_bbp_total_reply_count":0,"_bbp_voice_count":0,"_bbp_anonymous_reply_count":0,"_bbp_topic_count_hidden":0,"_bbp_reply_count_hidden":0,"_bbp_forum_subforum_count":0,"site-sidebar-layout":"default","site-content-layout":"","ast-site-content-layout":"","site-content-style":"default","site-sidebar-style":"default","ast-global-header-display":"","ast-banner-title-visibility":"","ast-main-header-display":"","ast-hfb-above-header-display":"","ast-hfb-below-header-display":"","ast-hfb-mobile-header-display":"","site-post-title":"","ast-breadcrumbs-content":"","ast-featured-img":"","footer-sml-layout":"","theme-transparent-header-meta":"","adv-header-id-meta":"","stick-header-meta":"","header-above-stick-meta":"","header-main-stick-meta":"","header-below-stick-meta":"","astra-migrate-meta-layouts":"default","ast-page-background-enabled":"default","ast-page-background-meta":{"desktop":{"background-color":"var(--ast-global-color-4)","background-image":"","background-repeat":"repeat","background-position":"center center","background-size":"auto","background-attachment":"scroll","background-type":"","background-media":"","overlay-type":"","overlay-color":"","overlay-opacity":"","overlay-gradient":""},"tablet":{"background-color":"","background-image":"","background-repeat":"repeat","background-position":"center center","background-size":"auto","background-attachment":"scroll","background-type":"","background-media":"","overlay-type":"","overlay-color":"","overlay-opacity":"","overlay-gradient":""},"mobile":{"background-color":"","background-image":"","background-repeat":"repeat","background-position":"center center","background-size":"auto","background-attachment":"scroll","background-type":"","background-media":"","overlay-type":"","overlay-color":"","overlay-opacity":"","overlay-gradient":""}},"ast-content-background-meta":{"desktop":{"background-color":"var(--ast-global-color-5)","background-image":"","background-repeat":"repeat","background-position":"center center","background-size":"auto","background-attachment":"scroll","background-type":"","background-media":"","overlay-type":"","overlay-color":"","overlay-opacity":"","overlay-gradient":""},"tablet":{"background-color":"var(--ast-global-color-5)","background-image":"","background-repeat":"repeat","background-position":"center center","background-size":"auto","background-attachment":"scroll","background-type":"","background-media":"","overlay-type":"","overlay-color":"","overlay-opacity":"","overlay-gradient":""},"mobile":{"background-color":"var(--ast-global-color-5)","background-image":"","background-repeat":"repeat","background-position":"center center","background-size":"auto","background-attachment":"scroll","background-type":"","background-media":"","overlay-type":"","overlay-color":"","overlay-opacity":"","overlay-gradient":""}},"footnotes":""},"categories":[154,1,29,78],"tags":[445,226,355],"class_list":["post-14075","post","type-post","status-publish","format-standard","has-post-thumbnail","hentry","category-formacio","category-general","category-portada","category-tac","tag-competenciadigital","tag-formacio","tag-tac"],"post_mailing_queue_ids":[],"_links":{"self":[{"href":"https:\/\/serveiseducatius.xtec.cat\/pladurgell\/wp-json\/wp\/v2\/posts\/14075","targetHints":{"allow":["GET"]}}],"collection":[{"href":"https:\/\/serveiseducatius.xtec.cat\/pladurgell\/wp-json\/wp\/v2\/posts"}],"about":[{"href":"https:\/\/serveiseducatius.xtec.cat\/pladurgell\/wp-json\/wp\/v2\/types\/post"}],"author":[{"embeddable":true,"href":"https:\/\/serveiseducatius.xtec.cat\/pladurgell\/wp-json\/wp\/v2\/users\/1"}],"replies":[{"embeddable":true,"href":"https:\/\/serveiseducatius.xtec.cat\/pladurgell\/wp-json\/wp\/v2\/comments?post=14075"}],"version-history":[{"count":3,"href":"https:\/\/serveiseducatius.xtec.cat\/pladurgell\/wp-json\/wp\/v2\/posts\/14075\/revisions"}],"predecessor-version":[{"id":14087,"href":"https:\/\/serveiseducatius.xtec.cat\/pladurgell\/wp-json\/wp\/v2\/posts\/14075\/revisions\/14087"}],"wp:featuredmedia":[{"embeddable":true,"href":"https:\/\/serveiseducatius.xtec.cat\/pladurgell\/wp-json\/wp\/v2\/media\/14077"}],"wp:attachment":[{"href":"https:\/\/serveiseducatius.xtec.cat\/pladurgell\/wp-json\/wp\/v2\/media?parent=14075"}],"wp:term":[{"taxonomy":"category","embeddable":true,"href":"https:\/\/serveiseducatius.xtec.cat\/pladurgell\/wp-json\/wp\/v2\/categories?post=14075"},{"taxonomy":"post_tag","embeddable":true,"href":"https:\/\/serveiseducatius.xtec.cat\/pladurgell\/wp-json\/wp\/v2\/tags?post=14075"}],"curies":[{"name":"wp","href":"https:\/\/api.w.org\/{rel}","templated":true}]}}