{"id":14063,"date":"2021-06-18T11:00:20","date_gmt":"2021-06-18T09:00:20","guid":{"rendered":"http:\/\/serveiseducatius.xtec.cat\/pladurgell\/?p=14063"},"modified":"2021-06-18T11:01:06","modified_gmt":"2021-06-18T09:01:06","slug":"ev-lleida-jornades-de-formacio-sobre-biodiversitat","status":"publish","type":"post","link":"https:\/\/serveiseducatius.xtec.cat\/pladurgell\/general\/ev-lleida-jornades-de-formacio-sobre-biodiversitat\/","title":{"rendered":"EV LLEIDA. JORNADES DE FORMACI\u00d3 SOBRE BIODIVERSITAT"},"content":{"rendered":"<p><a href=\"https:\/\/serveiseducatius.xtec.cat\/pladurgell\/wp-content\/uploads\/usu1141\/2021\/06\/unnamed-5.jpg\"><img loading=\"lazy\" decoding=\"async\" class=\"aligncenter size-large wp-image-14065\" src=\"https:\/\/serveiseducatius.xtec.cat\/pladurgell\/wp-content\/uploads\/usu1141\/2021\/06\/unnamed-5-1024x620.jpg\" alt=\"\" width=\"1024\" height=\"620\" \/><\/a><\/p>\n<p style=\"text-align: justify;\">Escoles Verdes de Lleida ha organitzat unes <strong>Jornades de formaci\u00f3 sobre biodiversitat<\/strong> per a principis de juliol. Us enviem el <a href=\"https:\/\/escoles.fundesplai.org\/?mailpoet_router&amp;endpoint=track&amp;action=click&amp;data=WyI0MTUyIiwibThjemM0NTY2ajQ4MHcwY2NnNGtra29rZzQ0NDhzczgiLCIxNTciLCI3YTdkNjFjODY1YTUiLGZhbHNlXQ\" target=\"_blank\" rel=\"noopener noreferrer\" data-saferedirecturl=\"https:\/\/www.google.com\/url?q=https:\/\/escoles.fundesplai.org?mailpoet_router%26endpoint%3Dtrack%26action%3Dclick%26data%3DWyI0MTUyIiwibThjemM0NTY2ajQ4MHcwY2NnNGtra29rZzQ0NDhzczgiLCIxNTciLCI3YTdkNjFjODY1YTUiLGZhbHNlXQ&amp;source=gmail&amp;ust=1624092207940000&amp;usg=AFQjCNH-FOaTcBu-_u_PLIOyX9R_LPWu9g\">programa<\/a>. Us podeu inscriure a totes aquelles sessions que us interessin, separadament. Per aix\u00f2 cada sessi\u00f3 tindr\u00e0 un enlla\u00e7 d\u2019inscripci\u00f3 diferent.<\/p>\n<p><!--more--><\/p>\n<ul style=\"text-align: justify;\">\n<li>DIJOUS 1 DE JULIOL &#8211;\u00a0<strong>L\u2019Estrat\u00e8gia Catalana de la Biodiversitat.\u00a0<\/strong>Enlla\u00e7 inscripci\u00f3:\u00a0<a href=\"https:\/\/escoles.fundesplai.org\/?mailpoet_router&amp;endpoint=track&amp;action=click&amp;data=WyI0MTUyIiwibThjemM0NTY2ajQ4MHcwY2NnNGtra29rZzQ0NDhzczgiLCIxNTciLCI1N2UzMmI1YmNiNjQiLGZhbHNlXQ\" target=\"_blank\" rel=\"noopener noreferrer\" data-saferedirecturl=\"https:\/\/www.google.com\/url?q=https:\/\/escoles.fundesplai.org?mailpoet_router%26endpoint%3Dtrack%26action%3Dclick%26data%3DWyI0MTUyIiwibThjemM0NTY2ajQ4MHcwY2NnNGtra29rZzQ0NDhzczgiLCIxNTciLCI1N2UzMmI1YmNiNjQiLGZhbHNlXQ&amp;source=gmail&amp;ust=1624092207940000&amp;usg=AFQjCNEhgXECp8gUmYRL99qj0_SiVidnrw\">https:\/\/forms.gle\/<wbr \/>UbgJ2L98yS41x4vk8<\/a><\/li>\n<li>DIVENDRES 2 DE JULIOL<strong>\u00a0&#8211; Projectes de Ci\u00e8ncia Ciutadana per afavorir la Biodiversitat.\u00a0<\/strong>Enlla\u00e7 inscripci\u00f3:\u00a0<a href=\"https:\/\/escoles.fundesplai.org\/?mailpoet_router&amp;endpoint=track&amp;action=click&amp;data=WyI0MTUyIiwibThjemM0NTY2ajQ4MHcwY2NnNGtra29rZzQ0NDhzczgiLCIxNTciLCIzMzAxNGExZGUzNTIiLGZhbHNlXQ\" target=\"_blank\" rel=\"noopener noreferrer\" data-saferedirecturl=\"https:\/\/www.google.com\/url?q=https:\/\/escoles.fundesplai.org?mailpoet_router%26endpoint%3Dtrack%26action%3Dclick%26data%3DWyI0MTUyIiwibThjemM0NTY2ajQ4MHcwY2NnNGtra29rZzQ0NDhzczgiLCIxNTciLCIzMzAxNGExZGUzNTIiLGZhbHNlXQ&amp;source=gmail&amp;ust=1624092207940000&amp;usg=AFQjCNGdtZT6Jfq7i8ZwdY75OAOJRlWrMw\">https:\/\/forms.gle\/<wbr \/>m1r2iE8an9B4pnLH8<\/a><\/li>\n<li>DILLUNS 5 DE JULIOL &#8211;\u00a0<strong>El model agroalimentari i l\u2019ALIMENTACI\u00d3<\/strong>. Enlla\u00e7 inscripci\u00f3:\u00a0<a href=\"https:\/\/escoles.fundesplai.org\/?mailpoet_router&amp;endpoint=track&amp;action=click&amp;data=WyI0MTUyIiwibThjemM0NTY2ajQ4MHcwY2NnNGtra29rZzQ0NDhzczgiLCIxNTciLCIwNmE0MmJiNzBkODMiLGZhbHNlXQ\" target=\"_blank\" rel=\"noopener noreferrer\" data-saferedirecturl=\"https:\/\/www.google.com\/url?q=https:\/\/escoles.fundesplai.org?mailpoet_router%26endpoint%3Dtrack%26action%3Dclick%26data%3DWyI0MTUyIiwibThjemM0NTY2ajQ4MHcwY2NnNGtra29rZzQ0NDhzczgiLCIxNTciLCIwNmE0MmJiNzBkODMiLGZhbHNlXQ&amp;source=gmail&amp;ust=1624092207940000&amp;usg=AFQjCNHNwhWwaccQwz8FkVMn2pHI4RrFHg\">https:\/\/forms.gle\/<wbr \/>4pE1pgSRGytzRp5k8<\/a><\/li>\n<li>DIMARTS 6 DE JULIOL &#8211;\u00a0<strong>El model de consum i la influ\u00e8ncia en el planeta- LA ROBA<\/strong>. Enlla\u00e7 inscripci\u00f3:\u00a0<a href=\"https:\/\/escoles.fundesplai.org\/?mailpoet_router&amp;endpoint=track&amp;action=click&amp;data=WyI0MTUyIiwibThjemM0NTY2ajQ4MHcwY2NnNGtra29rZzQ0NDhzczgiLCIxNTciLCJmOWNhNTI3ZGQwODUiLGZhbHNlXQ\" target=\"_blank\" rel=\"noopener noreferrer\" data-saferedirecturl=\"https:\/\/www.google.com\/url?q=https:\/\/escoles.fundesplai.org?mailpoet_router%26endpoint%3Dtrack%26action%3Dclick%26data%3DWyI0MTUyIiwibThjemM0NTY2ajQ4MHcwY2NnNGtra29rZzQ0NDhzczgiLCIxNTciLCJmOWNhNTI3ZGQwODUiLGZhbHNlXQ&amp;source=gmail&amp;ust=1624092207940000&amp;usg=AFQjCNFffejyqkLTCVr4dhTHZW3wvXn3gw\">https:\/\/forms.gle\/<wbr \/>HBgT73LM2g8a9WKs6<\/a><\/li>\n<\/ul>\n<p style=\"text-align: justify;\">Al<a href=\"https:\/\/escoles.fundesplai.org\/?mailpoet_router&amp;endpoint=track&amp;action=click&amp;data=WyI0MTUyIiwibThjemM0NTY2ajQ4MHcwY2NnNGtra29rZzQ0NDhzczgiLCIxNTciLCI0NjBkNzYyNTQwOGUiLGZhbHNlXQ\"> bloc d&#8217;ev LLEIDA<\/a> hi trobareu tota la informaci\u00f3.<\/p>\n","protected":false},"excerpt":{"rendered":"<p>Escoles Verdes de Lleida ha organitzat unes Jornades de formaci\u00f3 sobre biodiversitat per a principis de juliol. Us enviem el [&hellip;]<\/p>\n","protected":false},"author":1,"featured_media":14065,"comment_status":"open","ping_status":"closed","sticky":false,"template":"","format":"standard","meta":{"_bbp_topic_count":0,"_bbp_reply_count":0,"_bbp_total_topic_count":0,"_bbp_total_reply_count":0,"_bbp_voice_count":0,"_bbp_anonymous_reply_count":0,"_bbp_topic_count_hidden":0,"_bbp_reply_count_hidden":0,"_bbp_forum_subforum_count":0,"site-sidebar-layout":"default","site-content-layout":"","ast-site-content-layout":"","site-content-style":"default","site-sidebar-style":"default","ast-global-header-display":"","ast-banner-title-visibility":"","ast-main-header-display":"","ast-hfb-above-header-display":"","ast-hfb-below-header-display":"","ast-hfb-mobile-header-display":"","site-post-title":"","ast-breadcrumbs-content":"","ast-featured-img":"","footer-sml-layout":"","theme-transparent-header-meta":"","adv-header-id-meta":"","stick-header-meta":"","header-above-stick-meta":"","header-main-stick-meta":"","header-below-stick-meta":"","astra-migrate-meta-layouts":"default","ast-page-background-enabled":"default","ast-page-background-meta":{"desktop":{"background-color":"var(--ast-global-color-4)","background-image":"","background-repeat":"repeat","background-position":"center center","background-size":"auto","background-attachment":"scroll","background-type":"","background-media":"","overlay-type":"","overlay-color":"","overlay-opacity":"","overlay-gradient":""},"tablet":{"background-color":"","background-image":"","background-repeat":"repeat","background-position":"center center","background-size":"auto","background-attachment":"scroll","background-type":"","background-media":"","overlay-type":"","overlay-color":"","overlay-opacity":"","overlay-gradient":""},"mobile":{"background-color":"","background-image":"","background-repeat":"repeat","background-position":"center center","background-size":"auto","background-attachment":"scroll","background-type":"","background-media":"","overlay-type":"","overlay-color":"","overlay-opacity":"","overlay-gradient":""}},"ast-content-background-meta":{"desktop":{"background-color":"var(--ast-global-color-5)","background-image":"","background-repeat":"repeat","background-position":"center center","background-size":"auto","background-attachment":"scroll","background-type":"","background-media":"","overlay-type":"","overlay-color":"","overlay-opacity":"","overlay-gradient":""},"tablet":{"background-color":"var(--ast-global-color-5)","background-image":"","background-repeat":"repeat","background-position":"center center","background-size":"auto","background-attachment":"scroll","background-type":"","background-media":"","overlay-type":"","overlay-color":"","overlay-opacity":"","overlay-gradient":""},"mobile":{"background-color":"var(--ast-global-color-5)","background-image":"","background-repeat":"repeat","background-position":"center center","background-size":"auto","background-attachment":"scroll","background-type":"","background-media":"","overlay-type":"","overlay-color":"","overlay-opacity":"","overlay-gradient":""}},"footnotes":""},"categories":[1,29,308],"tags":[163,172,179,363,317],"class_list":["post-14063","post","type-post","status-publish","format-standard","has-post-thumbnail","hentry","category-general","category-portada","category-escoles-verdes","tag-educacio-infantil","tag-educacio-primaria","tag-educacio-secundaria","tag-escoles-verdes","tag-recursos-en-linia"],"post_mailing_queue_ids":[],"_links":{"self":[{"href":"https:\/\/serveiseducatius.xtec.cat\/pladurgell\/wp-json\/wp\/v2\/posts\/14063","targetHints":{"allow":["GET"]}}],"collection":[{"href":"https:\/\/serveiseducatius.xtec.cat\/pladurgell\/wp-json\/wp\/v2\/posts"}],"about":[{"href":"https:\/\/serveiseducatius.xtec.cat\/pladurgell\/wp-json\/wp\/v2\/types\/post"}],"author":[{"embeddable":true,"href":"https:\/\/serveiseducatius.xtec.cat\/pladurgell\/wp-json\/wp\/v2\/users\/1"}],"replies":[{"embeddable":true,"href":"https:\/\/serveiseducatius.xtec.cat\/pladurgell\/wp-json\/wp\/v2\/comments?post=14063"}],"version-history":[{"count":3,"href":"https:\/\/serveiseducatius.xtec.cat\/pladurgell\/wp-json\/wp\/v2\/posts\/14063\/revisions"}],"predecessor-version":[{"id":14067,"href":"https:\/\/serveiseducatius.xtec.cat\/pladurgell\/wp-json\/wp\/v2\/posts\/14063\/revisions\/14067"}],"wp:featuredmedia":[{"embeddable":true,"href":"https:\/\/serveiseducatius.xtec.cat\/pladurgell\/wp-json\/wp\/v2\/media\/14065"}],"wp:attachment":[{"href":"https:\/\/serveiseducatius.xtec.cat\/pladurgell\/wp-json\/wp\/v2\/media?parent=14063"}],"wp:term":[{"taxonomy":"category","embeddable":true,"href":"https:\/\/serveiseducatius.xtec.cat\/pladurgell\/wp-json\/wp\/v2\/categories?post=14063"},{"taxonomy":"post_tag","embeddable":true,"href":"https:\/\/serveiseducatius.xtec.cat\/pladurgell\/wp-json\/wp\/v2\/tags?post=14063"}],"curies":[{"name":"wp","href":"https:\/\/api.w.org\/{rel}","templated":true}]}}