{"id":13748,"date":"2021-05-06T09:42:42","date_gmt":"2021-05-06T07:42:42","guid":{"rendered":"http:\/\/serveiseducatius.xtec.cat\/pladurgell\/?p=13748"},"modified":"2021-05-06T09:43:29","modified_gmt":"2021-05-06T07:43:29","slug":"jornada-sobre-lequitat-educativa","status":"publish","type":"post","link":"https:\/\/serveiseducatius.xtec.cat\/pladurgell\/portada\/jornada-sobre-lequitat-educativa\/","title":{"rendered":"Jornada sobre l&#8217;equitat educativa"},"content":{"rendered":"<p><a href=\"https:\/\/serveiseducatius.xtec.cat\/pladurgell\/wp-content\/uploads\/usu1141\/2021\/04\/baixa-1.jpg\"><img loading=\"lazy\" decoding=\"async\" class=\"aligncenter wp-image-13620\" src=\"https:\/\/serveiseducatius.xtec.cat\/pladurgell\/wp-content\/uploads\/usu1141\/2021\/04\/baixa-1.jpg\" alt=\"\" width=\"468\" height=\"208\" \/><\/a><\/p>\n<p style=\"font-weight: 400;\">El Consell Superior d&#8217;Avaluaci\u00f3 del Sistema Educatiu ha compartit els v\u00eddeos i les presentacions digitals de la Jornada sobre l&#8217;equitat educativa, celebrada telem\u00e0ticament el 4 de mar\u00e7 de 2021, a la p\u00e0gina web del Consell Superior d&#8217;Avaluaci\u00f3 del Sistema Educatiu (CSASE), en aquesta <a href=\"http:\/\/csda.gencat.cat\/ca\/arees-actuacio\/activitats-consell\/jornada-equitat-2021\/\">adre\u00e7a<\/a>.<\/p>\n<p style=\"font-weight: 400; text-align: justify;\">A la jornada es van oferir eines per a l&#8217;an\u00e0lisi de les desigualtats i mesures per a l&#8217;equitat, aspectes de gran actualitat que han esdevingut imprescindibles per a la reflexi\u00f3 en qualsevol sistema educatiu modern.<\/p>\n<p><!--more--><\/p>\n<p style=\"font-weight: 400; text-align: justify;\">L\u2019acte es va iniciar amb una confer\u00e8ncia a c\u00e0rrec d&#8217;<strong>Anna Pons<\/strong>, analista de pol\u00edtiques p\u00fabliques del\u00a0<em>Directorate for Education and Skills<\/em>\u00a0de l&#8217;OCDE, sobre\u00a0<strong>factors d&#8217;equitat i pol\u00edtiques educatives des de l&#8217;OCDE<\/strong>. Altres temes tractats van ser el\u00a0<strong>context<\/strong>\u00a0com a element clau de desigualtat, el<strong>\u00a0nivell en l&#8217;expressi\u00f3 oral<\/strong>\u00a0com a indicador de desigualtat, l&#8217;<strong>impacte del confinament<\/strong>\u00a0en termes d\u2019equitat i la\u00a0<strong>tipologia dels centres<\/strong>\u00a0segons la complexitat. L&#8217;acte va finalitzar amb una cloenda a c\u00e0rrec del president del CSASE, Joan Mateo, amb el t\u00edtol &#8220;<strong>Propostes de futur<\/strong>: de la visi\u00f3 europea a la concreci\u00f3 a Catalunya.&#8221;<\/p>\n","protected":false},"excerpt":{"rendered":"<p>El Consell Superior d&#8217;Avaluaci\u00f3 del Sistema Educatiu ha compartit els v\u00eddeos i les presentacions digitals de la Jornada sobre l&#8217;equitat [&hellip;]<\/p>\n","protected":false},"author":1,"featured_media":13620,"comment_status":"open","ping_status":"closed","sticky":false,"template":"","format":"standard","meta":{"_bbp_topic_count":0,"_bbp_reply_count":0,"_bbp_total_topic_count":0,"_bbp_total_reply_count":0,"_bbp_voice_count":0,"_bbp_anonymous_reply_count":0,"_bbp_topic_count_hidden":0,"_bbp_reply_count_hidden":0,"_bbp_forum_subforum_count":0,"site-sidebar-layout":"default","site-content-layout":"","ast-site-content-layout":"","site-content-style":"default","site-sidebar-style":"default","ast-global-header-display":"","ast-banner-title-visibility":"","ast-main-header-display":"","ast-hfb-above-header-display":"","ast-hfb-below-header-display":"","ast-hfb-mobile-header-display":"","site-post-title":"","ast-breadcrumbs-content":"","ast-featured-img":"","footer-sml-layout":"","theme-transparent-header-meta":"","adv-header-id-meta":"","stick-header-meta":"","header-above-stick-meta":"","header-main-stick-meta":"","header-below-stick-meta":"","astra-migrate-meta-layouts":"default","ast-page-background-enabled":"default","ast-page-background-meta":{"desktop":{"background-color":"var(--ast-global-color-4)","background-image":"","background-repeat":"repeat","background-position":"center center","background-size":"auto","background-attachment":"scroll","background-type":"","background-media":"","overlay-type":"","overlay-color":"","overlay-opacity":"","overlay-gradient":""},"tablet":{"background-color":"","background-image":"","background-repeat":"repeat","background-position":"center center","background-size":"auto","background-attachment":"scroll","background-type":"","background-media":"","overlay-type":"","overlay-color":"","overlay-opacity":"","overlay-gradient":""},"mobile":{"background-color":"","background-image":"","background-repeat":"repeat","background-position":"center center","background-size":"auto","background-attachment":"scroll","background-type":"","background-media":"","overlay-type":"","overlay-color":"","overlay-opacity":"","overlay-gradient":""}},"ast-content-background-meta":{"desktop":{"background-color":"var(--ast-global-color-5)","background-image":"","background-repeat":"repeat","background-position":"center center","background-size":"auto","background-attachment":"scroll","background-type":"","background-media":"","overlay-type":"","overlay-color":"","overlay-opacity":"","overlay-gradient":""},"tablet":{"background-color":"var(--ast-global-color-5)","background-image":"","background-repeat":"repeat","background-position":"center center","background-size":"auto","background-attachment":"scroll","background-type":"","background-media":"","overlay-type":"","overlay-color":"","overlay-opacity":"","overlay-gradient":""},"mobile":{"background-color":"var(--ast-global-color-5)","background-image":"","background-repeat":"repeat","background-position":"center center","background-size":"auto","background-attachment":"scroll","background-type":"","background-media":"","overlay-type":"","overlay-color":"","overlay-opacity":"","overlay-gradient":""}},"footnotes":""},"categories":[29],"tags":[514,194],"class_list":["post-13748","post","type-post","status-publish","format-standard","has-post-thumbnail","hentry","category-portada","tag-equitat","tag-avaluacio"],"post_mailing_queue_ids":[],"_links":{"self":[{"href":"https:\/\/serveiseducatius.xtec.cat\/pladurgell\/wp-json\/wp\/v2\/posts\/13748","targetHints":{"allow":["GET"]}}],"collection":[{"href":"https:\/\/serveiseducatius.xtec.cat\/pladurgell\/wp-json\/wp\/v2\/posts"}],"about":[{"href":"https:\/\/serveiseducatius.xtec.cat\/pladurgell\/wp-json\/wp\/v2\/types\/post"}],"author":[{"embeddable":true,"href":"https:\/\/serveiseducatius.xtec.cat\/pladurgell\/wp-json\/wp\/v2\/users\/1"}],"replies":[{"embeddable":true,"href":"https:\/\/serveiseducatius.xtec.cat\/pladurgell\/wp-json\/wp\/v2\/comments?post=13748"}],"version-history":[{"count":3,"href":"https:\/\/serveiseducatius.xtec.cat\/pladurgell\/wp-json\/wp\/v2\/posts\/13748\/revisions"}],"predecessor-version":[{"id":13752,"href":"https:\/\/serveiseducatius.xtec.cat\/pladurgell\/wp-json\/wp\/v2\/posts\/13748\/revisions\/13752"}],"wp:featuredmedia":[{"embeddable":true,"href":"https:\/\/serveiseducatius.xtec.cat\/pladurgell\/wp-json\/wp\/v2\/media\/13620"}],"wp:attachment":[{"href":"https:\/\/serveiseducatius.xtec.cat\/pladurgell\/wp-json\/wp\/v2\/media?parent=13748"}],"wp:term":[{"taxonomy":"category","embeddable":true,"href":"https:\/\/serveiseducatius.xtec.cat\/pladurgell\/wp-json\/wp\/v2\/categories?post=13748"},{"taxonomy":"post_tag","embeddable":true,"href":"https:\/\/serveiseducatius.xtec.cat\/pladurgell\/wp-json\/wp\/v2\/tags?post=13748"}],"curies":[{"name":"wp","href":"https:\/\/api.w.org\/{rel}","templated":true}]}}