{"id":13502,"date":"2021-04-30T11:43:35","date_gmt":"2021-04-30T09:43:35","guid":{"rendered":"http:\/\/serveiseducatius.xtec.cat\/pladurgell\/?p=13502"},"modified":"2021-05-22T18:43:06","modified_gmt":"2021-05-22T16:43:06","slug":"informatiu-maig","status":"publish","type":"post","link":"https:\/\/serveiseducatius.xtec.cat\/pladurgell\/general\/informatiu-maig\/","title":{"rendered":"Informatiu maig"},"content":{"rendered":"<p><a href=\"https:\/\/serveiseducatius.xtec.cat\/pladurgell\/wp-content\/uploads\/usu1141\/2021\/04\/Sin-t\u00edtulo.png\"><img loading=\"lazy\" decoding=\"async\" class=\"aligncenter  wp-image-13896\" src=\"https:\/\/serveiseducatius.xtec.cat\/pladurgell\/wp-content\/uploads\/usu1141\/2021\/04\/Sin-t\u00edtulo-277x300.png\" alt=\"\" width=\"286\" height=\"311\" \/><\/a><!--more--><\/p>\n<table style=\"height: 3004px; border-style: solid; width: 861px; border-color: #3b27cf;\">\n<tbody>\n<tr style=\"height: 59px;\">\n<td style=\"border-style: solid; border-color: #2d57ed; height: 36px; background-color: #2cf5c9; text-align: center; width: 409.6px;\" colspan=\"2\">\n<h4>AGENDA<\/h4>\n<\/td>\n<td style=\"border-style: solid; border-color: #2d57ed; background-color: #f5cfa6; width: 445.867px; height: 36px; text-align: center;\" colspan=\"2\">\n<h4>PLA DE FORMACI\u00d3 DE ZONA<\/h4>\n<\/td>\n<\/tr>\n<tr style=\"height: 460px;\">\n<td style=\"border-style: solid; border-color: #2d57ed; height: 164px; width: 409.6px;\" colspan=\"2\"><img loading=\"lazy\" decoding=\"async\" class=\"alignright\" src=\"https:\/\/serveiseducatius.xtec.cat\/pladurgell\/wp-content\/uploads\/usu1141\/2020\/11\/agenda-2-974x1024.png\" width=\"98\" height=\"103\" \/><\/p>\n<ul style=\"list-style-type: circle;\">\n<li>4 de maig, confer\u00e8ncia: <a href=\"https:\/\/serveiseducatius.xtec.cat\/pladurgell\/general\/conferencia-2021-any-joan-triadu-i-font\/\"><span lang=\"CA\">2021, Any Joan Triad\u00fa i Font.<\/span><\/a><\/li>\n<li>4, 5 i 6 de maig,<a href=\"http:\/\/csda.gencat.cat\/ca\/arees-actuacio\/avaluacions-consell\/avaluacio-sise-primaria\/prova-2021\/\"> proves de CB de 6\u00e8 d&#8217;educaci\u00f3 prim\u00e0ria<\/a><strong>.<\/strong><\/li>\n<li>5 i 6 de maig, <strong>Sal\u00f3 de la Formaci\u00f3 i ocupaci\u00f3 de Lleida.<\/strong><\/li>\n<li>5 de maig, Ensenyar Ci\u00e8ncies Socials per aprendre a pensar problemes socials? <a href=\"https:\/\/www.youtube.com\/channel\/UCr1QWhZwVGwll5KzxcFfubQ\" data-saferedirecturl=\"https:\/\/www.google.com\/url?q=https:\/\/www.youtube.com\/channel\/UCr1QWhZwVGwll5KzxcFfubQ&amp;source=gmail&amp;ust=1619513470411000&amp;usg=AFQjCNEfz6qeyToU3euAUPEviMFjttbBOg\"><em>\u00c0mbit Cient\u00edfic i\u00a0Medi. CESIRE<\/em><\/a><em>. <\/em>Inscripcions\u00a0en aquest <a href=\"https:\/\/aplicacions.gestioeducativa.gencat.cat\/pls\/soloas\/pk_for_mod_ins.p_for_detall_activitat?p_codi=9000200532&amp;p_curs=2020-2021&amp;p_es_inscr=S\" data-saferedirecturl=\"https:\/\/www.google.com\/url?q=https:\/\/aplicacions.gestioeducativa.gencat.cat\/pls\/soloas\/pk_for_mod_ins.p_for_detall_activitat?p_codi%3D9000200532%26p_curs%3D2020-2021%26p_es_inscr%3DS&amp;source=gmail&amp;ust=1619513470411000&amp;usg=AFQjCNECAlUo-kC6-Yiq5VHW8G5-LRaHtA\"><em>enlla\u00e7<\/em><\/a><\/li>\n<li>Fins el 9 de maig, inscripcions <a href=\"https:\/\/serveiseducatius.xtec.cat\/pladurgell\/portada\/xxv-edicio-del-concurs-experiencia-fotografica-internacional-dels-monuments\/\">XXV edici\u00f3 concurs Experi\u00e8ncia Fotogr\u00e0fica Internacional dels monuments.<\/a><\/li>\n<li>Del 10 de maig al 4 de juny,\u00a0 <a href=\"https:\/\/serveiseducatius.xtec.cat\/pladurgell\/general\/inscripcions-als-camps-i-entorns-daprenentatge-2021-2022\/\">sol\u00b7licituds d&#8217; inscripcions als Camps d&#8217;Aprenentatge curs 2021-2022.<\/a><\/li>\n<li>12 de maig, <a href=\"https:\/\/serveiseducatius.xtec.cat\/pladurgell\/portada\/forum-virtual-descoles-verdes-cultivant-la-biodiversitat\/\"><span lang=\"ES\">F\u00f2rum Virtual d\u2019Escoles Verdes<\/span><span lang=\"ES\">\u00a0<\/span><span lang=\"ES\">CULTIVANT LA BIODIVERSITAT.<\/span><\/a><\/li>\n<li>Fins el 12 de maig, presentaci\u00f3 de sol\u00b7licitud de participaci\u00f3 en <a href=\"https:\/\/serveiseducatius.xtec.cat\/pladurgell\/general\/convocatoria-per-a-la-participacio-en-programes-dinnovacio-pedagogica\/\">Projectes d&#8217;innovaci\u00f3 pedag\u00f2gica.<\/a><\/li>\n<li>Fins el 13 de maig, <a href=\"https:\/\/serveiseducatius.xtec.cat\/pladurgell\/general\/convocatoria-11a-edicio-concurs-de-videos-cientifics-xprimenta\/\">X(p)perimenta, concurs v\u00eddeos cient\u00edfics<\/a><\/li>\n<li>16 de maig, <a href=\"https:\/\/serveiseducatius.xtec.cat\/pladurgell\/portada\/premis-foton-2021\/\">Premis Fot\u00f3n.<\/a><\/li>\n<li>18 de maig, <a href=\"https:\/\/serveiseducatius.xtec.cat\/pladurgell\/portada\/per-a-que-serveix-lestadistica\/\">Seminari Per a qu\u00e8 serveix l&#8217;estad\u00edstica?<\/a><\/li>\n<li>21 de maig, acte territorial <a href=\"https:\/\/serveiseducatius.xtec.cat\/pladurgell\/general\/viii-jocs-florals-escolars-de-catalunya\/\">Jocs Florals de Catalunya.<\/a><\/li>\n<li>28 de maig, <a href=\"https:\/\/serveiseducatius.xtec.cat\/pladurgell\/general\/14a-edicio-de-la-mostra-de-ciencia-divulgativa-ciencia-al-carrer\/\">14a. edici\u00f3 de Ci\u00e8ncia al carrer 2021<\/a>.<\/li>\n<li>29 de maig, <a href=\"https:\/\/serveiseducatius.xtec.cat\/pladurgell\/general\/xiii-jornada-de-programacio-i-robotica-educativa\/\">XIII Jornada de programaci\u00f3 i rob\u00f2tica educativa.<\/a><\/li>\n<li>Fins el 30 de maig, participa en el <a href=\"https:\/\/serveiseducatius.xtec.cat\/pladurgell\/general\/projecte-medutarraco\/\">Projecte mEduTarraco<\/a>.<\/li>\n<li>Fins el 13 de juny, presentaci\u00f3 d&#8217;escrits al concurs\n<p class=\"entry-title\"><a href=\"https:\/\/serveiseducatius.xtec.cat\/pladurgell\/general\/inspiraciencia-xi-concurs-de-relats-dinspiracio-cientifica-%c2%b7-csic\/\">Inspiraci\u00e8ncia. XI Concurs de relats d\u2019inspiraci\u00f3 cient\u00edfica.<\/a><\/p>\n<\/li>\n<\/ul>\n<\/td>\n<td style=\"border-style: solid; border-color: #2d57ed; width: 445.867px; height: 164px;\" colspan=\"2\">\n<h3 style=\"text-align: center;\"><strong>Detecci\u00f3 de necessitats de formaci\u00f3 per al curs 2021-2022<\/strong><\/h3>\n<h3 style=\"text-align: center;\"><strong> fins el 14 de maig<\/strong><\/h3>\n<p><a href=\"https:\/\/serveiseducatius.xtec.cat\/pladurgell\/wp-content\/uploads\/usu1141\/2020\/09\/PFZ_gran_trans-300x247-1.png\"><img loading=\"lazy\" decoding=\"async\" class=\"aligncenter wp-image-12069\" src=\"https:\/\/serveiseducatius.xtec.cat\/pladurgell\/wp-content\/uploads\/usu1141\/2020\/09\/PFZ_gran_trans-300x247-1-300x247.png\" alt=\"\" width=\"236\" height=\"194\" \/><\/a><\/p>\n<p>Agenda d&#8217;activitats en curs:<\/p>\n<ul style=\"list-style-type: circle;\">\n<li>10.05.21 Xarxa Territorial de Cultura Digital<\/li>\n<li>11.05.21 Grup de treball Maria Merc\u00e8 Mar\u00e7al a les aules II<\/li>\n<li>18.05.21 Formaci\u00f3 Laboratori de matem\u00e0tiques<\/li>\n<li>19.05.21 Seminari Caps d&#8217;Estudis al Pla d&#8217;Urgell<\/li>\n<li>20.05.21 Seminari Direccions del Pla d&#8217;Urgell<\/li>\n<li>26.05.21 Seminari de Secretaria centres Pla d&#8217;Urgell<\/li>\n<li>26.05.21 Comissi\u00f3 de seguiment Escoles Verdes<\/li>\n<li>28.05.21 Seminari llengua anglesa al Pla d&#8217;Urgell- English Day<\/li>\n<\/ul>\n<\/td>\n<\/tr>\n<tr style=\"height: 32px;\">\n<td style=\"border-color: #2d57ed; height: 32px; background-color: #99f0d9; border-style: solid; text-align: center; width: 409.6px;\" colspan=\"2\">\n<h4>NOU MATERIAL DE ROB\u00d2TICA EN SERVEI DE PR\u00c9STEC<\/h4>\n<h4><a href=\"https:\/\/serveiseducatius.xtec.cat\/pladurgell\/wp-content\/uploads\/usu1141\/2020\/05\/NOVETAT-e1590176118128.jpg\"><img loading=\"lazy\" decoding=\"async\" class=\"aligncenter wp-image-11734\" src=\"https:\/\/serveiseducatius.xtec.cat\/pladurgell\/wp-content\/uploads\/usu1141\/2020\/05\/NOVETAT-e1590176118128.jpg\" alt=\"\" width=\"161\" height=\"38\" \/><\/a><\/h4>\n<\/td>\n<td style=\"border-color: #2d57ed; background-color: #d1bff2; height: 32px; border-style: solid; text-align: center; width: 445.867px;\" colspan=\"2\">\n<h4>ACTIVITATS COL\u00b7LABORATIVES:<\/h4>\n<h4>\u00a0 Seminari llengua anglesa<\/h4>\n<\/td>\n<\/tr>\n<tr style=\"height: 32px;\">\n<td style=\"height: 183px; background-color: #faf5f5; text-align: center; border-style: solid; border-color: #143df5; width: 200.533px;\"><a href=\"https:\/\/serveiseducatius.xtec.cat\/pladurgell\/wp-content\/uploads\/usu1141\/2021\/02\/cody.png\"><img loading=\"lazy\" decoding=\"async\" class=\"aligncenter size-full wp-image-13165\" src=\"https:\/\/serveiseducatius.xtec.cat\/pladurgell\/wp-content\/uploads\/usu1141\/2021\/02\/cody.png\" alt=\"\" width=\"273\" height=\"184\" \/><\/a><\/p>\n<p>&nbsp;<\/p>\n<p><a href=\"https:\/\/serveiseducatius.xtec.cat\/pladurgell\/portada\/cody-and-roby\/\">Cody and Roby<\/a><\/td>\n<td style=\"background-color: #faf5f5; text-align: center; border-style: solid; border-color: #143df5; height: 183px; width: 208px;\"><img loading=\"lazy\" decoding=\"async\" class=\"wp-image-13158 alignnone\" src=\"https:\/\/serveiseducatius.xtec.cat\/pladurgell\/wp-content\/uploads\/usu1141\/2021\/02\/lets_go_code.jpg\" alt=\"\" width=\"165\" height=\"165\" srcset=\"https:\/\/serveiseducatius.xtec.cat\/pladurgell\/wp-content\/uploads\/usu1141\/2021\/02\/lets_go_code.jpg 450w, https:\/\/serveiseducatius.xtec.cat\/pladurgell\/wp-content\/uploads\/usu1141\/2021\/02\/lets_go_code-150x150.jpg 150w, https:\/\/serveiseducatius.xtec.cat\/pladurgell\/wp-content\/uploads\/usu1141\/2021\/02\/lets_go_code-300x300.jpg 300w\" sizes=\"auto, (max-width: 165px) 100vw, 165px\" \/><\/p>\n<p><a href=\"https:\/\/serveiseducatius.xtec.cat\/pladurgell\/general\/lets-go-code\/\">Let&#8217;s go code<\/a><\/td>\n<td style=\"text-align: center; width: 445.867px; height: 183px; border-style: solid; border-color: #143df5;\" colspan=\"2\"><a href=\"https:\/\/serveiseducatius.xtec.cat\/pladurgell\/wp-content\/uploads\/usu1141\/2021\/04\/Cartell-English.jpg\"><img loading=\"lazy\" decoding=\"async\" class=\"aligncenter wp-image-13642\" src=\"https:\/\/serveiseducatius.xtec.cat\/pladurgell\/wp-content\/uploads\/usu1141\/2021\/04\/Cartell-English-724x1024.jpg\" alt=\"\" width=\"210\" height=\"296\" srcset=\"https:\/\/serveiseducatius.xtec.cat\/pladurgell\/wp-content\/uploads\/usu1141\/2021\/04\/Cartell-English-724x1024.jpg 724w, https:\/\/serveiseducatius.xtec.cat\/pladurgell\/wp-content\/uploads\/usu1141\/2021\/04\/Cartell-English-212x300.jpg 212w, https:\/\/serveiseducatius.xtec.cat\/pladurgell\/wp-content\/uploads\/usu1141\/2021\/04\/Cartell-English-768x1086.jpg 768w, https:\/\/serveiseducatius.xtec.cat\/pladurgell\/wp-content\/uploads\/usu1141\/2021\/04\/Cartell-English.jpg 1587w\" sizes=\"auto, (max-width: 210px) 100vw, 210px\" \/><\/a><\/td>\n<\/tr>\n<tr style=\"height: 59px;\">\n<td style=\"border-style: solid; border-color: #2d57ed; width: 856.533px; height: 59px; background-color: #ed7b61; text-align: left;\" colspan=\"4\">\n<h4 style=\"text-align: center;\">RECURSOS<\/h4>\n<\/td>\n<\/tr>\n<tr style=\"height: 207px;\">\n<td style=\"border-style: solid; border-color: #2d57ed; text-align: left; height: 207px; width: 200.533px;\">&nbsp;<\/p>\n<p style=\"text-align: center;\"><strong> <a href=\"https:\/\/serveiseducatius.xtec.cat\/pladurgell\/wp-content\/uploads\/usu1141\/2021\/04\/actualitat-553x553-escape-cub.png_1595044798.png\"><img loading=\"lazy\" decoding=\"async\" class=\"aligncenter wp-image-13688\" src=\"https:\/\/serveiseducatius.xtec.cat\/pladurgell\/wp-content\/uploads\/usu1141\/2021\/04\/actualitat-553x553-escape-cub.png_1595044798.png\" alt=\"\" width=\"128\" height=\"128\" srcset=\"https:\/\/serveiseducatius.xtec.cat\/pladurgell\/wp-content\/uploads\/usu1141\/2021\/04\/actualitat-553x553-escape-cub.png_1595044798.png 538w, https:\/\/serveiseducatius.xtec.cat\/pladurgell\/wp-content\/uploads\/usu1141\/2021\/04\/actualitat-553x553-escape-cub.png_1595044798-150x150.png 150w, https:\/\/serveiseducatius.xtec.cat\/pladurgell\/wp-content\/uploads\/usu1141\/2021\/04\/actualitat-553x553-escape-cub.png_1595044798-300x300.png 300w\" sizes=\"auto, (max-width: 128px) 100vw, 128px\" \/><\/a><\/strong><\/p>\n<\/td>\n<td style=\"border-style: solid; border-color: #2d57ed; text-align: left; height: 207px; width: 208px;\">\n<p style=\"text-align: center;\"><a href=\"https:\/\/serveiseducatius.xtec.cat\/pladurgell\/wp-content\/uploads\/usu1141\/2021\/04\/descarga.png\"><img loading=\"lazy\" decoding=\"async\" class=\"aligncenter size-full wp-image-13613\" src=\"https:\/\/serveiseducatius.xtec.cat\/pladurgell\/wp-content\/uploads\/usu1141\/2021\/04\/descarga.png\" alt=\"\" width=\"300\" height=\"168\" \/><\/a><\/p>\n<\/td>\n<td style=\"width: 206.933px; border-style: solid; border-color: #2d57ed; text-align: center; height: 207px;\"><a href=\"https:\/\/serveiseducatius.xtec.cat\/pladurgell\/wp-content\/uploads\/usu1141\/2021\/04\/unnamed-1.jpg\"><img loading=\"lazy\" decoding=\"async\" class=\"aligncenter size-medium wp-image-13603\" src=\"https:\/\/serveiseducatius.xtec.cat\/pladurgell\/wp-content\/uploads\/usu1141\/2021\/04\/unnamed-1-300x111.jpg\" alt=\"\" width=\"300\" height=\"111\" srcset=\"https:\/\/serveiseducatius.xtec.cat\/pladurgell\/wp-content\/uploads\/usu1141\/2021\/04\/unnamed-1-300x111.jpg 300w, https:\/\/serveiseducatius.xtec.cat\/pladurgell\/wp-content\/uploads\/usu1141\/2021\/04\/unnamed-1.jpg 600w\" sizes=\"auto, (max-width: 300px) 100vw, 300px\" \/><\/a><\/td>\n<td style=\"width: 237.867px; border-style: solid; border-color: #2d57ed; text-align: center; height: 207px;\"><a href=\"https:\/\/serveiseducatius.xtec.cat\/pladurgell\/wp-content\/uploads\/usu1141\/2021\/04\/maxresdefault.jpg\"><img loading=\"lazy\" decoding=\"async\" class=\"aligncenter size-medium wp-image-13517\" src=\"https:\/\/serveiseducatius.xtec.cat\/pladurgell\/wp-content\/uploads\/usu1141\/2021\/04\/maxresdefault-300x169.jpg\" alt=\"\" width=\"300\" height=\"169\" srcset=\"https:\/\/serveiseducatius.xtec.cat\/pladurgell\/wp-content\/uploads\/usu1141\/2021\/04\/maxresdefault-300x169.jpg 300w, https:\/\/serveiseducatius.xtec.cat\/pladurgell\/wp-content\/uploads\/usu1141\/2021\/04\/maxresdefault-768x432.jpg 768w, https:\/\/serveiseducatius.xtec.cat\/pladurgell\/wp-content\/uploads\/usu1141\/2021\/04\/maxresdefault-1024x576.jpg 1024w, https:\/\/serveiseducatius.xtec.cat\/pladurgell\/wp-content\/uploads\/usu1141\/2021\/04\/maxresdefault.jpg 1280w\" sizes=\"auto, (max-width: 300px) 100vw, 300px\" \/><\/a><\/td>\n<\/tr>\n<tr style=\"height: 62px;\">\n<td style=\"border-style: solid; border-color: #2d57ed; text-align: left; height: 62px; width: 200.533px;\">\n<p style=\"text-align: center;\">Nou joc interactiu de matem\u00e0tiques de l&#8217;Edu365<\/p>\n<p style=\"text-align: center;\"><a href=\"https:\/\/edu365.cat\/workshop\/joc\/escapecub\/index.html\">Escape cub<\/a><\/p>\n<\/td>\n<td style=\"border-style: solid; border-color: #2d57ed; text-align: left; height: 62px; width: 208px;\">\n<p style=\"text-align: center;\">Nou web responsiu del Departament d&#8217;Educaci\u00f3,<\/p>\n<p style=\"text-align: center;\"><a href=\"https:\/\/serveiseducatius.xtec.cat\/pladurgell\/portada\/tria-educativa\/\">Tria eductiva<\/a><\/p>\n<\/td>\n<td style=\"width: 206.933px; border-style: solid; border-color: #2d57ed; text-align: center; height: 62px;\">La Fundaci\u00f3 Bar\u00e7a us comparteix la formaci\u00f3,<\/p>\n<p><a href=\"https:\/\/serveiseducatius.xtec.cat\/pladurgell\/general\/prevencio-de-bullying-a-traves-de-lesport\/\">\u201cPrevenci\u00f3 de Bullying a trav\u00e9s de l\u2019esport\u201d<\/a><\/td>\n<td style=\"width: 237.867px; border-style: solid; border-color: #2d57ed; text-align: center; height: 62px;\">Assessorament a les fam\u00edlies en el marc del Pla d&#8217;Educaci\u00f3 digital de Catalunya,<\/p>\n<p><a href=\"https:\/\/serveiseducatius.xtec.cat\/pladurgell\/general\/families-digitals\/\">Fam\u00edlies Digitals<\/a><\/td>\n<\/tr>\n<tr style=\"height: 32px;\">\n<td style=\"border-style: solid; border-color: #2d57ed; height: 32px; background-color: #eddc5c; width: 856.533px; text-align: center;\" colspan=\"4\">\n<h4>US RECOMANEM !!!<\/h4>\n<\/td>\n<\/tr>\n<tr style=\"height: 32px;\">\n<td style=\"border-style: solid; border-color: #2d57ed; height: 10px; text-align: center; width: 200.533px;\">&nbsp;<\/p>\n<p><img loading=\"lazy\" decoding=\"async\" class=\"wp-image-13325 alignnone\" src=\"https:\/\/serveiseducatius.xtec.cat\/pladurgell\/wp-content\/uploads\/usu1141\/2021\/03\/actualitat-553x553-resolucio-innovacio-educativa-2021.jpg_1595044798.jpg\" alt=\"\" width=\"181\" height=\"181\" srcset=\"https:\/\/serveiseducatius.xtec.cat\/pladurgell\/wp-content\/uploads\/usu1141\/2021\/03\/actualitat-553x553-resolucio-innovacio-educativa-2021.jpg_1595044798.jpg 538w, https:\/\/serveiseducatius.xtec.cat\/pladurgell\/wp-content\/uploads\/usu1141\/2021\/03\/actualitat-553x553-resolucio-innovacio-educativa-2021.jpg_1595044798-150x150.jpg 150w, https:\/\/serveiseducatius.xtec.cat\/pladurgell\/wp-content\/uploads\/usu1141\/2021\/03\/actualitat-553x553-resolucio-innovacio-educativa-2021.jpg_1595044798-300x300.jpg 300w\" sizes=\"auto, (max-width: 181px) 100vw, 181px\" \/><\/td>\n<td style=\"border-style: solid; border-color: #2d57ed; text-align: center; width: 208px; height: 10px;\">\n<p style=\"text-align: left;\"><a href=\"https:\/\/serveiseducatius.xtec.cat\/pladurgell\/wp-content\/uploads\/usu1141\/2021\/04\/2021_premios_foton.jpg\"><img loading=\"lazy\" decoding=\"async\" class=\"aligncenter wp-image-13487\" src=\"https:\/\/serveiseducatius.xtec.cat\/pladurgell\/wp-content\/uploads\/usu1141\/2021\/04\/2021_premios_foton-211x300.jpg\" alt=\"\" width=\"122\" height=\"174\" srcset=\"https:\/\/serveiseducatius.xtec.cat\/pladurgell\/wp-content\/uploads\/usu1141\/2021\/04\/2021_premios_foton-211x300.jpg 211w, https:\/\/serveiseducatius.xtec.cat\/pladurgell\/wp-content\/uploads\/usu1141\/2021\/04\/2021_premios_foton-768x1090.jpg 768w, https:\/\/serveiseducatius.xtec.cat\/pladurgell\/wp-content\/uploads\/usu1141\/2021\/04\/2021_premios_foton-722x1024.jpg 722w, https:\/\/serveiseducatius.xtec.cat\/pladurgell\/wp-content\/uploads\/usu1141\/2021\/04\/2021_premios_foton.jpg 874w\" sizes=\"auto, (max-width: 122px) 100vw, 122px\" \/><\/a><\/p>\n<\/td>\n<td style=\"border-style: solid; border-color: #2d57ed; height: 10px; text-align: center; width: 206.933px;\"><a href=\"https:\/\/serveiseducatius.xtec.cat\/pladurgell\/wp-content\/uploads\/usu1141\/2021\/04\/unnamed.jpg\"><img loading=\"lazy\" decoding=\"async\" class=\"aligncenter size-medium wp-image-13496\" src=\"https:\/\/serveiseducatius.xtec.cat\/pladurgell\/wp-content\/uploads\/usu1141\/2021\/04\/unnamed-297x300.jpg\" alt=\"\" width=\"297\" height=\"300\" srcset=\"https:\/\/serveiseducatius.xtec.cat\/pladurgell\/wp-content\/uploads\/usu1141\/2021\/04\/unnamed-297x300.jpg 297w, https:\/\/serveiseducatius.xtec.cat\/pladurgell\/wp-content\/uploads\/usu1141\/2021\/04\/unnamed.jpg 380w\" sizes=\"auto, (max-width: 297px) 100vw, 297px\" \/><\/a><\/td>\n<td style=\"border-style: solid; border-color: #2d57ed; text-align: center; width: 237.867px; height: 10px;\"><a href=\"https:\/\/serveiseducatius.xtec.cat\/pladurgell\/wp-content\/uploads\/usu1141\/2021\/04\/jpre21.jpg_1637373458.jpg\"><img loading=\"lazy\" decoding=\"async\" class=\"aligncenter size-medium wp-image-13500\" src=\"https:\/\/serveiseducatius.xtec.cat\/pladurgell\/wp-content\/uploads\/usu1141\/2021\/04\/jpre21.jpg_1637373458-300x201.jpg\" alt=\"\" width=\"300\" height=\"201\" srcset=\"https:\/\/serveiseducatius.xtec.cat\/pladurgell\/wp-content\/uploads\/usu1141\/2021\/04\/jpre21.jpg_1637373458-300x201.jpg 300w, https:\/\/serveiseducatius.xtec.cat\/pladurgell\/wp-content\/uploads\/usu1141\/2021\/04\/jpre21.jpg_1637373458.jpg 410w\" sizes=\"auto, (max-width: 300px) 100vw, 300px\" \/><\/a><\/td>\n<\/tr>\n<tr style=\"height: 10px;\">\n<td style=\"border-style: solid; border-color: #2d57ed; text-align: center; height: 10px; width: 200.533px;\">Departament d&#8217;Educaci\u00f3,<\/p>\n<p><a href=\"https:\/\/serveiseducatius.xtec.cat\/pladurgell\/general\/convocatoria-per-a-la-participacio-en-programes-dinnovacio-pedagogica\/\">Convocat\u00f2ria unificada de programes d&#8217;innovaci\u00f3 pedag\u00f2gica<\/a><\/td>\n<td style=\"border-style: solid; border-color: #2d57ed; text-align: center; width: 208px; height: 10px;\">\u00a0Iniciativa de l\u2019Institut d\u2019\u00d3ptica \u201cDanza de Vald\u00e9s\u201d del CSIC,<\/p>\n<p><a href=\"https:\/\/serveiseducatius.xtec.cat\/pladurgell\/portada\/premis-foton-2021\/\">Premis Fot\u00f3n<\/a><\/td>\n<td style=\"border-style: solid; border-color: #2d57ed; height: 10px; width: 206.933px; text-align: center;\">Iniciativa de divulgaci\u00f3 del Grup de Recerca en Bioestad\u00edstica i Bioinform\u00e0tica -UB i UPC,<\/p>\n<p><a href=\"https:\/\/serveiseducatius.xtec.cat\/pladurgell\/portada\/per-a-que-serveix-lestadistica\/\">Seminari Per a qu\u00e8 serveix l&#8217;estad\u00edstica?<\/a><\/td>\n<td style=\"border-style: solid; border-color: #2d57ed; text-align: center; width: 237.867px; height: 10px;\">Departament d&#8217;Educaci\u00f3 i Citilab,<\/p>\n<p><a href=\"https:\/\/serveiseducatius.xtec.cat\/pladurgell\/general\/xiii-jornada-de-programacio-i-robotica-educativa\/\">XIII Jornada de programaci\u00f3 i rob\u00f2tica educativa<\/a><\/td>\n<\/tr>\n<tr style=\"height: 209px;\">\n<td style=\"width: 409.6px; border-style: solid; border-color: #2d57ed; text-align: center; height: 101px;\" colspan=\"2\"><a href=\"https:\/\/serveiseducatius.xtec.cat\/pladurgell\/wp-content\/uploads\/usu1141\/2021\/04\/baixa-1.jpg\"><img loading=\"lazy\" decoding=\"async\" class=\"aligncenter size-full wp-image-13620\" src=\"https:\/\/serveiseducatius.xtec.cat\/pladurgell\/wp-content\/uploads\/usu1141\/2021\/04\/baixa-1.jpg\" alt=\"\" width=\"225\" height=\"100\" \/><\/a><\/td>\n<td style=\"border-style: solid; border-color: #2d57ed; text-align: center; height: 101px; width: 206.933px;\"><a href=\"https:\/\/serveiseducatius.xtec.cat\/pladurgell\/wp-content\/uploads\/usu1141\/2021\/04\/unnamed-2.jpg\"><img loading=\"lazy\" decoding=\"async\" class=\"aligncenter size-full wp-image-13630\" src=\"https:\/\/serveiseducatius.xtec.cat\/pladurgell\/wp-content\/uploads\/usu1141\/2021\/04\/unnamed-2.jpg\" alt=\"\" width=\"510\" height=\"287\" srcset=\"https:\/\/serveiseducatius.xtec.cat\/pladurgell\/wp-content\/uploads\/usu1141\/2021\/04\/unnamed-2.jpg 510w, https:\/\/serveiseducatius.xtec.cat\/pladurgell\/wp-content\/uploads\/usu1141\/2021\/04\/unnamed-2-300x169.jpg 300w\" sizes=\"auto, (max-width: 510px) 100vw, 510px\" \/><\/a><\/td>\n<td style=\"border-style: solid; border-color: #2d57ed; text-align: center; height: 101px; width: 237.867px;\"><a href=\"https:\/\/serveiseducatius.xtec.cat\/pladurgell\/wp-content\/uploads\/usu1141\/2021\/04\/funcions-comissio-estrategia-digital-centre-268x378.jpg_2025808969.jpg\"><img loading=\"lazy\" decoding=\"async\" class=\"aligncenter size-full wp-image-13645\" src=\"https:\/\/serveiseducatius.xtec.cat\/pladurgell\/wp-content\/uploads\/usu1141\/2021\/04\/funcions-comissio-estrategia-digital-centre-268x378.jpg_2025808969.jpg\" alt=\"\" width=\"268\" height=\"378\" srcset=\"https:\/\/serveiseducatius.xtec.cat\/pladurgell\/wp-content\/uploads\/usu1141\/2021\/04\/funcions-comissio-estrategia-digital-centre-268x378.jpg_2025808969.jpg 268w, https:\/\/serveiseducatius.xtec.cat\/pladurgell\/wp-content\/uploads\/usu1141\/2021\/04\/funcions-comissio-estrategia-digital-centre-268x378.jpg_2025808969-213x300.jpg 213w\" sizes=\"auto, (max-width: 268px) 100vw, 268px\" \/><\/a><\/td>\n<\/tr>\n<tr style=\"height: 117px;\">\n<td style=\"border-style: solid; border-color: #2d57ed; text-align: center; height: 10px; width: 409.6px;\" colspan=\"2\">Consell Superior d&#8217;avaluaci\u00f3,<\/p>\n<p><a href=\"http:\/\/csda.gencat.cat\/ca\/arees-actuacio\/publicacions\/tast-dades\/2021-abril\/\">Tast de dades.25<\/a><\/p>\n<p>\u00c9s la repetici\u00f3 de curs una estrat\u00e8gia efectiva per millorar els resultats acad\u00e8mics?<\/p>\n<p><a href=\"http:\/\/csda.gencat.cat\/ca\/arees-actuacio\/publicacions\/informes-avaluacio\/26-com-classificar\/\">Tast de dades.26<\/a><\/p>\n<p><i>Com classificar els centres educatius segons la complexitat?<\/i><\/td>\n<td style=\"border-style: solid; border-color: #2d57ed; text-align: center; height: 10px; width: 206.933px;\">Fundesplai organitza,<\/p>\n<p><a href=\"https:\/\/serveiseducatius.xtec.cat\/pladurgell\/portada\/forum-virtual-descoles-verdes-cultivant-la-biodiversitat\/\">F\u00f2rum Virtual d\u2019Escoles Verdes<\/a><\/p>\n<p><a href=\"https:\/\/serveiseducatius.xtec.cat\/pladurgell\/portada\/forum-virtual-descoles-verdes-cultivant-la-biodiversitat\/\"> CULTIVANT LA BIODIVERSITAT<\/a><\/td>\n<td style=\"border-style: solid; border-color: #2d57ed; text-align: center; height: 10px; width: 237.867px;\">Departament d&#8217;Educaci\u00f3,<\/p>\n<p><a href=\"https:\/\/serveiseducatius.xtec.cat\/pladurgell\/portada\/comissio-destrategia-digital-de-centre\/\">Funcions i organitzaci\u00f3 de la comissi\u00f3 d&#8217;estrat\u00e8gia digital de centre<\/a><\/td>\n<\/tr>\n<tr style=\"height: 224px;\">\n<td style=\"border-style: solid; border-color: #2d57ed; text-align: center; width: 200.533px; height: 224px;\"><a href=\"https:\/\/serveiseducatius.xtec.cat\/pladurgell\/wp-content\/uploads\/usu1141\/2021\/04\/actualitat-553x553-tv3-visites-v2.jpg_2147148254.jpg\"><img loading=\"lazy\" decoding=\"async\" class=\"aligncenter size-full wp-image-13691\" src=\"https:\/\/serveiseducatius.xtec.cat\/pladurgell\/wp-content\/uploads\/usu1141\/2021\/04\/actualitat-553x553-tv3-visites-v2.jpg_2147148254.jpg\" alt=\"\" width=\"271\" height=\"271\" srcset=\"https:\/\/serveiseducatius.xtec.cat\/pladurgell\/wp-content\/uploads\/usu1141\/2021\/04\/actualitat-553x553-tv3-visites-v2.jpg_2147148254.jpg 271w, https:\/\/serveiseducatius.xtec.cat\/pladurgell\/wp-content\/uploads\/usu1141\/2021\/04\/actualitat-553x553-tv3-visites-v2.jpg_2147148254-150x150.jpg 150w\" sizes=\"auto, (max-width: 271px) 100vw, 271px\" \/><\/a><\/td>\n<td style=\"border-style: solid; border-color: #2d57ed; text-align: center; width: 208px; height: 224px;\"><a href=\"https:\/\/serveiseducatius.xtec.cat\/pladurgell\/wp-content\/uploads\/usu1141\/2021\/04\/camp-aprenentatge-21-22.jpg_1595044798.jpg\"><img loading=\"lazy\" decoding=\"async\" class=\"aligncenter size-full wp-image-13698\" src=\"https:\/\/serveiseducatius.xtec.cat\/pladurgell\/wp-content\/uploads\/usu1141\/2021\/04\/camp-aprenentatge-21-22.jpg_1595044798.jpg\" alt=\"\" width=\"538\" height=\"538\" srcset=\"https:\/\/serveiseducatius.xtec.cat\/pladurgell\/wp-content\/uploads\/usu1141\/2021\/04\/camp-aprenentatge-21-22.jpg_1595044798.jpg 538w, https:\/\/serveiseducatius.xtec.cat\/pladurgell\/wp-content\/uploads\/usu1141\/2021\/04\/camp-aprenentatge-21-22.jpg_1595044798-150x150.jpg 150w, https:\/\/serveiseducatius.xtec.cat\/pladurgell\/wp-content\/uploads\/usu1141\/2021\/04\/camp-aprenentatge-21-22.jpg_1595044798-300x300.jpg 300w\" sizes=\"auto, (max-width: 538px) 100vw, 538px\" \/><\/a><\/td>\n<td style=\"border-style: solid; border-color: #2d57ed; text-align: center; width: 206.933px; height: 224px;\"><a href=\"https:\/\/serveiseducatius.xtec.cat\/pladurgell\/wp-content\/uploads\/usu1141\/2021\/04\/unnamed-1-1.jpg\"><img loading=\"lazy\" decoding=\"async\" class=\"aligncenter size-full wp-image-13654\" src=\"https:\/\/serveiseducatius.xtec.cat\/pladurgell\/wp-content\/uploads\/usu1141\/2021\/04\/unnamed-1-1.jpg\" alt=\"\" width=\"394\" height=\"197\" srcset=\"https:\/\/serveiseducatius.xtec.cat\/pladurgell\/wp-content\/uploads\/usu1141\/2021\/04\/unnamed-1-1.jpg 394w, https:\/\/serveiseducatius.xtec.cat\/pladurgell\/wp-content\/uploads\/usu1141\/2021\/04\/unnamed-1-1-300x150.jpg 300w\" sizes=\"auto, (max-width: 394px) 100vw, 394px\" \/><\/a><\/td>\n<td style=\"border-style: solid; border-color: #2d57ed; text-align: center; width: 237.867px; height: 224px;\"><a href=\"https:\/\/serveiseducatius.xtec.cat\/pladurgell\/wp-content\/uploads\/usu1141\/2021\/04\/actualitat-553x553-mschools-student-awards-app-awards-2021-annexos.jpg_2147148254.jpg\"><img loading=\"lazy\" decoding=\"async\" class=\"aligncenter size-full wp-image-13704\" src=\"https:\/\/serveiseducatius.xtec.cat\/pladurgell\/wp-content\/uploads\/usu1141\/2021\/04\/actualitat-553x553-mschools-student-awards-app-awards-2021-annexos.jpg_2147148254.jpg\" alt=\"\" width=\"271\" height=\"271\" srcset=\"https:\/\/serveiseducatius.xtec.cat\/pladurgell\/wp-content\/uploads\/usu1141\/2021\/04\/actualitat-553x553-mschools-student-awards-app-awards-2021-annexos.jpg_2147148254.jpg 271w, https:\/\/serveiseducatius.xtec.cat\/pladurgell\/wp-content\/uploads\/usu1141\/2021\/04\/actualitat-553x553-mschools-student-awards-app-awards-2021-annexos.jpg_2147148254-150x150.jpg 150w\" sizes=\"auto, (max-width: 271px) 100vw, 271px\" \/><\/a><\/td>\n<\/tr>\n<tr style=\"height: 119px;\">\n<td style=\"border-style: solid; border-color: #2d57ed; text-align: center; width: 200.533px; height: 119px;\"><a href=\"https:\/\/serveiseducatius.xtec.cat\/pladurgell\/general\/visites-virtuals-a-tv3\/\">Visites virtuals a les instal\u00b7lacions de TV3<\/a><\/td>\n<td style=\"border-style: solid; border-color: #2d57ed; text-align: center; width: 208px; height: 119px;\"><a href=\"https:\/\/serveiseducatius.xtec.cat\/pladurgell\/general\/inscripcions-als-camps-i-entorns-daprenentatge-2021-2022\/\">Camps i Entorns d&#8217;Aprenentatge<\/a><\/td>\n<td style=\"border-style: solid; border-color: #2d57ed; text-align: center; width: 206.933px; height: 119px;\"><a href=\"https:\/\/serveiseducatius.xtec.cat\/pladurgell\/general\/14a-edicio-de-la-mostra-de-ciencia-divulgativa-ciencia-al-carrer\/\">14a edici\u00f3 de Ci\u00e8ncia al carrer<\/a><\/td>\n<td style=\"border-style: solid; border-color: #2d57ed; text-align: center; width: 237.867px; height: 119px;\">\n<div class=\"NG-menu__wrapper_title\">\n<p class=\"NG-menu__title\"><a href=\"http:\/\/xtec.gencat.cat\/ca\/centres\/alscentres\/premis\/concursos_mschools\/mschools-student-awards\/2021\/\">mSchools Student Awards 2021<\/a><\/p>\n<p>Inscripci\u00f3 i lliurament de projectes aquest mes de maig<\/p>\n<\/div>\n<\/td>\n<\/tr>\n<\/tbody>\n<\/table>\n<p>&nbsp;<\/p>\n","protected":false},"excerpt":{"rendered":"","protected":false},"author":1,"featured_media":13249,"comment_status":"open","ping_status":"closed","sticky":false,"template":"","format":"standard","meta":{"_bbp_topic_count":0,"_bbp_reply_count":0,"_bbp_total_topic_count":0,"_bbp_total_reply_count":0,"_bbp_voice_count":0,"_bbp_anonymous_reply_count":0,"_bbp_topic_count_hidden":0,"_bbp_reply_count_hidden":0,"_bbp_forum_subforum_count":0,"site-sidebar-layout":"default","site-content-layout":"","ast-site-content-layout":"","site-content-style":"default","site-sidebar-style":"default","ast-global-header-display":"","ast-banner-title-visibility":"","ast-main-header-display":"","ast-hfb-above-header-display":"","ast-hfb-below-header-display":"","ast-hfb-mobile-header-display":"","site-post-title":"","ast-breadcrumbs-content":"","ast-featured-img":"","footer-sml-layout":"","theme-transparent-header-meta":"","adv-header-id-meta":"","stick-header-meta":"","header-above-stick-meta":"","header-main-stick-meta":"","header-below-stick-meta":"","astra-migrate-meta-layouts":"default","ast-page-background-enabled":"default","ast-page-background-meta":{"desktop":{"background-color":"var(--ast-global-color-4)","background-image":"","background-repeat":"repeat","background-position":"center center","background-size":"auto","background-attachment":"scroll","background-type":"","background-media":"","overlay-type":"","overlay-color":"","overlay-opacity":"","overlay-gradient":""},"tablet":{"background-color":"","background-image":"","background-repeat":"repeat","background-position":"center center","background-size":"auto","background-attachment":"scroll","background-type":"","background-media":"","overlay-type":"","overlay-color":"","overlay-opacity":"","overlay-gradient":""},"mobile":{"background-color":"","background-image":"","background-repeat":"repeat","background-position":"center center","background-size":"auto","background-attachment":"scroll","background-type":"","background-media":"","overlay-type":"","overlay-color":"","overlay-opacity":"","overlay-gradient":""}},"ast-content-background-meta":{"desktop":{"background-color":"var(--ast-global-color-5)","background-image":"","background-repeat":"repeat","background-position":"center center","background-size":"auto","background-attachment":"scroll","background-type":"","background-media":"","overlay-type":"","overlay-color":"","overlay-opacity":"","overlay-gradient":""},"tablet":{"background-color":"var(--ast-global-color-5)","background-image":"","background-repeat":"repeat","background-position":"center center","background-size":"auto","background-attachment":"scroll","background-type":"","background-media":"","overlay-type":"","overlay-color":"","overlay-opacity":"","overlay-gradient":""},"mobile":{"background-color":"var(--ast-global-color-5)","background-image":"","background-repeat":"repeat","background-position":"center center","background-size":"auto","background-attachment":"scroll","background-type":"","background-media":"","overlay-type":"","overlay-color":"","overlay-opacity":"","overlay-gradient":""}},"footnotes":""},"categories":[1,303,29],"tags":[361,290,226,304,317],"class_list":["post-13502","post","type-post","status-publish","format-standard","has-post-thumbnail","hentry","category-general","category-fulls-informatius","category-portada","tag-concurs","tag-dinamica-educativa","tag-formacio","tag-informatius","tag-recursos-en-linia"],"post_mailing_queue_ids":[],"_links":{"self":[{"href":"https:\/\/serveiseducatius.xtec.cat\/pladurgell\/wp-json\/wp\/v2\/posts\/13502","targetHints":{"allow":["GET"]}}],"collection":[{"href":"https:\/\/serveiseducatius.xtec.cat\/pladurgell\/wp-json\/wp\/v2\/posts"}],"about":[{"href":"https:\/\/serveiseducatius.xtec.cat\/pladurgell\/wp-json\/wp\/v2\/types\/post"}],"author":[{"embeddable":true,"href":"https:\/\/serveiseducatius.xtec.cat\/pladurgell\/wp-json\/wp\/v2\/users\/1"}],"replies":[{"embeddable":true,"href":"https:\/\/serveiseducatius.xtec.cat\/pladurgell\/wp-json\/wp\/v2\/comments?post=13502"}],"version-history":[{"count":3,"href":"https:\/\/serveiseducatius.xtec.cat\/pladurgell\/wp-json\/wp\/v2\/posts\/13502\/revisions"}],"predecessor-version":[{"id":13897,"href":"https:\/\/serveiseducatius.xtec.cat\/pladurgell\/wp-json\/wp\/v2\/posts\/13502\/revisions\/13897"}],"wp:featuredmedia":[{"embeddable":true,"href":"https:\/\/serveiseducatius.xtec.cat\/pladurgell\/wp-json\/wp\/v2\/media\/13249"}],"wp:attachment":[{"href":"https:\/\/serveiseducatius.xtec.cat\/pladurgell\/wp-json\/wp\/v2\/media?parent=13502"}],"wp:term":[{"taxonomy":"category","embeddable":true,"href":"https:\/\/serveiseducatius.xtec.cat\/pladurgell\/wp-json\/wp\/v2\/categories?post=13502"},{"taxonomy":"post_tag","embeddable":true,"href":"https:\/\/serveiseducatius.xtec.cat\/pladurgell\/wp-json\/wp\/v2\/tags?post=13502"}],"curies":[{"name":"wp","href":"https:\/\/api.w.org\/{rel}","templated":true}]}}